{"id":44894,"date":"2026-09-03T08:19:19","date_gmt":"2026-09-03T06:19:19","guid":{"rendered":"https:\/\/www.deepseareporter.com\/?p=44894"},"modified":"2026-09-03T08:19:20","modified_gmt":"2026-09-03T06:19:20","slug":"stark-el-nino-haller-i-sig-till-februari","status":"publish","type":"post","link":"https:\/\/www.deepseareporter.com\/sv\/stark-el-nino-haller-i-sig-till-februari\/","title":{"rendered":"Stark El Ni\u00f1o h\u00e5ller i sig till februari"},"content":{"rendered":"\n<p><strong>V\u00e4derfenomenet El Ni\u00f1o p\u00e5g\u00e5r f\u00f6r fullt, och v\u00e4ntas orsaka v\u00e4derst\u00f6rningar till \u00e5tminstone februari n\u00e4sta \u00e5r, enligt V\u00e4rldsmeteorologiska organisationen (WMO).<\/strong><\/p>\n\n\n\n<p>El Ni\u00f1o \u00e4r ett naturligt \u00e5terkommande fenomen i Stilla havet, som f\u00e5r kraftig p\u00e5verkan p\u00e5 v\u00e4der i en stor del av v\u00e4rlden. En ny analys av WMO sl\u00e5r fast att fenomenet kommer att intensifieras och f\u00e5 stor betydelse f\u00f6r regn och temperaturer, med \u00f6kade risker f\u00f6r \u00f6versv\u00e4mningar p\u00e5 vissa platser, men ocks\u00e5 torka och extremhetta p\u00e5 andra h\u00e5ll.<\/p>\n\n\n\n<p>Risken att El Ni\u00f1o h\u00e5ller i sig till minst februari n\u00e4sta \u00e5r \u00e4r i princip hundraprocentig, \u00e4ven om toppen ber\u00e4knas n\u00e5s kring \u00e5rsskiftet.<\/p>\n\n\n\n<h2 class=\"wp-block-heading\" id=\"h-redan-storningar\">Redan st\u00f6rningar<\/h2>\n\n\n\n<p>Namnet p\u00e5 fenomenet \u2013 gossebarnet \u2013 syftar p\u00e5 Jesusbarnets f\u00f6delse, juletid, d\u00e5 El Ni\u00f1o brukar vara som kraftigast. Men det gulliga namnet till trots kan El Ni\u00f1o sl\u00e5 massivt mot samh\u00e4llen och ekonomier v\u00e4rlden \u00f6ver, varnar WMO-chefen Celeste Saulo i ett pressmeddelande:<\/p>\n\n\n\n<p>\u201dVi ser redan st\u00f6rningar och f\u00f6r\u00f6delse till f\u00f6ljd av torka och \u00f6versv\u00e4mningar, och vi v\u00e4ntar oss att dessa konsekvenser \u00f6kar i takt med att El Ni\u00f1o intensifieras\u201d, s\u00e4ger hon.<\/p>\n\n\n\n<p>El Ni\u00f1o handlar om att vindarna \u00f6ver Stilla havet stannar upp eller v\u00e4nder \u00f6sterut, vilket f\u00e5r varmt ytvatten att spridas mot v\u00e4stra delen av Sydamerika.<\/p>\n\n\n\n<figure class=\"wp-block-image size-large\"><img loading=\"lazy\" decoding=\"async\" width=\"1280\" height=\"750\" src=\"https:\/\/www.deepseareporter.com\/wp-content\/uploads\/2026\/09\/260903-wmo1-c22d28b5-a002nh-1280x750.jpeg\" alt=\"\" class=\"wp-image-44898\" srcset=\"https:\/\/www.deepseareporter.com\/wp-content\/uploads\/2026\/09\/260903-wmo1-c22d28b5-a002nh-1280x750.jpeg 1280w, https:\/\/www.deepseareporter.com\/wp-content\/uploads\/2026\/09\/260903-wmo1-c22d28b5-a002nh-720x422.jpeg 720w, https:\/\/www.deepseareporter.com\/wp-content\/uploads\/2026\/09\/260903-wmo1-c22d28b5-a002nh-768x450.jpeg 768w, https:\/\/www.deepseareporter.com\/wp-content\/uploads\/2026\/09\/260903-wmo1-c22d28b5-a002nh-1536x900.jpeg 1536w, https:\/\/www.deepseareporter.com\/wp-content\/uploads\/2026\/09\/260903-wmo1-c22d28b5-a002nh.jpeg 2000w\" sizes=\"auto, (max-width: 1280px) 100vw, 1280px\" \/><figcaption class=\"wp-element-caption\">Grafik: Anders Humlebo\/TT<br>El Ni\u00f1o \u00e4r ett v\u00e4derfenomen i Stilla havet med f\u00f6r\u00e4ndringar i ytvattentemperatur och passadvindar som medf\u00f6r stor p\u00e5verkan p\u00e5 fiske och jordbruk.<\/figcaption><\/figure>\n\n\n\n<h2 class=\"wp-block-heading\" id=\"h-varre-med-klimatforandringarna\">V\u00e4rre med klimatf\u00f6r\u00e4ndringarna<\/h2>\n\n\n\n<p>Den komplexa interaktionen med atmosf\u00e4ren leder normalt till torrare v\u00e4der \u00f6ver Amazonas, ett varmare Karibien och nordv\u00e4stra Nordamerika, medan s\u00f6dra USA blir kallare och bl\u00f6tare. Varmt och torrt blir det vanligtvis i Sydostasien, medan stora delar av Australien ocks\u00e5 blir torrt och varmt.<\/p>\n\n\n\n<p>Forskare har haft sv\u00e5rt att se kopplingar till klimatf\u00f6r\u00e4ndringarna eftersom fenomenet i sig varierar, men en f\u00e4rsk studie som publicerades i Science tyder p\u00e5 att El Ni\u00f1o intensifieras i en varmare v\u00e4rld, och att variationen redan \u00e4r 37 procent st\u00f6rre \u00e4n i en f\u00f6rindustriell v\u00e4rld.<\/p>\n\n\n\n<p><\/p>\n","protected":false},"excerpt":{"rendered":"<p>V\u00e4derfenomenet El Ni\u00f1o p\u00e5g\u00e5r f\u00f6r fullt, och v\u00e4ntas orsaka v\u00e4derst\u00f6rningar till \u00e5tminstone februari n\u00e4sta \u00e5r, enligt V\u00e4rldsmeteorologiska organisationen (WMO).<\/p>\n","protected":false},"author":4,"featured_media":44896,"comment_status":"closed","ping_status":"closed","sticky":false,"template":"","format":"standard","meta":{"_acf_changed":false,"footnotes":""},"categories":[580,244],"tags":[1288,339,369,2811],"class_list":["post-44894","post","type-post","status-publish","format-standard","has-post-thumbnail","hentry","category-internationellt","category-klimat-och-miljo","tag-el-nino","tag-klimatforandringar","tag-stilla-havet","tag-wmo-2"],"acf":[],"yoast_head":"<!-- This site is optimized with the Yoast SEO Premium plugin v27.0 (Yoast SEO v27.0) - https:\/\/yoast.com\/product\/yoast-seo-premium-wordpress\/ -->\n<title>Stark El Ni\u00f1o h\u00e5ller i sig till februari - Deep Sea Reporter<\/title>\n<meta name=\"description\" content=\"V\u00e4derfenomenet El Ni\u00f1o p\u00e5g\u00e5r f\u00f6r fullt, och v\u00e4ntas orsaka v\u00e4derst\u00f6rningar till \u00e5tminstone februari n\u00e4sta \u00e5r, enligt V\u00e4rldsmeteorologiska organisationen (WMO).\" \/>\n<meta name=\"robots\" content=\"index, follow, max-snippet:-1, max-image-preview:large, max-video-preview:-1\" \/>\n<link rel=\"canonical\" href=\"https:\/\/www.deepseareporter.com\/sv\/stark-el-nino-haller-i-sig-till-februari\/\" \/>\n<meta property=\"og:locale\" content=\"sv_SE\" \/>\n<meta property=\"og:type\" content=\"article\" \/>\n<meta property=\"og:title\" content=\"Stark El Ni\u00f1o h\u00e5ller i sig till februari - Deep Sea Reporter\" \/>\n<meta property=\"og:description\" content=\"V\u00e4derfenomenet El Ni\u00f1o p\u00e5g\u00e5r f\u00f6r fullt, och v\u00e4ntas orsaka v\u00e4derst\u00f6rningar till \u00e5tminstone februari n\u00e4sta \u00e5r, enligt V\u00e4rldsmeteorologiska organisationen (WMO).\" \/>\n<meta property=\"og:url\" content=\"https:\/\/www.deepseareporter.com\/sv\/stark-el-nino-haller-i-sig-till-februari\/\" \/>\n<meta property=\"og:site_name\" content=\"Deep Sea Reporter\" \/>\n<meta property=\"article:published_time\" content=\"2026-09-03T06:19:19+00:00\" \/>\n<meta property=\"article:modified_time\" content=\"2026-09-03T06:19:20+00:00\" \/>\n<meta property=\"og:image\" content=\"https:\/\/www.deepseareporter.com\/wp-content\/uploads\/2026\/09\/260903-wmo1-c22d28b5-a001nh.jpeg\" \/>\n\t<meta property=\"og:image:width\" content=\"1700\" \/>\n\t<meta property=\"og:image:height\" content=\"1133\" \/>\n\t<meta property=\"og:image:type\" content=\"image\/jpeg\" \/>\n<meta name=\"author\" content=\"Lena Scherman\" \/>\n<meta name=\"twitter:card\" content=\"summary_large_image\" \/>\n<meta name=\"twitter:label1\" content=\"Skriven av\" \/>\n\t<meta name=\"twitter:data1\" content=\"Lena Scherman\" \/>\n\t<meta name=\"twitter:label2\" content=\"Ber\u00e4knad l\u00e4stid\" \/>\n\t<meta name=\"twitter:data2\" content=\"2 minuter\" \/>\n<script type=\"application\/ld+json\" class=\"yoast-schema-graph\">{\"@context\":\"https:\/\/schema.org\",\"@graph\":[{\"@type\":\"Article\",\"@id\":\"https:\/\/www.deepseareporter.com\/sv\/stark-el-nino-haller-i-sig-till-februari\/#article\",\"isPartOf\":{\"@id\":\"https:\/\/www.deepseareporter.com\/sv\/stark-el-nino-haller-i-sig-till-februari\/\"},\"author\":{\"name\":\"Lena Scherman\",\"@id\":\"https:\/\/www.deepseareporter.com\/#\/schema\/person\/8440c67b5dda5c5ae6c70162fedbd434\"},\"headline\":\"Stark El Ni\u00f1o h\u00e5ller i sig till februari\",\"datePublished\":\"2026-09-03T06:19:19+00:00\",\"dateModified\":\"2026-09-03T06:19:20+00:00\",\"mainEntityOfPage\":{\"@id\":\"https:\/\/www.deepseareporter.com\/sv\/stark-el-nino-haller-i-sig-till-februari\/\"},\"wordCount\":387,\"publisher\":{\"@id\":\"https:\/\/www.deepseareporter.com\/#organization\"},\"image\":{\"@id\":\"https:\/\/www.deepseareporter.com\/sv\/stark-el-nino-haller-i-sig-till-februari\/#primaryimage\"},\"thumbnailUrl\":\"https:\/\/www.deepseareporter.com\/wp-content\/uploads\/2026\/09\/260903-wmo1-c22d28b5-a001nh.jpeg\",\"keywords\":[\"El Ni\u00f1o\",\"Klimatf\u00f6r\u00e4ndringar\",\"Stilla Havet\",\"WMO\"],\"articleSection\":[\"Internationellt\",\"Klimat och Milj\u00f6\"],\"inLanguage\":\"sv-SE\"},{\"@type\":\"WebPage\",\"@id\":\"https:\/\/www.deepseareporter.com\/sv\/stark-el-nino-haller-i-sig-till-februari\/\",\"url\":\"https:\/\/www.deepseareporter.com\/sv\/stark-el-nino-haller-i-sig-till-februari\/\",\"name\":\"Stark El Ni\u00f1o h\u00e5ller i sig till februari - Deep Sea Reporter\",\"isPartOf\":{\"@id\":\"https:\/\/www.deepseareporter.com\/#website\"},\"primaryImageOfPage\":{\"@id\":\"https:\/\/www.deepseareporter.com\/sv\/stark-el-nino-haller-i-sig-till-februari\/#primaryimage\"},\"image\":{\"@id\":\"https:\/\/www.deepseareporter.com\/sv\/stark-el-nino-haller-i-sig-till-februari\/#primaryimage\"},\"thumbnailUrl\":\"https:\/\/www.deepseareporter.com\/wp-content\/uploads\/2026\/09\/260903-wmo1-c22d28b5-a001nh.jpeg\",\"datePublished\":\"2026-09-03T06:19:19+00:00\",\"dateModified\":\"2026-09-03T06:19:20+00:00\",\"description\":\"V\u00e4derfenomenet El Ni\u00f1o p\u00e5g\u00e5r f\u00f6r fullt, och v\u00e4ntas orsaka v\u00e4derst\u00f6rningar till \u00e5tminstone februari n\u00e4sta \u00e5r, enligt V\u00e4rldsmeteorologiska organisationen (WMO).\",\"breadcrumb\":{\"@id\":\"https:\/\/www.deepseareporter.com\/sv\/stark-el-nino-haller-i-sig-till-februari\/#breadcrumb\"},\"inLanguage\":\"sv-SE\",\"potentialAction\":[{\"@type\":\"ReadAction\",\"target\":[\"https:\/\/www.deepseareporter.com\/sv\/stark-el-nino-haller-i-sig-till-februari\/\"]}]},{\"@type\":\"ImageObject\",\"inLanguage\":\"sv-SE\",\"@id\":\"https:\/\/www.deepseareporter.com\/sv\/stark-el-nino-haller-i-sig-till-februari\/#primaryimage\",\"url\":\"https:\/\/www.deepseareporter.com\/wp-content\/uploads\/2026\/09\/260903-wmo1-c22d28b5-a001nh.jpeg\",\"contentUrl\":\"https:\/\/www.deepseareporter.com\/wp-content\/uploads\/2026\/09\/260903-wmo1-c22d28b5-a001nh.jpeg\",\"width\":1700,\"height\":1133,\"caption\":\"FILE - People walk through a part of the Amazon River that shows signs of drought in Santa Sofia, on the outskirts of Leticia, Colombia, Oct. 20, 2024. (AP Photo\/Ivan Valencia, File) CLI403\"},{\"@type\":\"BreadcrumbList\",\"@id\":\"https:\/\/www.deepseareporter.com\/sv\/stark-el-nino-haller-i-sig-till-februari\/#breadcrumb\",\"itemListElement\":[{\"@type\":\"ListItem\",\"position\":1,\"name\":\"Hem\",\"item\":\"https:\/\/www.deepseareporter.com\/sv\/\"},{\"@type\":\"ListItem\",\"position\":2,\"name\":\"Stark El Ni\u00f1o h\u00e5ller i sig till februari\"}]},{\"@type\":\"WebSite\",\"@id\":\"https:\/\/www.deepseareporter.com\/#website\",\"url\":\"https:\/\/www.deepseareporter.com\/\",\"name\":\"Deep Sea Reporter\",\"description\":\"Ett digitalt magasin om havet\",\"publisher\":{\"@id\":\"https:\/\/www.deepseareporter.com\/#organization\"},\"potentialAction\":[{\"@type\":\"SearchAction\",\"target\":{\"@type\":\"EntryPoint\",\"urlTemplate\":\"https:\/\/www.deepseareporter.com\/?s={search_term_string}\"},\"query-input\":{\"@type\":\"PropertyValueSpecification\",\"valueRequired\":true,\"valueName\":\"search_term_string\"}}],\"inLanguage\":\"sv-SE\"},{\"@type\":\"Organization\",\"@id\":\"https:\/\/www.deepseareporter.com\/#organization\",\"name\":\"Deep Sea Reporter\",\"url\":\"https:\/\/www.deepseareporter.com\/\",\"logo\":{\"@type\":\"ImageObject\",\"inLanguage\":\"sv-SE\",\"@id\":\"https:\/\/www.deepseareporter.com\/#\/schema\/logo\/image\/\",\"url\":\"https:\/\/www.deepseareporter.com\/wp-content\/uploads\/2024\/10\/dsr-bla-ny-logga.svg\",\"contentUrl\":\"https:\/\/www.deepseareporter.com\/wp-content\/uploads\/2024\/10\/dsr-bla-ny-logga.svg\",\"width\":834,\"height\":504,\"caption\":\"Deep Sea Reporter\"},\"image\":{\"@id\":\"https:\/\/www.deepseareporter.com\/#\/schema\/logo\/image\/\"}},{\"@type\":\"Person\",\"@id\":\"https:\/\/www.deepseareporter.com\/#\/schema\/person\/8440c67b5dda5c5ae6c70162fedbd434\",\"name\":\"Lena Scherman\"}]}<\/script>\n<!-- \/ Yoast SEO Premium plugin. -->","yoast_head_json":{"title":"Stark El Ni\u00f1o h\u00e5ller i sig till februari - Deep Sea Reporter","description":"V\u00e4derfenomenet El Ni\u00f1o p\u00e5g\u00e5r f\u00f6r fullt, och v\u00e4ntas orsaka v\u00e4derst\u00f6rningar till \u00e5tminstone februari n\u00e4sta \u00e5r, enligt V\u00e4rldsmeteorologiska organisationen (WMO).","robots":{"index":"index","follow":"follow","max-snippet":"max-snippet:-1","max-image-preview":"max-image-preview:large","max-video-preview":"max-video-preview:-1"},"canonical":"https:\/\/www.deepseareporter.com\/sv\/stark-el-nino-haller-i-sig-till-februari\/","og_locale":"sv_SE","og_type":"article","og_title":"Stark El Ni\u00f1o h\u00e5ller i sig till februari - Deep Sea Reporter","og_description":"V\u00e4derfenomenet El Ni\u00f1o p\u00e5g\u00e5r f\u00f6r fullt, och v\u00e4ntas orsaka v\u00e4derst\u00f6rningar till \u00e5tminstone februari n\u00e4sta \u00e5r, enligt V\u00e4rldsmeteorologiska organisationen (WMO).","og_url":"https:\/\/www.deepseareporter.com\/sv\/stark-el-nino-haller-i-sig-till-februari\/","og_site_name":"Deep Sea Reporter","article_published_time":"2026-09-03T06:19:19+00:00","article_modified_time":"2026-09-03T06:19:20+00:00","og_image":[{"width":1700,"height":1133,"url":"https:\/\/www.deepseareporter.com\/wp-content\/uploads\/2026\/09\/260903-wmo1-c22d28b5-a001nh.jpeg","type":"image\/jpeg"}],"author":"Lena Scherman","twitter_card":"summary_large_image","twitter_misc":{"Skriven av":"Lena Scherman","Ber\u00e4knad l\u00e4stid":"2 minuter"},"schema":{"@context":"https:\/\/schema.org","@graph":[{"@type":"Article","@id":"https:\/\/www.deepseareporter.com\/sv\/stark-el-nino-haller-i-sig-till-februari\/#article","isPartOf":{"@id":"https:\/\/www.deepseareporter.com\/sv\/stark-el-nino-haller-i-sig-till-februari\/"},"author":{"name":"Lena Scherman","@id":"https:\/\/www.deepseareporter.com\/#\/schema\/person\/8440c67b5dda5c5ae6c70162fedbd434"},"headline":"Stark El Ni\u00f1o h\u00e5ller i sig till februari","datePublished":"2026-09-03T06:19:19+00:00","dateModified":"2026-09-03T06:19:20+00:00","mainEntityOfPage":{"@id":"https:\/\/www.deepseareporter.com\/sv\/stark-el-nino-haller-i-sig-till-februari\/"},"wordCount":387,"publisher":{"@id":"https:\/\/www.deepseareporter.com\/#organization"},"image":{"@id":"https:\/\/www.deepseareporter.com\/sv\/stark-el-nino-haller-i-sig-till-februari\/#primaryimage"},"thumbnailUrl":"https:\/\/www.deepseareporter.com\/wp-content\/uploads\/2026\/09\/260903-wmo1-c22d28b5-a001nh.jpeg","keywords":["El Ni\u00f1o","Klimatf\u00f6r\u00e4ndringar","Stilla Havet","WMO"],"articleSection":["Internationellt","Klimat och Milj\u00f6"],"inLanguage":"sv-SE"},{"@type":"WebPage","@id":"https:\/\/www.deepseareporter.com\/sv\/stark-el-nino-haller-i-sig-till-februari\/","url":"https:\/\/www.deepseareporter.com\/sv\/stark-el-nino-haller-i-sig-till-februari\/","name":"Stark El Ni\u00f1o h\u00e5ller i sig till februari - Deep Sea Reporter","isPartOf":{"@id":"https:\/\/www.deepseareporter.com\/#website"},"primaryImageOfPage":{"@id":"https:\/\/www.deepseareporter.com\/sv\/stark-el-nino-haller-i-sig-till-februari\/#primaryimage"},"image":{"@id":"https:\/\/www.deepseareporter.com\/sv\/stark-el-nino-haller-i-sig-till-februari\/#primaryimage"},"thumbnailUrl":"https:\/\/www.deepseareporter.com\/wp-content\/uploads\/2026\/09\/260903-wmo1-c22d28b5-a001nh.jpeg","datePublished":"2026-09-03T06:19:19+00:00","dateModified":"2026-09-03T06:19:20+00:00","description":"V\u00e4derfenomenet El Ni\u00f1o p\u00e5g\u00e5r f\u00f6r fullt, och v\u00e4ntas orsaka v\u00e4derst\u00f6rningar till \u00e5tminstone februari n\u00e4sta \u00e5r, enligt V\u00e4rldsmeteorologiska organisationen (WMO).","breadcrumb":{"@id":"https:\/\/www.deepseareporter.com\/sv\/stark-el-nino-haller-i-sig-till-februari\/#breadcrumb"},"inLanguage":"sv-SE","potentialAction":[{"@type":"ReadAction","target":["https:\/\/www.deepseareporter.com\/sv\/stark-el-nino-haller-i-sig-till-februari\/"]}]},{"@type":"ImageObject","inLanguage":"sv-SE","@id":"https:\/\/www.deepseareporter.com\/sv\/stark-el-nino-haller-i-sig-till-februari\/#primaryimage","url":"https:\/\/www.deepseareporter.com\/wp-content\/uploads\/2026\/09\/260903-wmo1-c22d28b5-a001nh.jpeg","contentUrl":"https:\/\/www.deepseareporter.com\/wp-content\/uploads\/2026\/09\/260903-wmo1-c22d28b5-a001nh.jpeg","width":1700,"height":1133,"caption":"FILE - People walk through a part of the Amazon River that shows signs of drought in Santa Sofia, on the outskirts of Leticia, Colombia, Oct. 20, 2024. (AP Photo\/Ivan Valencia, File) CLI403"},{"@type":"BreadcrumbList","@id":"https:\/\/www.deepseareporter.com\/sv\/stark-el-nino-haller-i-sig-till-februari\/#breadcrumb","itemListElement":[{"@type":"ListItem","position":1,"name":"Hem","item":"https:\/\/www.deepseareporter.com\/sv\/"},{"@type":"ListItem","position":2,"name":"Stark El Ni\u00f1o h\u00e5ller i sig till februari"}]},{"@type":"WebSite","@id":"https:\/\/www.deepseareporter.com\/#website","url":"https:\/\/www.deepseareporter.com\/","name":"Deep Sea Reporter","description":"Ett digitalt magasin om havet","publisher":{"@id":"https:\/\/www.deepseareporter.com\/#organization"},"potentialAction":[{"@type":"SearchAction","target":{"@type":"EntryPoint","urlTemplate":"https:\/\/www.deepseareporter.com\/?s={search_term_string}"},"query-input":{"@type":"PropertyValueSpecification","valueRequired":true,"valueName":"search_term_string"}}],"inLanguage":"sv-SE"},{"@type":"Organization","@id":"https:\/\/www.deepseareporter.com\/#organization","name":"Deep Sea Reporter","url":"https:\/\/www.deepseareporter.com\/","logo":{"@type":"ImageObject","inLanguage":"sv-SE","@id":"https:\/\/www.deepseareporter.com\/#\/schema\/logo\/image\/","url":"https:\/\/www.deepseareporter.com\/wp-content\/uploads\/2024\/10\/dsr-bla-ny-logga.svg","contentUrl":"https:\/\/www.deepseareporter.com\/wp-content\/uploads\/2024\/10\/dsr-bla-ny-logga.svg","width":834,"height":504,"caption":"Deep Sea Reporter"},"image":{"@id":"https:\/\/www.deepseareporter.com\/#\/schema\/logo\/image\/"}},{"@type":"Person","@id":"https:\/\/www.deepseareporter.com\/#\/schema\/person\/8440c67b5dda5c5ae6c70162fedbd434","name":"Lena Scherman"}]}},"_links":{"self":[{"href":"https:\/\/www.deepseareporter.com\/sv\/wp-json\/wp\/v2\/posts\/44894","targetHints":{"allow":["GET"]}}],"collection":[{"href":"https:\/\/www.deepseareporter.com\/sv\/wp-json\/wp\/v2\/posts"}],"about":[{"href":"https:\/\/www.deepseareporter.com\/sv\/wp-json\/wp\/v2\/types\/post"}],"author":[{"embeddable":true,"href":"https:\/\/www.deepseareporter.com\/sv\/wp-json\/wp\/v2\/users\/4"}],"replies":[{"embeddable":true,"href":"https:\/\/www.deepseareporter.com\/sv\/wp-json\/wp\/v2\/comments?post=44894"}],"version-history":[{"count":1,"href":"https:\/\/www.deepseareporter.com\/sv\/wp-json\/wp\/v2\/posts\/44894\/revisions"}],"predecessor-version":[{"id":44900,"href":"https:\/\/www.deepseareporter.com\/sv\/wp-json\/wp\/v2\/posts\/44894\/revisions\/44900"}],"wp:featuredmedia":[{"embeddable":true,"href":"https:\/\/www.deepseareporter.com\/sv\/wp-json\/wp\/v2\/media\/44896"}],"wp:attachment":[{"href":"https:\/\/www.deepseareporter.com\/sv\/wp-json\/wp\/v2\/media?parent=44894"}],"wp:term":[{"taxonomy":"category","embeddable":true,"href":"https:\/\/www.deepseareporter.com\/sv\/wp-json\/wp\/v2\/categories?post=44894"},{"taxonomy":"post_tag","embeddable":true,"href":"https:\/\/www.deepseareporter.com\/sv\/wp-json\/wp\/v2\/tags?post=44894"}],"curies":[{"name":"wp","href":"https:\/\/api.w.org\/{rel}","templated":true}]}}