{"id":44856,"date":"2026-08-31T08:50:52","date_gmt":"2026-08-31T06:50:52","guid":{"rendered":"https:\/\/www.deepseareporter.com\/?p=44856"},"modified":"2026-08-31T08:50:55","modified_gmt":"2026-08-31T06:50:55","slug":"ny-studie-el-nino-forstarks-av-klimatforandringar","status":"publish","type":"post","link":"https:\/\/www.deepseareporter.com\/sv\/ny-studie-el-nino-forstarks-av-klimatforandringar\/","title":{"rendered":"Ny studie: El Ni\u00f1o f\u00f6rst\u00e4rks av klimatf\u00f6r\u00e4ndringar"},"content":{"rendered":"\n<h2 class=\"wp-block-heading\" id=\"h-vaderfenomenet-el-nino-vaxer-sig-starkare-pa-grund-av-klimatforandringarna-enligt-en-ny-studie\">V\u00e4derfenomenet El Ni\u00f1o v\u00e4xer sig starkare p\u00e5 grund av klimatf\u00f6r\u00e4ndringarna, enligt en ny studie.<\/h2>\n\n\n\n<p>El Ni\u00f1o-h\u00e4ndelserna \u00e4r omkring 36 procent kraftigare \u00e4n de var f\u00f6re industrialiseringen. Och den utvecklingen har accelererat de senaste fyra \u00e5rtiondena.<\/p>\n\n\n\n<p>Detta enligt den nya studien, som publicerades p\u00e5 torsdagen i den vetenskapliga tidskriften Science.<\/p>\n\n\n\n<p>Forskningsresultaten kommer samtidigt som \u00e5rets El Ni\u00f1o de kommande m\u00e5naderna sp\u00e5s bli den kraftigaste som hittills uppm\u00e4tts.<\/p>\n\n\n\n<p>El Ni\u00f1o, som i genomsnitt intr\u00e4ffar vartannat till vart sjunde \u00e5r, v\u00e4rmer upp ytvattnet i de \u00f6stra delarna av Stilla havet. Det inneb\u00e4r fler extrema v\u00e4derh\u00e4ndelser, ofta med torka p\u00e5 vissa h\u00e5ll i v\u00e4rlden och \u00f6versv\u00e4mningar p\u00e5 andra platser.<\/p>\n","protected":false},"excerpt":{"rendered":"<p>V\u00e4derfenomenet El Ni\u00f1o v\u00e4xer sig starkare p\u00e5 grund av klimatf\u00f6r\u00e4ndringarna, enligt en ny studie.<\/p>\n","protected":false},"author":4,"featured_media":44857,"comment_status":"closed","ping_status":"closed","sticky":false,"template":"","format":"standard","meta":{"_acf_changed":false,"footnotes":""},"categories":[235,252,580,244],"tags":[1288,1249,339,4878,369],"class_list":["post-44856","post","type-post","status-publish","format-standard","has-post-thumbnail","hentry","category-fiske","category-forskning","category-internationellt","category-klimat-och-miljo","tag-el-nino","tag-klimat-och-miljo","tag-klimatforandringar","tag-science","tag-stilla-havet"],"acf":[],"yoast_head":"<!-- This site is optimized with the Yoast SEO Premium plugin v27.0 (Yoast SEO v27.0) - https:\/\/yoast.com\/product\/yoast-seo-premium-wordpress\/ -->\n<title>Ny studie: El Ni\u00f1o f\u00f6rst\u00e4rks av klimatf\u00f6r\u00e4ndringar - Deep Sea Reporter<\/title>\n<meta name=\"description\" content=\"V\u00e4derfenomenet El Ni\u00f1o v\u00e4xer sig starkare p\u00e5 grund av klimatf\u00f6r\u00e4ndringarna, enligt en ny studie.\" \/>\n<meta name=\"robots\" content=\"index, follow, max-snippet:-1, max-image-preview:large, max-video-preview:-1\" \/>\n<link rel=\"canonical\" href=\"https:\/\/www.deepseareporter.com\/sv\/ny-studie-el-nino-forstarks-av-klimatforandringar\/\" \/>\n<meta property=\"og:locale\" content=\"sv_SE\" \/>\n<meta property=\"og:type\" content=\"article\" \/>\n<meta property=\"og:title\" content=\"Ny studie: El Ni\u00f1o f\u00f6rst\u00e4rks av klimatf\u00f6r\u00e4ndringar - Deep Sea Reporter\" \/>\n<meta property=\"og:description\" content=\"V\u00e4derfenomenet El Ni\u00f1o v\u00e4xer sig starkare p\u00e5 grund av klimatf\u00f6r\u00e4ndringarna, enligt en ny studie.\" \/>\n<meta property=\"og:url\" content=\"https:\/\/www.deepseareporter.com\/sv\/ny-studie-el-nino-forstarks-av-klimatforandringar\/\" \/>\n<meta property=\"og:site_name\" content=\"Deep Sea Reporter\" \/>\n<meta property=\"article:published_time\" content=\"2026-08-31T06:50:52+00:00\" \/>\n<meta property=\"article:modified_time\" content=\"2026-08-31T06:50:55+00:00\" \/>\n<meta property=\"og:image\" content=\"https:\/\/www.deepseareporter.com\/wp-content\/uploads\/2026\/08\/260827-elnino1-aa2cfab8-a001nh.jpeg\" \/>\n\t<meta property=\"og:image:width\" content=\"1500\" \/>\n\t<meta property=\"og:image:height\" content=\"1000\" \/>\n\t<meta property=\"og:image:type\" content=\"image\/jpeg\" \/>\n<meta name=\"author\" content=\"Lena Scherman\" \/>\n<meta name=\"twitter:card\" content=\"summary_large_image\" \/>\n<meta name=\"twitter:label1\" content=\"Skriven av\" \/>\n\t<meta name=\"twitter:data1\" content=\"Lena Scherman\" \/>\n\t<meta name=\"twitter:label2\" content=\"Ber\u00e4knad l\u00e4stid\" \/>\n\t<meta name=\"twitter:data2\" content=\"1 minut\" \/>\n<script type=\"application\/ld+json\" class=\"yoast-schema-graph\">{\"@context\":\"https:\/\/schema.org\",\"@graph\":[{\"@type\":\"Article\",\"@id\":\"https:\/\/www.deepseareporter.com\/sv\/ny-studie-el-nino-forstarks-av-klimatforandringar\/#article\",\"isPartOf\":{\"@id\":\"https:\/\/www.deepseareporter.com\/sv\/ny-studie-el-nino-forstarks-av-klimatforandringar\/\"},\"author\":{\"name\":\"Lena Scherman\",\"@id\":\"https:\/\/www.deepseareporter.com\/#\/schema\/person\/8440c67b5dda5c5ae6c70162fedbd434\"},\"headline\":\"Ny studie: El Ni\u00f1o f\u00f6rst\u00e4rks av klimatf\u00f6r\u00e4ndringar\",\"datePublished\":\"2026-08-31T06:50:52+00:00\",\"dateModified\":\"2026-08-31T06:50:55+00:00\",\"mainEntityOfPage\":{\"@id\":\"https:\/\/www.deepseareporter.com\/sv\/ny-studie-el-nino-forstarks-av-klimatforandringar\/\"},\"wordCount\":137,\"publisher\":{\"@id\":\"https:\/\/www.deepseareporter.com\/#organization\"},\"image\":{\"@id\":\"https:\/\/www.deepseareporter.com\/sv\/ny-studie-el-nino-forstarks-av-klimatforandringar\/#primaryimage\"},\"thumbnailUrl\":\"https:\/\/www.deepseareporter.com\/wp-content\/uploads\/2026\/08\/260827-elnino1-aa2cfab8-a001nh.jpeg\",\"keywords\":[\"El Ni\u00f1o\",\"klimat och milj\u00f6\",\"Klimatf\u00f6r\u00e4ndringar\",\"science\",\"Stilla Havet\"],\"articleSection\":[\"Fiske\",\"Forskning\",\"Internationellt\",\"Klimat och Milj\u00f6\"],\"inLanguage\":\"sv-SE\"},{\"@type\":\"WebPage\",\"@id\":\"https:\/\/www.deepseareporter.com\/sv\/ny-studie-el-nino-forstarks-av-klimatforandringar\/\",\"url\":\"https:\/\/www.deepseareporter.com\/sv\/ny-studie-el-nino-forstarks-av-klimatforandringar\/\",\"name\":\"Ny studie: El Ni\u00f1o f\u00f6rst\u00e4rks av klimatf\u00f6r\u00e4ndringar - Deep Sea Reporter\",\"isPartOf\":{\"@id\":\"https:\/\/www.deepseareporter.com\/#website\"},\"primaryImageOfPage\":{\"@id\":\"https:\/\/www.deepseareporter.com\/sv\/ny-studie-el-nino-forstarks-av-klimatforandringar\/#primaryimage\"},\"image\":{\"@id\":\"https:\/\/www.deepseareporter.com\/sv\/ny-studie-el-nino-forstarks-av-klimatforandringar\/#primaryimage\"},\"thumbnailUrl\":\"https:\/\/www.deepseareporter.com\/wp-content\/uploads\/2026\/08\/260827-elnino1-aa2cfab8-a001nh.jpeg\",\"datePublished\":\"2026-08-31T06:50:52+00:00\",\"dateModified\":\"2026-08-31T06:50:55+00:00\",\"description\":\"V\u00e4derfenomenet El Ni\u00f1o v\u00e4xer sig starkare p\u00e5 grund av klimatf\u00f6r\u00e4ndringarna, enligt en ny studie.\",\"breadcrumb\":{\"@id\":\"https:\/\/www.deepseareporter.com\/sv\/ny-studie-el-nino-forstarks-av-klimatforandringar\/#breadcrumb\"},\"inLanguage\":\"sv-SE\",\"potentialAction\":[{\"@type\":\"ReadAction\",\"target\":[\"https:\/\/www.deepseareporter.com\/sv\/ny-studie-el-nino-forstarks-av-klimatforandringar\/\"]}]},{\"@type\":\"ImageObject\",\"inLanguage\":\"sv-SE\",\"@id\":\"https:\/\/www.deepseareporter.com\/sv\/ny-studie-el-nino-forstarks-av-klimatforandringar\/#primaryimage\",\"url\":\"https:\/\/www.deepseareporter.com\/wp-content\/uploads\/2026\/08\/260827-elnino1-aa2cfab8-a001nh.jpeg\",\"contentUrl\":\"https:\/\/www.deepseareporter.com\/wp-content\/uploads\/2026\/08\/260827-elnino1-aa2cfab8-a001nh.jpeg\",\"width\":1500,\"height\":1000,\"caption\":\"FILE - Drought-stressed wheat plants stand adjacent to parched ground in a field near Macksville, Kan., May 16, 2026. (AP Photo\/Charlie Riedel, File) CLI604\"},{\"@type\":\"BreadcrumbList\",\"@id\":\"https:\/\/www.deepseareporter.com\/sv\/ny-studie-el-nino-forstarks-av-klimatforandringar\/#breadcrumb\",\"itemListElement\":[{\"@type\":\"ListItem\",\"position\":1,\"name\":\"Hem\",\"item\":\"https:\/\/www.deepseareporter.com\/sv\/\"},{\"@type\":\"ListItem\",\"position\":2,\"name\":\"Ny studie: El Ni\u00f1o f\u00f6rst\u00e4rks av klimatf\u00f6r\u00e4ndringar\"}]},{\"@type\":\"WebSite\",\"@id\":\"https:\/\/www.deepseareporter.com\/#website\",\"url\":\"https:\/\/www.deepseareporter.com\/\",\"name\":\"Deep Sea Reporter\",\"description\":\"Ett digitalt magasin om havet\",\"publisher\":{\"@id\":\"https:\/\/www.deepseareporter.com\/#organization\"},\"potentialAction\":[{\"@type\":\"SearchAction\",\"target\":{\"@type\":\"EntryPoint\",\"urlTemplate\":\"https:\/\/www.deepseareporter.com\/?s={search_term_string}\"},\"query-input\":{\"@type\":\"PropertyValueSpecification\",\"valueRequired\":true,\"valueName\":\"search_term_string\"}}],\"inLanguage\":\"sv-SE\"},{\"@type\":\"Organization\",\"@id\":\"https:\/\/www.deepseareporter.com\/#organization\",\"name\":\"Deep Sea Reporter\",\"url\":\"https:\/\/www.deepseareporter.com\/\",\"logo\":{\"@type\":\"ImageObject\",\"inLanguage\":\"sv-SE\",\"@id\":\"https:\/\/www.deepseareporter.com\/#\/schema\/logo\/image\/\",\"url\":\"https:\/\/www.deepseareporter.com\/wp-content\/uploads\/2024\/10\/dsr-bla-ny-logga.svg\",\"contentUrl\":\"https:\/\/www.deepseareporter.com\/wp-content\/uploads\/2024\/10\/dsr-bla-ny-logga.svg\",\"width\":834,\"height\":504,\"caption\":\"Deep Sea Reporter\"},\"image\":{\"@id\":\"https:\/\/www.deepseareporter.com\/#\/schema\/logo\/image\/\"}},{\"@type\":\"Person\",\"@id\":\"https:\/\/www.deepseareporter.com\/#\/schema\/person\/8440c67b5dda5c5ae6c70162fedbd434\",\"name\":\"Lena Scherman\"}]}<\/script>\n<!-- \/ Yoast SEO Premium plugin. -->","yoast_head_json":{"title":"Ny studie: El Ni\u00f1o f\u00f6rst\u00e4rks av klimatf\u00f6r\u00e4ndringar - Deep Sea Reporter","description":"V\u00e4derfenomenet El Ni\u00f1o v\u00e4xer sig starkare p\u00e5 grund av klimatf\u00f6r\u00e4ndringarna, enligt en ny studie.","robots":{"index":"index","follow":"follow","max-snippet":"max-snippet:-1","max-image-preview":"max-image-preview:large","max-video-preview":"max-video-preview:-1"},"canonical":"https:\/\/www.deepseareporter.com\/sv\/ny-studie-el-nino-forstarks-av-klimatforandringar\/","og_locale":"sv_SE","og_type":"article","og_title":"Ny studie: El Ni\u00f1o f\u00f6rst\u00e4rks av klimatf\u00f6r\u00e4ndringar - Deep Sea Reporter","og_description":"V\u00e4derfenomenet El Ni\u00f1o v\u00e4xer sig starkare p\u00e5 grund av klimatf\u00f6r\u00e4ndringarna, enligt en ny studie.","og_url":"https:\/\/www.deepseareporter.com\/sv\/ny-studie-el-nino-forstarks-av-klimatforandringar\/","og_site_name":"Deep Sea Reporter","article_published_time":"2026-08-31T06:50:52+00:00","article_modified_time":"2026-08-31T06:50:55+00:00","og_image":[{"width":1500,"height":1000,"url":"https:\/\/www.deepseareporter.com\/wp-content\/uploads\/2026\/08\/260827-elnino1-aa2cfab8-a001nh.jpeg","type":"image\/jpeg"}],"author":"Lena Scherman","twitter_card":"summary_large_image","twitter_misc":{"Skriven av":"Lena Scherman","Ber\u00e4knad l\u00e4stid":"1 minut"},"schema":{"@context":"https:\/\/schema.org","@graph":[{"@type":"Article","@id":"https:\/\/www.deepseareporter.com\/sv\/ny-studie-el-nino-forstarks-av-klimatforandringar\/#article","isPartOf":{"@id":"https:\/\/www.deepseareporter.com\/sv\/ny-studie-el-nino-forstarks-av-klimatforandringar\/"},"author":{"name":"Lena Scherman","@id":"https:\/\/www.deepseareporter.com\/#\/schema\/person\/8440c67b5dda5c5ae6c70162fedbd434"},"headline":"Ny studie: El Ni\u00f1o f\u00f6rst\u00e4rks av klimatf\u00f6r\u00e4ndringar","datePublished":"2026-08-31T06:50:52+00:00","dateModified":"2026-08-31T06:50:55+00:00","mainEntityOfPage":{"@id":"https:\/\/www.deepseareporter.com\/sv\/ny-studie-el-nino-forstarks-av-klimatforandringar\/"},"wordCount":137,"publisher":{"@id":"https:\/\/www.deepseareporter.com\/#organization"},"image":{"@id":"https:\/\/www.deepseareporter.com\/sv\/ny-studie-el-nino-forstarks-av-klimatforandringar\/#primaryimage"},"thumbnailUrl":"https:\/\/www.deepseareporter.com\/wp-content\/uploads\/2026\/08\/260827-elnino1-aa2cfab8-a001nh.jpeg","keywords":["El Ni\u00f1o","klimat och milj\u00f6","Klimatf\u00f6r\u00e4ndringar","science","Stilla Havet"],"articleSection":["Fiske","Forskning","Internationellt","Klimat och Milj\u00f6"],"inLanguage":"sv-SE"},{"@type":"WebPage","@id":"https:\/\/www.deepseareporter.com\/sv\/ny-studie-el-nino-forstarks-av-klimatforandringar\/","url":"https:\/\/www.deepseareporter.com\/sv\/ny-studie-el-nino-forstarks-av-klimatforandringar\/","name":"Ny studie: El Ni\u00f1o f\u00f6rst\u00e4rks av klimatf\u00f6r\u00e4ndringar - Deep Sea Reporter","isPartOf":{"@id":"https:\/\/www.deepseareporter.com\/#website"},"primaryImageOfPage":{"@id":"https:\/\/www.deepseareporter.com\/sv\/ny-studie-el-nino-forstarks-av-klimatforandringar\/#primaryimage"},"image":{"@id":"https:\/\/www.deepseareporter.com\/sv\/ny-studie-el-nino-forstarks-av-klimatforandringar\/#primaryimage"},"thumbnailUrl":"https:\/\/www.deepseareporter.com\/wp-content\/uploads\/2026\/08\/260827-elnino1-aa2cfab8-a001nh.jpeg","datePublished":"2026-08-31T06:50:52+00:00","dateModified":"2026-08-31T06:50:55+00:00","description":"V\u00e4derfenomenet El Ni\u00f1o v\u00e4xer sig starkare p\u00e5 grund av klimatf\u00f6r\u00e4ndringarna, enligt en ny studie.","breadcrumb":{"@id":"https:\/\/www.deepseareporter.com\/sv\/ny-studie-el-nino-forstarks-av-klimatforandringar\/#breadcrumb"},"inLanguage":"sv-SE","potentialAction":[{"@type":"ReadAction","target":["https:\/\/www.deepseareporter.com\/sv\/ny-studie-el-nino-forstarks-av-klimatforandringar\/"]}]},{"@type":"ImageObject","inLanguage":"sv-SE","@id":"https:\/\/www.deepseareporter.com\/sv\/ny-studie-el-nino-forstarks-av-klimatforandringar\/#primaryimage","url":"https:\/\/www.deepseareporter.com\/wp-content\/uploads\/2026\/08\/260827-elnino1-aa2cfab8-a001nh.jpeg","contentUrl":"https:\/\/www.deepseareporter.com\/wp-content\/uploads\/2026\/08\/260827-elnino1-aa2cfab8-a001nh.jpeg","width":1500,"height":1000,"caption":"FILE - Drought-stressed wheat plants stand adjacent to parched ground in a field near Macksville, Kan., May 16, 2026. (AP Photo\/Charlie Riedel, File) CLI604"},{"@type":"BreadcrumbList","@id":"https:\/\/www.deepseareporter.com\/sv\/ny-studie-el-nino-forstarks-av-klimatforandringar\/#breadcrumb","itemListElement":[{"@type":"ListItem","position":1,"name":"Hem","item":"https:\/\/www.deepseareporter.com\/sv\/"},{"@type":"ListItem","position":2,"name":"Ny studie: El Ni\u00f1o f\u00f6rst\u00e4rks av klimatf\u00f6r\u00e4ndringar"}]},{"@type":"WebSite","@id":"https:\/\/www.deepseareporter.com\/#website","url":"https:\/\/www.deepseareporter.com\/","name":"Deep Sea Reporter","description":"Ett digitalt magasin om havet","publisher":{"@id":"https:\/\/www.deepseareporter.com\/#organization"},"potentialAction":[{"@type":"SearchAction","target":{"@type":"EntryPoint","urlTemplate":"https:\/\/www.deepseareporter.com\/?s={search_term_string}"},"query-input":{"@type":"PropertyValueSpecification","valueRequired":true,"valueName":"search_term_string"}}],"inLanguage":"sv-SE"},{"@type":"Organization","@id":"https:\/\/www.deepseareporter.com\/#organization","name":"Deep Sea Reporter","url":"https:\/\/www.deepseareporter.com\/","logo":{"@type":"ImageObject","inLanguage":"sv-SE","@id":"https:\/\/www.deepseareporter.com\/#\/schema\/logo\/image\/","url":"https:\/\/www.deepseareporter.com\/wp-content\/uploads\/2024\/10\/dsr-bla-ny-logga.svg","contentUrl":"https:\/\/www.deepseareporter.com\/wp-content\/uploads\/2024\/10\/dsr-bla-ny-logga.svg","width":834,"height":504,"caption":"Deep Sea Reporter"},"image":{"@id":"https:\/\/www.deepseareporter.com\/#\/schema\/logo\/image\/"}},{"@type":"Person","@id":"https:\/\/www.deepseareporter.com\/#\/schema\/person\/8440c67b5dda5c5ae6c70162fedbd434","name":"Lena Scherman"}]}},"_links":{"self":[{"href":"https:\/\/www.deepseareporter.com\/sv\/wp-json\/wp\/v2\/posts\/44856","targetHints":{"allow":["GET"]}}],"collection":[{"href":"https:\/\/www.deepseareporter.com\/sv\/wp-json\/wp\/v2\/posts"}],"about":[{"href":"https:\/\/www.deepseareporter.com\/sv\/wp-json\/wp\/v2\/types\/post"}],"author":[{"embeddable":true,"href":"https:\/\/www.deepseareporter.com\/sv\/wp-json\/wp\/v2\/users\/4"}],"replies":[{"embeddable":true,"href":"https:\/\/www.deepseareporter.com\/sv\/wp-json\/wp\/v2\/comments?post=44856"}],"version-history":[{"count":1,"href":"https:\/\/www.deepseareporter.com\/sv\/wp-json\/wp\/v2\/posts\/44856\/revisions"}],"predecessor-version":[{"id":44859,"href":"https:\/\/www.deepseareporter.com\/sv\/wp-json\/wp\/v2\/posts\/44856\/revisions\/44859"}],"wp:featuredmedia":[{"embeddable":true,"href":"https:\/\/www.deepseareporter.com\/sv\/wp-json\/wp\/v2\/media\/44857"}],"wp:attachment":[{"href":"https:\/\/www.deepseareporter.com\/sv\/wp-json\/wp\/v2\/media?parent=44856"}],"wp:term":[{"taxonomy":"category","embeddable":true,"href":"https:\/\/www.deepseareporter.com\/sv\/wp-json\/wp\/v2\/categories?post=44856"},{"taxonomy":"post_tag","embeddable":true,"href":"https:\/\/www.deepseareporter.com\/sv\/wp-json\/wp\/v2\/tags?post=44856"}],"curies":[{"name":"wp","href":"https:\/\/api.w.org\/{rel}","templated":true}]}}