{"id":43458,"date":"2026-05-01T12:23:39","date_gmt":"2026-05-01T10:23:39","guid":{"rendered":"https:\/\/www.deepseareporter.com\/?p=43458"},"modified":"2026-05-01T12:33:53","modified_gmt":"2026-05-01T10:33:53","slug":"kraftig-el-nino-narmar-sig-med-varme-och-extremvader","status":"publish","type":"post","link":"https:\/\/www.deepseareporter.com\/sv\/kraftig-el-nino-narmar-sig-med-varme-och-extremvader\/","title":{"rendered":"Kraftig El Ni\u00f1o n\u00e4rmar sig med v\u00e4rme och extremv\u00e4der"},"content":{"rendered":"\n<p><strong>Forskare och myndigheter f\u00f6ljer utvecklingen i Stilla havet noga. En ny El Ni\u00f1o kan leda till kraftigt stigande temperaturer och globala v\u00e4rmerekord det kommande \u00e5ret.<\/strong><\/p>\n\n\n\n<p>El Ni\u00f1o-f\u00f6rh\u00e5llanden inneb\u00e4r att ytvattnet i \u00f6stra delarna av Stilla havet v\u00e4rms upp j\u00e4mf\u00f6rt med normaltillst\u00e5ndet. Enligt meteorologiska v\u00e4rldsorganisationen WMO:s senaste rapport stiger ytvattentemperaturen snabbt, n\u00e5got som kan tyda p\u00e5 El Ni\u00f1o-f\u00f6rh\u00e5llanden redan i maj\u2013juli i \u00e5r.<\/p>\n\n\n\n<p>&#8211; Data fr\u00e5n den amerikanska v\u00e4dermyndigheten NOAA visar att det \u00e4r en drygt 50-procentig chans att en kraftig El Ni\u00f1o utvecklas mot slutet av \u00e5ret, s\u00e4ger Erik Kjellstr\u00f6m, professor i klimatologi vid SMHI.<\/p>\n\n\n\n<p>&#8211; Det \u00e4r fortfarande f\u00f6r tidigt att s\u00e4ga n\u00e5got i detalj men sannolikheten f\u00f6r en El Ni\u00f1o som senare i \u00e5r kan utvecklas till kraftig har \u00f6kat v\u00e4sentligt under v\u00e5ren.<\/p>\n\n\n\n<h2 class=\"wp-block-heading\" id=\"h-narmare-ekvatorn\">N\u00e4rmare ekvatorn<\/h2>\n\n\n\n<p>De omr\u00e5den som p\u00e5verkas mest av El Ni\u00f1o-f\u00f6rh\u00e5llanden ligger n\u00e4rmare ekvatorn och kan f\u00e5 kraftigt \u00f6kad nederb\u00f6rd eller sv\u00e5r torka. H\u00e4r uppe i norr finns inte n\u00e5gon entydig signal.<\/p>\n\n\n\n<p>&#8211; Det finns studier som pekar p\u00e5 att det vid en kraftig El Ni\u00f1o \u00e4r relativt vanligt med lite kallare vintrar h\u00e4r uppe i Skandinavien. Men det \u00e4r ingen hundraprocentig sanning och ingenting man kan g\u00f6ra s\u00e4kra prognoser utifr\u00e5n.<\/p>\n\n\n\n<p>Men det betyder inte att El Ni\u00f1o inte kan f\u00e5 konsekvenser f\u00f6r hela planeten.<\/p>\n\n\n\n<p>Senaste det r\u00e5dde El Ni\u00f1o-f\u00f6rh\u00e5llanden var 2023\u20132024 och 2024 blev det varmaste \u00e5r som hittills uppm\u00e4tts genom kombinationen av en kraftfull El Ni\u00f1o och klimatf\u00f6r\u00e4ndringen orsakad av m\u00e4nniskan.<\/p>\n\n\n\n<p>\u00c4ven om det \u00e4r f\u00f6r tidigt att dra n\u00e5gra definitiva slutsatser finns det ocks\u00e5 tecken som tyder p\u00e5 att en \u201dsuper-El Ni\u00f1o\u201d h\u00e5ller p\u00e5 att utvecklas, n\u00e5got som skulle f\u00f6rv\u00e4rra extrema v\u00e4derh\u00e4ndelser i stora delar av v\u00e4rlden och bidra till att h\u00f6ja den globala medeltemperaturen.<\/p>\n\n\n\n<figure class=\"wp-block-image size-large\"><img loading=\"lazy\" decoding=\"async\" width=\"1280\" height=\"750\" src=\"https:\/\/www.deepseareporter.com\/wp-content\/uploads\/2026\/05\/260501-elnino1-c4c3f897-a002nh-1280x750.jpeg\" alt=\"\" class=\"wp-image-43457\" srcset=\"https:\/\/www.deepseareporter.com\/wp-content\/uploads\/2026\/05\/260501-elnino1-c4c3f897-a002nh-1280x750.jpeg 1280w, https:\/\/www.deepseareporter.com\/wp-content\/uploads\/2026\/05\/260501-elnino1-c4c3f897-a002nh-720x422.jpeg 720w, https:\/\/www.deepseareporter.com\/wp-content\/uploads\/2026\/05\/260501-elnino1-c4c3f897-a002nh-768x450.jpeg 768w, https:\/\/www.deepseareporter.com\/wp-content\/uploads\/2026\/05\/260501-elnino1-c4c3f897-a002nh-1536x900.jpeg 1536w, https:\/\/www.deepseareporter.com\/wp-content\/uploads\/2026\/05\/260501-elnino1-c4c3f897-a002nh.jpeg 2000w\" sizes=\"auto, (max-width: 1280px) 100vw, 1280px\" \/><figcaption class=\"wp-element-caption\">El Ni\u00f1o \u00e4r ett v\u00e4derfenomen i Stilla havet med f\u00f6r\u00e4ndringar i ytvattentemperatur och passadvindar som medf\u00f6r stor p\u00e5verkan p\u00e5 fiske och jordbruk. Grafik: Anders Humlebo\/TT<\/figcaption><\/figure>\n\n\n\n<h2 class=\"wp-block-heading\" id=\"h-riskerar-extremvader\">Riskerar extremv\u00e4der<\/h2>\n\n\n\n<p>Det finns inga tydliga tecken p\u00e5 att klimatf\u00f6r\u00e4ndringen p\u00e5verkar El Ni\u00f1os frekvens eller intensitet, men den kan f\u00f6rst\u00e4rka effekterna av v\u00e4derfenomenet. Kort sagt \u2013 extremv\u00e4dren riskerar att bli extremare.<\/p>\n\n\n\n<p>&#8211; I takt med att vi f\u00e5r ett varmare&nbsp;klimat&nbsp;f\u00e5r vi ocks\u00e5 ett mer intensivt hydrologiskt kretslopp, s\u00e5 att b\u00e5de nederb\u00f6rd och avdunstning \u00f6kar i intensitet, f\u00f6rklarar Erik Kjellstr\u00f6m.<\/p>\n\n\n\n<p>&#8211; Om man nu t\u00e4nker sig en El Ni\u00f1o-situation med v\u00e4ldigt torra f\u00f6rh\u00e5llanden i Australien kommer uttorkningen i ett varmare&nbsp;klimat&nbsp;att kunna bli \u00e4nnu kraftigare. Men d\u00e4r det i st\u00e4llet regnar j\u00e4ttemycket som Ecuador och Peru eller delar av USA kan nederb\u00f6rden bli \u00e4nnu kraftigare i ett varmare&nbsp;klimat.<\/p>\n\n\n\n<p><\/p>\n","protected":false},"excerpt":{"rendered":"<p>Forskare och myndigheter f\u00f6ljer utvecklingen i Stilla havet noga. En ny El Ni\u00f1o kan leda till kraftigt stigande temperaturer och globala v\u00e4rmerekord det kommande \u00e5ret.<\/p>\n","protected":false},"author":4,"featured_media":43455,"comment_status":"closed","ping_status":"closed","sticky":false,"template":"","format":"standard","meta":{"_acf_changed":false,"footnotes":""},"categories":[252,580,244],"tags":[1288,306,1249,339,1394],"class_list":["post-43458","post","type-post","status-publish","format-standard","has-post-thumbnail","hentry","category-forskning","category-internationellt","category-klimat-och-miljo","tag-el-nino","tag-forskning","tag-klimat-och-miljo","tag-klimatforandringar","tag-varmare-hav"],"acf":[],"yoast_head":"<!-- This site is optimized with the Yoast SEO Premium plugin v27.0 (Yoast SEO v27.0) - https:\/\/yoast.com\/product\/yoast-seo-premium-wordpress\/ -->\n<title>Kraftig El Ni\u00f1o n\u00e4rmar sig med v\u00e4rme och extremv\u00e4der - Deep Sea Reporter<\/title>\n<meta name=\"robots\" content=\"index, follow, max-snippet:-1, max-image-preview:large, max-video-preview:-1\" \/>\n<link rel=\"canonical\" href=\"https:\/\/www.deepseareporter.com\/sv\/kraftig-el-nino-narmar-sig-med-varme-och-extremvader\/\" \/>\n<meta property=\"og:locale\" content=\"sv_SE\" \/>\n<meta property=\"og:type\" content=\"article\" \/>\n<meta property=\"og:title\" content=\"Kraftig El Ni\u00f1o n\u00e4rmar sig med v\u00e4rme och extremv\u00e4der - Deep Sea Reporter\" \/>\n<meta property=\"og:description\" content=\"Forskare och myndigheter f\u00f6ljer utvecklingen i Stilla havet noga. En ny El Ni\u00f1o kan leda till kraftigt stigande temperaturer och globala v\u00e4rmerekord det kommande \u00e5ret.\" \/>\n<meta property=\"og:url\" content=\"https:\/\/www.deepseareporter.com\/sv\/kraftig-el-nino-narmar-sig-med-varme-och-extremvader\/\" \/>\n<meta property=\"og:site_name\" content=\"Deep Sea Reporter\" \/>\n<meta property=\"article:published_time\" content=\"2026-05-01T10:23:39+00:00\" \/>\n<meta property=\"article:modified_time\" content=\"2026-05-01T10:33:53+00:00\" \/>\n<meta property=\"og:image\" content=\"https:\/\/www.deepseareporter.com\/wp-content\/uploads\/2026\/05\/260501-elnino1-c4c3f897-a001nh.jpeg\" \/>\n\t<meta property=\"og:image:width\" content=\"2000\" \/>\n\t<meta property=\"og:image:height\" content=\"1332\" \/>\n\t<meta property=\"og:image:type\" content=\"image\/jpeg\" \/>\n<meta name=\"author\" content=\"Lena Scherman\" \/>\n<meta name=\"twitter:card\" content=\"summary_large_image\" \/>\n<meta name=\"twitter:label1\" content=\"Skriven av\" \/>\n\t<meta name=\"twitter:data1\" content=\"Lena Scherman\" \/>\n\t<meta name=\"twitter:label2\" content=\"Ber\u00e4knad l\u00e4stid\" \/>\n\t<meta name=\"twitter:data2\" content=\"3 minuter\" \/>\n<script type=\"application\/ld+json\" class=\"yoast-schema-graph\">{\"@context\":\"https:\/\/schema.org\",\"@graph\":[{\"@type\":\"Article\",\"@id\":\"https:\/\/www.deepseareporter.com\/sv\/kraftig-el-nino-narmar-sig-med-varme-och-extremvader\/#article\",\"isPartOf\":{\"@id\":\"https:\/\/www.deepseareporter.com\/sv\/kraftig-el-nino-narmar-sig-med-varme-och-extremvader\/\"},\"author\":{\"name\":\"Lena Scherman\",\"@id\":\"https:\/\/www.deepseareporter.com\/#\/schema\/person\/8440c67b5dda5c5ae6c70162fedbd434\"},\"headline\":\"Kraftig El Ni\u00f1o n\u00e4rmar sig med v\u00e4rme och extremv\u00e4der\",\"datePublished\":\"2026-05-01T10:23:39+00:00\",\"dateModified\":\"2026-05-01T10:33:53+00:00\",\"mainEntityOfPage\":{\"@id\":\"https:\/\/www.deepseareporter.com\/sv\/kraftig-el-nino-narmar-sig-med-varme-och-extremvader\/\"},\"wordCount\":532,\"publisher\":{\"@id\":\"https:\/\/www.deepseareporter.com\/#organization\"},\"image\":{\"@id\":\"https:\/\/www.deepseareporter.com\/sv\/kraftig-el-nino-narmar-sig-med-varme-och-extremvader\/#primaryimage\"},\"thumbnailUrl\":\"https:\/\/www.deepseareporter.com\/wp-content\/uploads\/2026\/05\/260501-elnino1-c4c3f897-a001nh.jpeg\",\"keywords\":[\"El Ni\u00f1o\",\"Forskning\",\"klimat och milj\u00f6\",\"Klimatf\u00f6r\u00e4ndringar\",\"varmare hav\"],\"articleSection\":[\"Forskning\",\"Internationellt\",\"Klimat och Milj\u00f6\"],\"inLanguage\":\"sv-SE\"},{\"@type\":\"WebPage\",\"@id\":\"https:\/\/www.deepseareporter.com\/sv\/kraftig-el-nino-narmar-sig-med-varme-och-extremvader\/\",\"url\":\"https:\/\/www.deepseareporter.com\/sv\/kraftig-el-nino-narmar-sig-med-varme-och-extremvader\/\",\"name\":\"Kraftig El Ni\u00f1o n\u00e4rmar sig med v\u00e4rme och extremv\u00e4der - Deep Sea Reporter\",\"isPartOf\":{\"@id\":\"https:\/\/www.deepseareporter.com\/#website\"},\"primaryImageOfPage\":{\"@id\":\"https:\/\/www.deepseareporter.com\/sv\/kraftig-el-nino-narmar-sig-med-varme-och-extremvader\/#primaryimage\"},\"image\":{\"@id\":\"https:\/\/www.deepseareporter.com\/sv\/kraftig-el-nino-narmar-sig-med-varme-och-extremvader\/#primaryimage\"},\"thumbnailUrl\":\"https:\/\/www.deepseareporter.com\/wp-content\/uploads\/2026\/05\/260501-elnino1-c4c3f897-a001nh.jpeg\",\"datePublished\":\"2026-05-01T10:23:39+00:00\",\"dateModified\":\"2026-05-01T10:33:53+00:00\",\"breadcrumb\":{\"@id\":\"https:\/\/www.deepseareporter.com\/sv\/kraftig-el-nino-narmar-sig-med-varme-och-extremvader\/#breadcrumb\"},\"inLanguage\":\"sv-SE\",\"potentialAction\":[{\"@type\":\"ReadAction\",\"target\":[\"https:\/\/www.deepseareporter.com\/sv\/kraftig-el-nino-narmar-sig-med-varme-och-extremvader\/\"]}]},{\"@type\":\"ImageObject\",\"inLanguage\":\"sv-SE\",\"@id\":\"https:\/\/www.deepseareporter.com\/sv\/kraftig-el-nino-narmar-sig-med-varme-och-extremvader\/#primaryimage\",\"url\":\"https:\/\/www.deepseareporter.com\/wp-content\/uploads\/2026\/05\/260501-elnino1-c4c3f897-a001nh.jpeg\",\"contentUrl\":\"https:\/\/www.deepseareporter.com\/wp-content\/uploads\/2026\/05\/260501-elnino1-c4c3f897-a001nh.jpeg\",\"width\":2000,\"height\":1332,\"caption\":\"In this image made from video, men walk through floodwaters on a street in the town of Beledweyne, in Somalia, Sunday, Nov. 19, 2023. First, some families fled drought and violence. Now they say they have nowhere to hide from intense flooding as rainfall exacerbated by the weather phenomenon El Nino pummels large parts of Somalia. (AP Photo) KBI104\"},{\"@type\":\"BreadcrumbList\",\"@id\":\"https:\/\/www.deepseareporter.com\/sv\/kraftig-el-nino-narmar-sig-med-varme-och-extremvader\/#breadcrumb\",\"itemListElement\":[{\"@type\":\"ListItem\",\"position\":1,\"name\":\"Hem\",\"item\":\"https:\/\/www.deepseareporter.com\/sv\/\"},{\"@type\":\"ListItem\",\"position\":2,\"name\":\"Kraftig El Ni\u00f1o n\u00e4rmar sig med v\u00e4rme och extremv\u00e4der\"}]},{\"@type\":\"WebSite\",\"@id\":\"https:\/\/www.deepseareporter.com\/#website\",\"url\":\"https:\/\/www.deepseareporter.com\/\",\"name\":\"Deep Sea Reporter\",\"description\":\"Ett digitalt magasin om havet\",\"publisher\":{\"@id\":\"https:\/\/www.deepseareporter.com\/#organization\"},\"potentialAction\":[{\"@type\":\"SearchAction\",\"target\":{\"@type\":\"EntryPoint\",\"urlTemplate\":\"https:\/\/www.deepseareporter.com\/?s={search_term_string}\"},\"query-input\":{\"@type\":\"PropertyValueSpecification\",\"valueRequired\":true,\"valueName\":\"search_term_string\"}}],\"inLanguage\":\"sv-SE\"},{\"@type\":\"Organization\",\"@id\":\"https:\/\/www.deepseareporter.com\/#organization\",\"name\":\"Deep Sea Reporter\",\"url\":\"https:\/\/www.deepseareporter.com\/\",\"logo\":{\"@type\":\"ImageObject\",\"inLanguage\":\"sv-SE\",\"@id\":\"https:\/\/www.deepseareporter.com\/#\/schema\/logo\/image\/\",\"url\":\"https:\/\/www.deepseareporter.com\/wp-content\/uploads\/2024\/10\/dsr-bla-ny-logga.svg\",\"contentUrl\":\"https:\/\/www.deepseareporter.com\/wp-content\/uploads\/2024\/10\/dsr-bla-ny-logga.svg\",\"width\":834,\"height\":504,\"caption\":\"Deep Sea Reporter\"},\"image\":{\"@id\":\"https:\/\/www.deepseareporter.com\/#\/schema\/logo\/image\/\"}},{\"@type\":\"Person\",\"@id\":\"https:\/\/www.deepseareporter.com\/#\/schema\/person\/8440c67b5dda5c5ae6c70162fedbd434\",\"name\":\"Lena Scherman\"}]}<\/script>\n<!-- \/ Yoast SEO Premium plugin. -->","yoast_head_json":{"title":"Kraftig El Ni\u00f1o n\u00e4rmar sig med v\u00e4rme och extremv\u00e4der - Deep Sea Reporter","robots":{"index":"index","follow":"follow","max-snippet":"max-snippet:-1","max-image-preview":"max-image-preview:large","max-video-preview":"max-video-preview:-1"},"canonical":"https:\/\/www.deepseareporter.com\/sv\/kraftig-el-nino-narmar-sig-med-varme-och-extremvader\/","og_locale":"sv_SE","og_type":"article","og_title":"Kraftig El Ni\u00f1o n\u00e4rmar sig med v\u00e4rme och extremv\u00e4der - Deep Sea Reporter","og_description":"Forskare och myndigheter f\u00f6ljer utvecklingen i Stilla havet noga. En ny El Ni\u00f1o kan leda till kraftigt stigande temperaturer och globala v\u00e4rmerekord det kommande \u00e5ret.","og_url":"https:\/\/www.deepseareporter.com\/sv\/kraftig-el-nino-narmar-sig-med-varme-och-extremvader\/","og_site_name":"Deep Sea Reporter","article_published_time":"2026-05-01T10:23:39+00:00","article_modified_time":"2026-05-01T10:33:53+00:00","og_image":[{"width":2000,"height":1332,"url":"https:\/\/www.deepseareporter.com\/wp-content\/uploads\/2026\/05\/260501-elnino1-c4c3f897-a001nh.jpeg","type":"image\/jpeg"}],"author":"Lena Scherman","twitter_card":"summary_large_image","twitter_misc":{"Skriven av":"Lena Scherman","Ber\u00e4knad l\u00e4stid":"3 minuter"},"schema":{"@context":"https:\/\/schema.org","@graph":[{"@type":"Article","@id":"https:\/\/www.deepseareporter.com\/sv\/kraftig-el-nino-narmar-sig-med-varme-och-extremvader\/#article","isPartOf":{"@id":"https:\/\/www.deepseareporter.com\/sv\/kraftig-el-nino-narmar-sig-med-varme-och-extremvader\/"},"author":{"name":"Lena Scherman","@id":"https:\/\/www.deepseareporter.com\/#\/schema\/person\/8440c67b5dda5c5ae6c70162fedbd434"},"headline":"Kraftig El Ni\u00f1o n\u00e4rmar sig med v\u00e4rme och extremv\u00e4der","datePublished":"2026-05-01T10:23:39+00:00","dateModified":"2026-05-01T10:33:53+00:00","mainEntityOfPage":{"@id":"https:\/\/www.deepseareporter.com\/sv\/kraftig-el-nino-narmar-sig-med-varme-och-extremvader\/"},"wordCount":532,"publisher":{"@id":"https:\/\/www.deepseareporter.com\/#organization"},"image":{"@id":"https:\/\/www.deepseareporter.com\/sv\/kraftig-el-nino-narmar-sig-med-varme-och-extremvader\/#primaryimage"},"thumbnailUrl":"https:\/\/www.deepseareporter.com\/wp-content\/uploads\/2026\/05\/260501-elnino1-c4c3f897-a001nh.jpeg","keywords":["El Ni\u00f1o","Forskning","klimat och milj\u00f6","Klimatf\u00f6r\u00e4ndringar","varmare hav"],"articleSection":["Forskning","Internationellt","Klimat och Milj\u00f6"],"inLanguage":"sv-SE"},{"@type":"WebPage","@id":"https:\/\/www.deepseareporter.com\/sv\/kraftig-el-nino-narmar-sig-med-varme-och-extremvader\/","url":"https:\/\/www.deepseareporter.com\/sv\/kraftig-el-nino-narmar-sig-med-varme-och-extremvader\/","name":"Kraftig El Ni\u00f1o n\u00e4rmar sig med v\u00e4rme och extremv\u00e4der - Deep Sea Reporter","isPartOf":{"@id":"https:\/\/www.deepseareporter.com\/#website"},"primaryImageOfPage":{"@id":"https:\/\/www.deepseareporter.com\/sv\/kraftig-el-nino-narmar-sig-med-varme-och-extremvader\/#primaryimage"},"image":{"@id":"https:\/\/www.deepseareporter.com\/sv\/kraftig-el-nino-narmar-sig-med-varme-och-extremvader\/#primaryimage"},"thumbnailUrl":"https:\/\/www.deepseareporter.com\/wp-content\/uploads\/2026\/05\/260501-elnino1-c4c3f897-a001nh.jpeg","datePublished":"2026-05-01T10:23:39+00:00","dateModified":"2026-05-01T10:33:53+00:00","breadcrumb":{"@id":"https:\/\/www.deepseareporter.com\/sv\/kraftig-el-nino-narmar-sig-med-varme-och-extremvader\/#breadcrumb"},"inLanguage":"sv-SE","potentialAction":[{"@type":"ReadAction","target":["https:\/\/www.deepseareporter.com\/sv\/kraftig-el-nino-narmar-sig-med-varme-och-extremvader\/"]}]},{"@type":"ImageObject","inLanguage":"sv-SE","@id":"https:\/\/www.deepseareporter.com\/sv\/kraftig-el-nino-narmar-sig-med-varme-och-extremvader\/#primaryimage","url":"https:\/\/www.deepseareporter.com\/wp-content\/uploads\/2026\/05\/260501-elnino1-c4c3f897-a001nh.jpeg","contentUrl":"https:\/\/www.deepseareporter.com\/wp-content\/uploads\/2026\/05\/260501-elnino1-c4c3f897-a001nh.jpeg","width":2000,"height":1332,"caption":"In this image made from video, men walk through floodwaters on a street in the town of Beledweyne, in Somalia, Sunday, Nov. 19, 2023. First, some families fled drought and violence. Now they say they have nowhere to hide from intense flooding as rainfall exacerbated by the weather phenomenon El Nino pummels large parts of Somalia. (AP Photo) KBI104"},{"@type":"BreadcrumbList","@id":"https:\/\/www.deepseareporter.com\/sv\/kraftig-el-nino-narmar-sig-med-varme-och-extremvader\/#breadcrumb","itemListElement":[{"@type":"ListItem","position":1,"name":"Hem","item":"https:\/\/www.deepseareporter.com\/sv\/"},{"@type":"ListItem","position":2,"name":"Kraftig El Ni\u00f1o n\u00e4rmar sig med v\u00e4rme och extremv\u00e4der"}]},{"@type":"WebSite","@id":"https:\/\/www.deepseareporter.com\/#website","url":"https:\/\/www.deepseareporter.com\/","name":"Deep Sea Reporter","description":"Ett digitalt magasin om havet","publisher":{"@id":"https:\/\/www.deepseareporter.com\/#organization"},"potentialAction":[{"@type":"SearchAction","target":{"@type":"EntryPoint","urlTemplate":"https:\/\/www.deepseareporter.com\/?s={search_term_string}"},"query-input":{"@type":"PropertyValueSpecification","valueRequired":true,"valueName":"search_term_string"}}],"inLanguage":"sv-SE"},{"@type":"Organization","@id":"https:\/\/www.deepseareporter.com\/#organization","name":"Deep Sea Reporter","url":"https:\/\/www.deepseareporter.com\/","logo":{"@type":"ImageObject","inLanguage":"sv-SE","@id":"https:\/\/www.deepseareporter.com\/#\/schema\/logo\/image\/","url":"https:\/\/www.deepseareporter.com\/wp-content\/uploads\/2024\/10\/dsr-bla-ny-logga.svg","contentUrl":"https:\/\/www.deepseareporter.com\/wp-content\/uploads\/2024\/10\/dsr-bla-ny-logga.svg","width":834,"height":504,"caption":"Deep Sea Reporter"},"image":{"@id":"https:\/\/www.deepseareporter.com\/#\/schema\/logo\/image\/"}},{"@type":"Person","@id":"https:\/\/www.deepseareporter.com\/#\/schema\/person\/8440c67b5dda5c5ae6c70162fedbd434","name":"Lena Scherman"}]}},"_links":{"self":[{"href":"https:\/\/www.deepseareporter.com\/sv\/wp-json\/wp\/v2\/posts\/43458","targetHints":{"allow":["GET"]}}],"collection":[{"href":"https:\/\/www.deepseareporter.com\/sv\/wp-json\/wp\/v2\/posts"}],"about":[{"href":"https:\/\/www.deepseareporter.com\/sv\/wp-json\/wp\/v2\/types\/post"}],"author":[{"embeddable":true,"href":"https:\/\/www.deepseareporter.com\/sv\/wp-json\/wp\/v2\/users\/4"}],"replies":[{"embeddable":true,"href":"https:\/\/www.deepseareporter.com\/sv\/wp-json\/wp\/v2\/comments?post=43458"}],"version-history":[{"count":2,"href":"https:\/\/www.deepseareporter.com\/sv\/wp-json\/wp\/v2\/posts\/43458\/revisions"}],"predecessor-version":[{"id":43466,"href":"https:\/\/www.deepseareporter.com\/sv\/wp-json\/wp\/v2\/posts\/43458\/revisions\/43466"}],"wp:featuredmedia":[{"embeddable":true,"href":"https:\/\/www.deepseareporter.com\/sv\/wp-json\/wp\/v2\/media\/43455"}],"wp:attachment":[{"href":"https:\/\/www.deepseareporter.com\/sv\/wp-json\/wp\/v2\/media?parent=43458"}],"wp:term":[{"taxonomy":"category","embeddable":true,"href":"https:\/\/www.deepseareporter.com\/sv\/wp-json\/wp\/v2\/categories?post=43458"},{"taxonomy":"post_tag","embeddable":true,"href":"https:\/\/www.deepseareporter.com\/sv\/wp-json\/wp\/v2\/tags?post=43458"}],"curies":[{"name":"wp","href":"https:\/\/api.w.org\/{rel}","templated":true}]}}