{"id":43011,"date":"2026-03-19T10:57:41","date_gmt":"2026-03-19T09:57:41","guid":{"rendered":"https:\/\/www.deepseareporter.com\/?p=43011"},"modified":"2026-03-19T11:33:23","modified_gmt":"2026-03-19T10:33:23","slug":"sa-tanker-unga-kring-hav-och-klimat-infor-valet-2026","status":"publish","type":"post","link":"https:\/\/www.deepseareporter.com\/sv\/sa-tanker-unga-kring-hav-och-klimat-infor-valet-2026\/","title":{"rendered":"S\u00e5 t\u00e4nker unga kring hav och klimat inf\u00f6r valet 2026"},"content":{"rendered":"\n<p><strong>Varje \u00e5r g\u00f6rs en klimatbarometer p\u00e5 uppdrag av WWF som presenterar olika samh\u00e4llsgruppers st\u00e4llning i s\u00e4rskilda valfr\u00e5gor. Samtidigt p\u00e5g\u00e5r en studie i Lund och \u00d6rebro d\u00e4r prelimin\u00e4ra siffror visar att unga lagt klimatfr\u00e5gan bakom sig. Deep Sea Reporter pratade med unga vuxna i Stockholm om deras tankar kring hav och klimat.<\/strong><\/p>\n\n\n\n<p class=\"has-text-align-center\"><sup>Text: Judith Vincent<\/sup><\/p>\n\n\n\n<p>&#8211; Jag engagerar mig inte, men jag \u00e4r \u00f6ppet emot djuphavsgruvdrift, s\u00e4ger Ludvig Nyqvist.<\/p>\n\n\n\n<p>&#8211; Havet \u00e4r viktigt f\u00f6r milj\u00f6n och f\u00f6r m\u00e4nniskor och vi f\u00e5r resurser d\u00e4rifr\u00e5n, s\u00e4ger Alice Karlsson, som kan t\u00e4nka sig att engagera sig f\u00f6r milj\u00f6n om hon fick information om hur.<\/p>\n\n\n\n<p>WWF:s <a href=\"https:\/\/www.wwf.se\/klimat\/klimatbarometern\/\">\u00e5rliga klimatbarometer<\/a>, utf\u00f6rd av opinionsinstitutet Verian, visar att drygt h\u00e4lften av de tillfr\u00e5gade vill att politikerna tar st\u00f6rre ansvar f\u00f6r klimat och natur. De anser att politiker har st\u00f6rst ansvar f\u00f6r att stoppa klimatf\u00f6r\u00e4ndringarna. I en annan <a href=\"https:\/\/www.svt.se\/nyheter\/inrikes\/lag-och-ordning-och-forsvar-allt-viktigare-for-valjarna\">unders\u00f6kning<\/a> fr\u00e5n Verian kan man se att klimatet inte ligger h\u00f6gst upp p\u00e5 v\u00e4ljarnas lista \u00f6ver viktiga valfr\u00e5gor 2026: F\u00f6rsvaret \u00e4r viktigare f\u00f6r v\u00e4ljarna \u00e4n klimatet, lag och ordning \u00e4r viktigare \u00e4n skola, skriver <a href=\"https:\/\/www.svt.se\/nyheter\/inrikes\/lag-och-ordning-och-forsvar-allt-viktigare-for-valjarna\">SVT<\/a>.<\/p>\n\n\n\n<p>Klimatfr\u00e5gan har generellt sjunkit ner till femte plats \u00f6ver svenskarnas viktigaste valfr\u00e5gor, medan fr\u00e5gan <a href=\"https:\/\/www.akavia.se\/redaktionellt\/ekonomi-politik-och-samhalle\/klimat-och-miljo-toppar-akademikers-valfragor\/\">toppar hos akademiker<\/a>. Inte minst har fr\u00e5gan tappat st\u00f6d bland ungdomar, visar en <a href=\"https:\/\/www.svt.se\/nyheter\/lokalt\/skane\/7-av-10-unga-oroar-sig-inte-for-klimatet-en-overraskning?utm_source=MoEngage&amp;utm_medium=EMAIL&amp;utm_campaign=Klimatbrev+v+9&amp;utm_term=69a1d960fdbcce2b43887f45&amp;utm_content=CID_69a1d960fdbcce2b43887f45\">studie<\/a> fr\u00e5n Lund och \u00d6rebro. \u00c4nd\u00e5 t\u00e4nker \u00f6ver h\u00e4lften av svenskarna p\u00e5 klimatf\u00f6r\u00e4ndringarna minst en g\u00e5ng i veckan, enligt <a href=\"https:\/\/www.wwf.se\/klimat\/klimatbarometern\/\">WWF<\/a>.<\/p>\n\n\n\n<p>WWF:s klimatbarometer fr\u00e5n f\u00f6rra val\u00e5ret (<a href=\"https:\/\/www.wwf.se\/dokument\/klimatbarometern-2022\/\">2022<\/a>) visar att <em>milit\u00e4ra<\/em> <em>konflikter eller krig<\/em> var det samh\u00e4llsfenomen som oroade unga i \u00e5ldrarna 18\u201329 \u00e5r mest. <em>Klimatf\u00f6r\u00e4ndringar<\/em> l\u00e5g d\u00e5 p\u00e5 en andraplats, f\u00f6ljt av <em>milj\u00f6f\u00f6rst\u00f6ring<\/em> p\u00e5 en tredje. I \u00e5r \u00e4r f\u00f6rstag\u00e5ngsv\u00e4ljarna n\u00e5got fler och det g\u00e5r att sk\u00f6nja en upplevd hoppl\u00f6shet kring klimatfr\u00e5gan hos ungdomar.<\/p>\n\n\n\n<p>Vi gav oss ut p\u00e5 stan f\u00f6r att prata med unga vuxna om vad de tror det kan bero p\u00e5, och om de sj\u00e4lva anser att natur och milj\u00f6 \u00e4r viktiga valfr\u00e5gor.<\/p>\n\n\n\n<h2 class=\"wp-block-heading\" id=\"h-fyra-fragor-till-forstagangsvaljare-pa-stan\"><strong>Fyra fr\u00e5gor till f\u00f6rstag\u00e5ngsv\u00e4ljare p\u00e5 stan<\/strong><\/h2>\n\n\n\n<p>Vi tog oss till omr\u00e5det kring Kungliga Tekniska h\u00f6gskolan i Stockholm en solig senvinterdag f\u00f6r att ta reda p\u00e5 vad unga vuxna vet om havet och klimatet, och om de bryr sig om dess v\u00e4lbefinnande.<\/p>\n\n\n\n<p>Alla vi fr\u00e5gade svarade att havet \u00e4r viktigt f\u00f6r dem p\u00e5 ett eller annat s\u00e4tt, men att de \u00e4nd\u00e5 inte engagerar sig f\u00f6r dess v\u00e4lst\u00e5nd. De flesta kan t\u00e4nka sig att engagera sig om de f\u00e5r presenterat f\u00f6r sig ett enkelt s\u00e4tt att integrera engagemanget i sin vardag, med en kommentar om att det inte f\u00e5r ta upp f\u00f6r mycket av deras tid.<\/p>\n\n\n\n<p>Kunskapen om havets roll f\u00f6r jordens klimat varierar, men att det \u00e4r viktigt f\u00f6r syret p\u00e5 jorden finns det ett samf\u00f6rst\u00e5nd kring. Med h\u00e4nvisning till den ovan n\u00e4mnda <a href=\"https:\/\/www.svt.se\/nyheter\/lokalt\/skane\/7-av-10-unga-oroar-sig-inte-for-klimatet-en-overraskning?utm_source=MoEngage&amp;utm_medium=EMAIL&amp;utm_campaign=Klimatbrev+v+9&amp;utm_term=69a1d960fdbcce2b43887f45&amp;utm_content=CID_69a1d960fdbcce2b43887f45\">studien<\/a> i Lund och \u00d6rebro, trodde v\u00e5ra tillfr\u00e5gade att orkesl\u00f6sheten kring klimatengagemang kan bero p\u00e5 en viss m\u00e4ttnad kring klimatfr\u00e5gan, och att andra v\u00e4rldsh\u00e4ndelser k\u00e4nns viktigare just nu.<\/p>\n\n\n\n<p>Hav och klimat kan komma att spela en viss roll n\u00e4r de ska r\u00f6sta i valet i september, men det \u00e4r inte en topprioriterad fr\u00e5ga. Ett fungerande samh\u00e4lle \u00e4r en gemensam n\u00e4mnare hos de vi pratade med, men f\u00f6r att n\u00e5 dit ans\u00e5g vissa att fr\u00e5gan om kriminaliteten \u00e4r en viktig punkt, medan andra ans\u00e5g att skola och j\u00e4mst\u00e4lldhet \u00e4r de viktigaste fr\u00e5gorna.<\/p>\n\n\n\n<h2 class=\"wp-block-heading\" id=\"h-ar-havet-viktigt-for-dig\"><strong>\u00c4r havet viktigt f\u00f6r dig?<\/strong><\/h2>\n\n\n\n<p>&#8211; Havet \u00e4r viktigt f\u00f6r milj\u00f6n och f\u00f6r m\u00e4nniskor och vi f\u00e5r resurser d\u00e4rifr\u00e5n, svarar Alice Karlsson.<\/p>\n\n\n\n<p>&#8211; Ja, det vore h\u00e4ftigt om man kunde \u00e5ka ut och kolla p\u00e5 alla fiskarna, och korallreven som h\u00e5ller p\u00e5 att f\u00f6rsvinna, s\u00e4ger Yassin Gardell.<\/p>\n\n\n\n<p>Adam Lindberg svarar: <\/p>\n\n\n\n<p>&#8211; Ja det \u00e4r det absolut, vi bor vid havet. Jag tycker om att springa vid havet.<\/p>\n\n\n\n<p>&#8211; Jag tycker om att fiska f\u00f6r skojs skull. Havet \u00e4r viktigt f\u00f6r ekosystemen. Det \u00e4r v\u00e4l jordens lunga om jag f\u00f6rst\u00e5tt det r\u00e4tt, s\u00e4ger Ludvig Nyqvist.<\/p>\n\n\n\n<h2 class=\"wp-block-heading\" id=\"h-vad-vet-du-om-hur-havet-paverkar-jordens-klimat\"><strong>Vad vet du om hur havet p\u00e5verkar jordens klimat?<\/strong><\/h2>\n\n\n\n<p>&#8211; Ganska lite ska jag v\u00e4l erk\u00e4nna. Jag tror allm\u00e4nheten vet ganska lite, s\u00e4ger Adam Lindberg.<\/p>\n\n\n\n<p>&#8211; Jo men jag har lite koll, jag har en bakgrund i energi och milj\u00f6, s\u00e4ger Ludvig Nyqvist.<\/p>\n\n\n\n<h2 class=\"wp-block-heading\" id=\"h-tar-du-hansyn-till-havet-och-klimatet-i-val-av-parti-i-valet-i-september\"><strong>Tar du h\u00e4nsyn till havet och klimatet i val av parti i valet i september?<\/strong><\/h2>\n\n\n\n<p>&#8211; Ja absolut, s\u00e4ger Alice Karlsson och Ludvig Nyqvist.<\/p>\n\n\n\n<p>&#8211; Nej jag tror inte det, svarar Arvid Roos.<\/p>\n\n\n\n<p>&#8211; Ja lite grann, men inte supermycket, s\u00e4ger Yassin Gardell.<\/p>\n\n\n\n<p>Elvira Gothell s\u00e4ger att det nog kommer vara en bidragande faktor.<\/p>\n\n\n\n<p><strong>Vilka \u00e4r de viktigaste valfr\u00e5gorna f\u00f6r dig?<\/strong><\/p>\n\n\n\n<p>&#8211; Det \u00e4r v\u00e4l hur samh\u00e4llet kommer se ut. Hur vi ska p\u00e5verka det kriminella, och att vi inte ska ha tretton\u00e5ringar som ska sitta i f\u00e4ngelse, s\u00e4ger Yassin Gardell.<\/p>\n\n\n\n<p>&#8211; Det k\u00e4nns som att v\u00e4rlden \u00e4ndras v\u00e4ldigt mycket just nu, s\u00e5 jag t\u00f6rs inte yttra mig om det \u00e4n, det f\u00e5r vi se d\u00e5, s\u00e4ger Adam Lindberg.<\/p>\n\n\n\n<p>&#8211; Sjukv\u00e5rd, skola\u2026och milj\u00f6 s\u00e5klart, s\u00e4ger Ludvig Nyqvist. Pontus Carlsson Friberg \u00e4r inne p\u00e5 samma sp\u00e5r, liksom Alice Karlsson, som ocks\u00e5 l\u00e4gger till j\u00e4mst\u00e4lldhet.<\/p>\n\n\n\n<h2 class=\"wp-block-heading\" id=\"h-viss-mattnad-infor-klimatfragan-en-orsak-till-att-de-tappat-intresset-for-klimatet\"><strong>Viss m\u00e4ttnad inf\u00f6r klimatfr\u00e5gan \u2013 en orsak till att de tappat intresset f\u00f6r klimatet<\/strong><\/h2>\n\n\n\n<p>Vi fr\u00e5gade varf\u00f6r de tror att studien fr\u00e5n Lund och \u00d6rebro visar p\u00e5 att m\u00e5nga unga inte orkar bry sig lika mycket om klimatet l\u00e4ngre.<\/p>\n\n\n\n<p>&#8211; Det \u00e4r v\u00e4l kanske f\u00f6r att det har blivit ett mer h\u00f6gersamh\u00e4lle. Folk kanske mer och mer b\u00f6rjar ta sig sj\u00e4lv framf\u00f6r laget och t\u00e4nker mer p\u00e5 pengar och s\u00e5dant, s\u00e4ger Yassin Gardell.<\/p>\n\n\n\n<p>&#8211; Tyv\u00e4rr tror jag att det \u00e4r lite \u00f6verspelat, s\u00e4ger Adam Lindberg.<\/p>\n\n\n\n<p>Pontus Carlsson Friberg s\u00e4ger att hans instagramfl\u00f6de \u00f6versk\u00f6ljdes av den stora klimatkrisen och att vi m\u00e5ste r\u00e4dda naturen, men att det aldrig var n\u00e5gra konkreta tips p\u00e5 hur man kunde bidra till en mer h\u00e5llbar natur. Nu tror han att folk n\u00e5tt en m\u00e4ttnad f\u00f6r fr\u00e5gan, ett ord som \u00e5terkommer i flera tillfr\u00e5gades svar. Han skulle dock vilja vara mer engagerad f\u00f6r att hans barn och kommande generationer ska kunna leva vidare p\u00e5 v\u00e5r enda jord, som han s\u00e4ger, men precis som Alice och Yassin, efterfr\u00e5gar Pontus konkret och l\u00e4ttillg\u00e4nglig information hur man enkelt ska kunna engagera sig.<\/p>\n\n\n\n<p><strong>Svalt engagemang \u2013 men viss vilja finns d\u00e4r<\/strong><\/p>\n\n\n\n<p>Unga engagerar sig inte l\u00e4ngre i samma utstr\u00e4ckning i havs- och milj\u00f6fr\u00e5gor, men skulle kanske kunna t\u00e4nka sig att g\u00f6ra det om information om hur d\u00f6k upp i deras dagliga fl\u00f6de.<\/p>\n\n\n\n<p>&#8211; Om det var lite l\u00e4ttare att veta vart man ska g\u00e5 och vilka demonstrationer man ska vara med p\u00e5. Det k\u00e4nns inte riktigt som att man h\u00f6r vad man ska g\u00f6ra, s\u00e4ger Yassin.<\/p>\n\n\n\n<p>&#8211; Om man fick m\u00f6jlighet p\u00e5 n\u00e5got enkelt s\u00e4tt och det inte tar f\u00f6r mycket av min egen tid skulle jag absolut kunna t\u00e4nka mig att engagera mig. Det p\u00e5verkar ju mig. Det ska vara l\u00e4tt att integrera i vardagen, s\u00e4ger Adam Lindberg.<\/p>\n\n\n\n<p>&#8211; Jag engagerar mig inte, men jag \u00e4r \u00f6ppet emot djuphavsgruvdrift. Om inte studierna tog upp s\u00e5 mycket tid s\u00e5 kanske, kanske jag skulle kunna engagera mig, s\u00e4ger Ludvig Nyqvist.<\/p>\n\n\n\n<p>Elvira Gothell s\u00e4ger att hon f\u00f6rs\u00f6ker minska p\u00e5verkan p\u00e5 klimatet genom att \u00e4ta vegetariskt.<\/p>\n\n\n\n<p>&#8211; Det har varit mycket i fl\u00f6dena i sociala medier om hur allt g\u00e5r d\u00e5ligt, men ingenting om vad man kan g\u00f6ra, s\u00e4ger Pontus lite uppgivet.<\/p>\n\n\n\n<p>Alice Karlsson kan absolut t\u00e4nka sig att engagera sig om s\u00e5dan information kom till henne, exempelvis via reklam p\u00e5 stan eller p\u00e5 Instagram.<\/p>\n\n\n\n<h2 class=\"wp-block-heading\" id=\"h-unga-om-havet-och-klimatet\"><strong>Unga om havet och klimatet<\/strong><\/h2>\n\n\n\n<p>Vi sprang ocks\u00e5 p\u00e5 ett g\u00e4ng femton\u00e5ringar som g\u00e4rna ville prata hav med oss. De ber\u00e4ttade b\u00e5de om f\u00f6r\u00f6delsen kring f\u00f6rst\u00f6rda korallrev och om id\u00e9er kring att v\u00e4rna naturen, som att handla second hand i st\u00e4llet f\u00f6r nyproducerat, och att \u00e5tervinna \u2013 n\u00e5got de ber\u00e4ttar att de g\u00f6r. F\u00f6r att locka fler till \u00e5tervinning kom de med f\u00f6rslag om att g\u00f6ra det lite roligare, som att f\u00e5 bel\u00f6ning eller pengar som n\u00e4r man pantar flaskor.<\/p>\n\n\n\n<p>\u00c4ven om kunskap kring havet varierar och klimatfr\u00e5gan \u00e4r nedprioriterad hos en del f\u00f6rstag\u00e5ngsv\u00e4ljare, lyser glimtar av hopp igenom n\u00e5gra av svaren:<\/p>\n\n\n\n<p>&#8211; Hoppl\u00f6sheten \u00e4r v\u00e4ldigt farlig. Vi f\u00e5r inte tappa hoppet, s\u00e4ger Ludvig Nyqvist.<\/p>\n\n\n\n<p>&#8211; Vi har bara en jord, s\u00e5 vi m\u00e5ste ju \u00e4nd\u00e5 bry oss om den, s\u00e4ger Pontus Carlsson Friberg.<\/p>\n\n\n\n<p class=\"has-text-align-left has-text-color has-link-color wp-elements-626e79666818c236c3ba46a3e7f03c9b\" style=\"color:#4d5359\"><sup><strong>Om Deep Sea Reporter<\/strong>:<strong> <\/strong>V\u00e5r ambition \u00e4r att granska och skildra fr\u00e5gor som r\u00f6r havet och det liv som finns under ytan. Vi verkar i allm\u00e4nhetens tj\u00e4nst och drivs sj\u00e4lvst\u00e4ndigt i f\u00f6rh\u00e5llande till politiska, kommersiella och andra intressen i samh\u00e4llet.<\/sup><\/p>\n","protected":false},"excerpt":{"rendered":"<p>Varje \u00e5r g\u00f6rs en klimatbarometer p\u00e5 uppdrag av WWF som presenterar olika samh\u00e4llsgruppers st\u00e4llning i s\u00e4rskilda valfr\u00e5gor. Samtidigt p\u00e5g\u00e5r en studie i Lund och \u00d6rebro d\u00e4r prelimin\u00e4ra siffror visar att unga lagt klimatfr\u00e5gan bakom sig. Deep Sea Reporter pratade med unga vuxna i Stockholm om deras tankar kring hav och klimat.<\/p>\n","protected":false},"author":4,"featured_media":43012,"comment_status":"closed","ping_status":"closed","sticky":false,"template":"","format":"standard","meta":{"_acf_changed":false,"footnotes":""},"categories":[235,252,580,244],"tags":[1249,4403,4404,4401,4402,4400,4405,814],"class_list":["post-43011","post","type-post","status-publish","format-standard","has-post-thumbnail","hentry","category-fiske","category-forskning","category-internationellt","category-klimat-och-miljo","tag-klimat-och-miljo","tag-klimatbarometer","tag-klimatfragan","tag-riksdagsvalet-2026","tag-unga-om-havet","tag-valfragor","tag-valfragor-2026","tag-wwf"],"acf":[],"yoast_head":"<!-- This site is optimized with the Yoast SEO Premium plugin v27.0 (Yoast SEO v27.0) - https:\/\/yoast.com\/product\/yoast-seo-premium-wordpress\/ -->\n<title>S\u00e5 t\u00e4nker unga kring hav och klimat inf\u00f6r valet 2026 - Deep Sea Reporter<\/title>\n<meta name=\"description\" content=\"Varje \u00e5r g\u00f6rs en klimatbarometer p\u00e5 uppdrag av WWF som presenterar olika samh\u00e4llsgruppers st\u00e4llning i s\u00e4rskilda valfr\u00e5gor. Samtidigt p\u00e5g\u00e5r en studie i Lund och \u00d6rebro d\u00e4r prelimin\u00e4ra siffror visar att unga lagt klimatfr\u00e5gan bakom sig. Deep Sea Reporter pratade med unga vuxna i Stockholm om deras tankar kring hav och klimat.\" \/>\n<meta name=\"robots\" content=\"index, follow, max-snippet:-1, max-image-preview:large, max-video-preview:-1\" \/>\n<link rel=\"canonical\" href=\"https:\/\/www.deepseareporter.com\/sv\/sa-tanker-unga-kring-hav-och-klimat-infor-valet-2026\/\" \/>\n<meta property=\"og:locale\" content=\"sv_SE\" \/>\n<meta property=\"og:type\" content=\"article\" \/>\n<meta property=\"og:title\" content=\"S\u00e5 t\u00e4nker unga kring hav och klimat inf\u00f6r valet 2026 - Deep Sea Reporter\" \/>\n<meta property=\"og:description\" content=\"Varje \u00e5r g\u00f6rs en klimatbarometer p\u00e5 uppdrag av WWF som presenterar olika samh\u00e4llsgruppers st\u00e4llning i s\u00e4rskilda valfr\u00e5gor. Samtidigt p\u00e5g\u00e5r en studie i Lund och \u00d6rebro d\u00e4r prelimin\u00e4ra siffror visar att unga lagt klimatfr\u00e5gan bakom sig. Deep Sea Reporter pratade med unga vuxna i Stockholm om deras tankar kring hav och klimat.\" \/>\n<meta property=\"og:url\" content=\"https:\/\/www.deepseareporter.com\/sv\/sa-tanker-unga-kring-hav-och-klimat-infor-valet-2026\/\" \/>\n<meta property=\"og:site_name\" content=\"Deep Sea Reporter\" \/>\n<meta property=\"article:published_time\" content=\"2026-03-19T09:57:41+00:00\" \/>\n<meta property=\"article:modified_time\" content=\"2026-03-19T10:33:23+00:00\" \/>\n<meta property=\"og:image\" content=\"https:\/\/www.deepseareporter.com\/wp-content\/uploads\/2026\/03\/260310_Ungavuxna_om_Miljo-v4.00_02_28_21.Still001-kopia.jpg\" \/>\n\t<meta property=\"og:image:width\" content=\"1000\" \/>\n\t<meta property=\"og:image:height\" content=\"563\" \/>\n\t<meta property=\"og:image:type\" content=\"image\/jpeg\" \/>\n<meta name=\"author\" content=\"Lena Scherman\" \/>\n<meta name=\"twitter:card\" content=\"summary_large_image\" \/>\n<meta name=\"twitter:label1\" content=\"Skriven av\" \/>\n\t<meta name=\"twitter:data1\" content=\"Lena Scherman\" \/>\n\t<meta name=\"twitter:label2\" content=\"Ber\u00e4knad l\u00e4stid\" \/>\n\t<meta name=\"twitter:data2\" content=\"7 minuter\" \/>\n<script type=\"application\/ld+json\" class=\"yoast-schema-graph\">{\"@context\":\"https:\/\/schema.org\",\"@graph\":[{\"@type\":\"Article\",\"@id\":\"https:\/\/www.deepseareporter.com\/sv\/sa-tanker-unga-kring-hav-och-klimat-infor-valet-2026\/#article\",\"isPartOf\":{\"@id\":\"https:\/\/www.deepseareporter.com\/sv\/sa-tanker-unga-kring-hav-och-klimat-infor-valet-2026\/\"},\"author\":{\"name\":\"Lena Scherman\",\"@id\":\"https:\/\/www.deepseareporter.com\/#\/schema\/person\/8440c67b5dda5c5ae6c70162fedbd434\"},\"headline\":\"S\u00e5 t\u00e4nker unga kring hav och klimat inf\u00f6r valet 2026\",\"datePublished\":\"2026-03-19T09:57:41+00:00\",\"dateModified\":\"2026-03-19T10:33:23+00:00\",\"mainEntityOfPage\":{\"@id\":\"https:\/\/www.deepseareporter.com\/sv\/sa-tanker-unga-kring-hav-och-klimat-infor-valet-2026\/\"},\"wordCount\":1666,\"publisher\":{\"@id\":\"https:\/\/www.deepseareporter.com\/#organization\"},\"image\":{\"@id\":\"https:\/\/www.deepseareporter.com\/sv\/sa-tanker-unga-kring-hav-och-klimat-infor-valet-2026\/#primaryimage\"},\"thumbnailUrl\":\"https:\/\/www.deepseareporter.com\/wp-content\/uploads\/2026\/03\/260310_Ungavuxna_om_Miljo-v4.00_02_28_21.Still001-kopia.jpg\",\"keywords\":[\"klimat och milj\u00f6\",\"klimatbarometer\",\"klimatfr\u00e5gan\",\"riksdagsvalet 2026\",\"unga om havet\",\"valfr\u00e5gor\",\"valfr\u00e5gor 2026\",\"wwf\"],\"articleSection\":[\"Fiske\",\"Forskning\",\"Internationellt\",\"Klimat och Milj\u00f6\"],\"inLanguage\":\"sv-SE\"},{\"@type\":\"WebPage\",\"@id\":\"https:\/\/www.deepseareporter.com\/sv\/sa-tanker-unga-kring-hav-och-klimat-infor-valet-2026\/\",\"url\":\"https:\/\/www.deepseareporter.com\/sv\/sa-tanker-unga-kring-hav-och-klimat-infor-valet-2026\/\",\"name\":\"S\u00e5 t\u00e4nker unga kring hav och klimat inf\u00f6r valet 2026 - Deep Sea Reporter\",\"isPartOf\":{\"@id\":\"https:\/\/www.deepseareporter.com\/#website\"},\"primaryImageOfPage\":{\"@id\":\"https:\/\/www.deepseareporter.com\/sv\/sa-tanker-unga-kring-hav-och-klimat-infor-valet-2026\/#primaryimage\"},\"image\":{\"@id\":\"https:\/\/www.deepseareporter.com\/sv\/sa-tanker-unga-kring-hav-och-klimat-infor-valet-2026\/#primaryimage\"},\"thumbnailUrl\":\"https:\/\/www.deepseareporter.com\/wp-content\/uploads\/2026\/03\/260310_Ungavuxna_om_Miljo-v4.00_02_28_21.Still001-kopia.jpg\",\"datePublished\":\"2026-03-19T09:57:41+00:00\",\"dateModified\":\"2026-03-19T10:33:23+00:00\",\"description\":\"Varje \u00e5r g\u00f6rs en klimatbarometer p\u00e5 uppdrag av WWF som presenterar olika samh\u00e4llsgruppers st\u00e4llning i s\u00e4rskilda valfr\u00e5gor. Samtidigt p\u00e5g\u00e5r en studie i Lund och \u00d6rebro d\u00e4r prelimin\u00e4ra siffror visar att unga lagt klimatfr\u00e5gan bakom sig. Deep Sea Reporter pratade med unga vuxna i Stockholm om deras tankar kring hav och klimat.\",\"breadcrumb\":{\"@id\":\"https:\/\/www.deepseareporter.com\/sv\/sa-tanker-unga-kring-hav-och-klimat-infor-valet-2026\/#breadcrumb\"},\"inLanguage\":\"sv-SE\",\"potentialAction\":[{\"@type\":\"ReadAction\",\"target\":[\"https:\/\/www.deepseareporter.com\/sv\/sa-tanker-unga-kring-hav-och-klimat-infor-valet-2026\/\"]}]},{\"@type\":\"ImageObject\",\"inLanguage\":\"sv-SE\",\"@id\":\"https:\/\/www.deepseareporter.com\/sv\/sa-tanker-unga-kring-hav-och-klimat-infor-valet-2026\/#primaryimage\",\"url\":\"https:\/\/www.deepseareporter.com\/wp-content\/uploads\/2026\/03\/260310_Ungavuxna_om_Miljo-v4.00_02_28_21.Still001-kopia.jpg\",\"contentUrl\":\"https:\/\/www.deepseareporter.com\/wp-content\/uploads\/2026\/03\/260310_Ungavuxna_om_Miljo-v4.00_02_28_21.Still001-kopia.jpg\",\"width\":1000,\"height\":563,\"caption\":\"Tre ungdomar ute p\u00e5 stan st\u00e5r och pratar med varandra.\"},{\"@type\":\"BreadcrumbList\",\"@id\":\"https:\/\/www.deepseareporter.com\/sv\/sa-tanker-unga-kring-hav-och-klimat-infor-valet-2026\/#breadcrumb\",\"itemListElement\":[{\"@type\":\"ListItem\",\"position\":1,\"name\":\"Hem\",\"item\":\"https:\/\/www.deepseareporter.com\/sv\/\"},{\"@type\":\"ListItem\",\"position\":2,\"name\":\"S\u00e5 t\u00e4nker unga kring hav och klimat inf\u00f6r valet 2026\"}]},{\"@type\":\"WebSite\",\"@id\":\"https:\/\/www.deepseareporter.com\/#website\",\"url\":\"https:\/\/www.deepseareporter.com\/\",\"name\":\"Deep Sea Reporter\",\"description\":\"Ett digitalt magasin om havet\",\"publisher\":{\"@id\":\"https:\/\/www.deepseareporter.com\/#organization\"},\"potentialAction\":[{\"@type\":\"SearchAction\",\"target\":{\"@type\":\"EntryPoint\",\"urlTemplate\":\"https:\/\/www.deepseareporter.com\/?s={search_term_string}\"},\"query-input\":{\"@type\":\"PropertyValueSpecification\",\"valueRequired\":true,\"valueName\":\"search_term_string\"}}],\"inLanguage\":\"sv-SE\"},{\"@type\":\"Organization\",\"@id\":\"https:\/\/www.deepseareporter.com\/#organization\",\"name\":\"Deep Sea Reporter\",\"url\":\"https:\/\/www.deepseareporter.com\/\",\"logo\":{\"@type\":\"ImageObject\",\"inLanguage\":\"sv-SE\",\"@id\":\"https:\/\/www.deepseareporter.com\/#\/schema\/logo\/image\/\",\"url\":\"https:\/\/www.deepseareporter.com\/wp-content\/uploads\/2024\/10\/dsr-bla-ny-logga.svg\",\"contentUrl\":\"https:\/\/www.deepseareporter.com\/wp-content\/uploads\/2024\/10\/dsr-bla-ny-logga.svg\",\"width\":834,\"height\":504,\"caption\":\"Deep Sea Reporter\"},\"image\":{\"@id\":\"https:\/\/www.deepseareporter.com\/#\/schema\/logo\/image\/\"}},{\"@type\":\"Person\",\"@id\":\"https:\/\/www.deepseareporter.com\/#\/schema\/person\/8440c67b5dda5c5ae6c70162fedbd434\",\"name\":\"Lena Scherman\"}]}<\/script>\n<!-- \/ Yoast SEO Premium plugin. -->","yoast_head_json":{"title":"S\u00e5 t\u00e4nker unga kring hav och klimat inf\u00f6r valet 2026 - Deep Sea Reporter","description":"Varje \u00e5r g\u00f6rs en klimatbarometer p\u00e5 uppdrag av WWF som presenterar olika samh\u00e4llsgruppers st\u00e4llning i s\u00e4rskilda valfr\u00e5gor. Samtidigt p\u00e5g\u00e5r en studie i Lund och \u00d6rebro d\u00e4r prelimin\u00e4ra siffror visar att unga lagt klimatfr\u00e5gan bakom sig. Deep Sea Reporter pratade med unga vuxna i Stockholm om deras tankar kring hav och klimat.","robots":{"index":"index","follow":"follow","max-snippet":"max-snippet:-1","max-image-preview":"max-image-preview:large","max-video-preview":"max-video-preview:-1"},"canonical":"https:\/\/www.deepseareporter.com\/sv\/sa-tanker-unga-kring-hav-och-klimat-infor-valet-2026\/","og_locale":"sv_SE","og_type":"article","og_title":"S\u00e5 t\u00e4nker unga kring hav och klimat inf\u00f6r valet 2026 - Deep Sea Reporter","og_description":"Varje \u00e5r g\u00f6rs en klimatbarometer p\u00e5 uppdrag av WWF som presenterar olika samh\u00e4llsgruppers st\u00e4llning i s\u00e4rskilda valfr\u00e5gor. Samtidigt p\u00e5g\u00e5r en studie i Lund och \u00d6rebro d\u00e4r prelimin\u00e4ra siffror visar att unga lagt klimatfr\u00e5gan bakom sig. Deep Sea Reporter pratade med unga vuxna i Stockholm om deras tankar kring hav och klimat.","og_url":"https:\/\/www.deepseareporter.com\/sv\/sa-tanker-unga-kring-hav-och-klimat-infor-valet-2026\/","og_site_name":"Deep Sea Reporter","article_published_time":"2026-03-19T09:57:41+00:00","article_modified_time":"2026-03-19T10:33:23+00:00","og_image":[{"width":1000,"height":563,"url":"https:\/\/www.deepseareporter.com\/wp-content\/uploads\/2026\/03\/260310_Ungavuxna_om_Miljo-v4.00_02_28_21.Still001-kopia.jpg","type":"image\/jpeg"}],"author":"Lena Scherman","twitter_card":"summary_large_image","twitter_misc":{"Skriven av":"Lena Scherman","Ber\u00e4knad l\u00e4stid":"7 minuter"},"schema":{"@context":"https:\/\/schema.org","@graph":[{"@type":"Article","@id":"https:\/\/www.deepseareporter.com\/sv\/sa-tanker-unga-kring-hav-och-klimat-infor-valet-2026\/#article","isPartOf":{"@id":"https:\/\/www.deepseareporter.com\/sv\/sa-tanker-unga-kring-hav-och-klimat-infor-valet-2026\/"},"author":{"name":"Lena Scherman","@id":"https:\/\/www.deepseareporter.com\/#\/schema\/person\/8440c67b5dda5c5ae6c70162fedbd434"},"headline":"S\u00e5 t\u00e4nker unga kring hav och klimat inf\u00f6r valet 2026","datePublished":"2026-03-19T09:57:41+00:00","dateModified":"2026-03-19T10:33:23+00:00","mainEntityOfPage":{"@id":"https:\/\/www.deepseareporter.com\/sv\/sa-tanker-unga-kring-hav-och-klimat-infor-valet-2026\/"},"wordCount":1666,"publisher":{"@id":"https:\/\/www.deepseareporter.com\/#organization"},"image":{"@id":"https:\/\/www.deepseareporter.com\/sv\/sa-tanker-unga-kring-hav-och-klimat-infor-valet-2026\/#primaryimage"},"thumbnailUrl":"https:\/\/www.deepseareporter.com\/wp-content\/uploads\/2026\/03\/260310_Ungavuxna_om_Miljo-v4.00_02_28_21.Still001-kopia.jpg","keywords":["klimat och milj\u00f6","klimatbarometer","klimatfr\u00e5gan","riksdagsvalet 2026","unga om havet","valfr\u00e5gor","valfr\u00e5gor 2026","wwf"],"articleSection":["Fiske","Forskning","Internationellt","Klimat och Milj\u00f6"],"inLanguage":"sv-SE"},{"@type":"WebPage","@id":"https:\/\/www.deepseareporter.com\/sv\/sa-tanker-unga-kring-hav-och-klimat-infor-valet-2026\/","url":"https:\/\/www.deepseareporter.com\/sv\/sa-tanker-unga-kring-hav-och-klimat-infor-valet-2026\/","name":"S\u00e5 t\u00e4nker unga kring hav och klimat inf\u00f6r valet 2026 - Deep Sea Reporter","isPartOf":{"@id":"https:\/\/www.deepseareporter.com\/#website"},"primaryImageOfPage":{"@id":"https:\/\/www.deepseareporter.com\/sv\/sa-tanker-unga-kring-hav-och-klimat-infor-valet-2026\/#primaryimage"},"image":{"@id":"https:\/\/www.deepseareporter.com\/sv\/sa-tanker-unga-kring-hav-och-klimat-infor-valet-2026\/#primaryimage"},"thumbnailUrl":"https:\/\/www.deepseareporter.com\/wp-content\/uploads\/2026\/03\/260310_Ungavuxna_om_Miljo-v4.00_02_28_21.Still001-kopia.jpg","datePublished":"2026-03-19T09:57:41+00:00","dateModified":"2026-03-19T10:33:23+00:00","description":"Varje \u00e5r g\u00f6rs en klimatbarometer p\u00e5 uppdrag av WWF som presenterar olika samh\u00e4llsgruppers st\u00e4llning i s\u00e4rskilda valfr\u00e5gor. Samtidigt p\u00e5g\u00e5r en studie i Lund och \u00d6rebro d\u00e4r prelimin\u00e4ra siffror visar att unga lagt klimatfr\u00e5gan bakom sig. Deep Sea Reporter pratade med unga vuxna i Stockholm om deras tankar kring hav och klimat.","breadcrumb":{"@id":"https:\/\/www.deepseareporter.com\/sv\/sa-tanker-unga-kring-hav-och-klimat-infor-valet-2026\/#breadcrumb"},"inLanguage":"sv-SE","potentialAction":[{"@type":"ReadAction","target":["https:\/\/www.deepseareporter.com\/sv\/sa-tanker-unga-kring-hav-och-klimat-infor-valet-2026\/"]}]},{"@type":"ImageObject","inLanguage":"sv-SE","@id":"https:\/\/www.deepseareporter.com\/sv\/sa-tanker-unga-kring-hav-och-klimat-infor-valet-2026\/#primaryimage","url":"https:\/\/www.deepseareporter.com\/wp-content\/uploads\/2026\/03\/260310_Ungavuxna_om_Miljo-v4.00_02_28_21.Still001-kopia.jpg","contentUrl":"https:\/\/www.deepseareporter.com\/wp-content\/uploads\/2026\/03\/260310_Ungavuxna_om_Miljo-v4.00_02_28_21.Still001-kopia.jpg","width":1000,"height":563,"caption":"Tre ungdomar ute p\u00e5 stan st\u00e5r och pratar med varandra."},{"@type":"BreadcrumbList","@id":"https:\/\/www.deepseareporter.com\/sv\/sa-tanker-unga-kring-hav-och-klimat-infor-valet-2026\/#breadcrumb","itemListElement":[{"@type":"ListItem","position":1,"name":"Hem","item":"https:\/\/www.deepseareporter.com\/sv\/"},{"@type":"ListItem","position":2,"name":"S\u00e5 t\u00e4nker unga kring hav och klimat inf\u00f6r valet 2026"}]},{"@type":"WebSite","@id":"https:\/\/www.deepseareporter.com\/#website","url":"https:\/\/www.deepseareporter.com\/","name":"Deep Sea Reporter","description":"Ett digitalt magasin om havet","publisher":{"@id":"https:\/\/www.deepseareporter.com\/#organization"},"potentialAction":[{"@type":"SearchAction","target":{"@type":"EntryPoint","urlTemplate":"https:\/\/www.deepseareporter.com\/?s={search_term_string}"},"query-input":{"@type":"PropertyValueSpecification","valueRequired":true,"valueName":"search_term_string"}}],"inLanguage":"sv-SE"},{"@type":"Organization","@id":"https:\/\/www.deepseareporter.com\/#organization","name":"Deep Sea Reporter","url":"https:\/\/www.deepseareporter.com\/","logo":{"@type":"ImageObject","inLanguage":"sv-SE","@id":"https:\/\/www.deepseareporter.com\/#\/schema\/logo\/image\/","url":"https:\/\/www.deepseareporter.com\/wp-content\/uploads\/2024\/10\/dsr-bla-ny-logga.svg","contentUrl":"https:\/\/www.deepseareporter.com\/wp-content\/uploads\/2024\/10\/dsr-bla-ny-logga.svg","width":834,"height":504,"caption":"Deep Sea Reporter"},"image":{"@id":"https:\/\/www.deepseareporter.com\/#\/schema\/logo\/image\/"}},{"@type":"Person","@id":"https:\/\/www.deepseareporter.com\/#\/schema\/person\/8440c67b5dda5c5ae6c70162fedbd434","name":"Lena Scherman"}]}},"_links":{"self":[{"href":"https:\/\/www.deepseareporter.com\/sv\/wp-json\/wp\/v2\/posts\/43011","targetHints":{"allow":["GET"]}}],"collection":[{"href":"https:\/\/www.deepseareporter.com\/sv\/wp-json\/wp\/v2\/posts"}],"about":[{"href":"https:\/\/www.deepseareporter.com\/sv\/wp-json\/wp\/v2\/types\/post"}],"author":[{"embeddable":true,"href":"https:\/\/www.deepseareporter.com\/sv\/wp-json\/wp\/v2\/users\/4"}],"replies":[{"embeddable":true,"href":"https:\/\/www.deepseareporter.com\/sv\/wp-json\/wp\/v2\/comments?post=43011"}],"version-history":[{"count":2,"href":"https:\/\/www.deepseareporter.com\/sv\/wp-json\/wp\/v2\/posts\/43011\/revisions"}],"predecessor-version":[{"id":43025,"href":"https:\/\/www.deepseareporter.com\/sv\/wp-json\/wp\/v2\/posts\/43011\/revisions\/43025"}],"wp:featuredmedia":[{"embeddable":true,"href":"https:\/\/www.deepseareporter.com\/sv\/wp-json\/wp\/v2\/media\/43012"}],"wp:attachment":[{"href":"https:\/\/www.deepseareporter.com\/sv\/wp-json\/wp\/v2\/media?parent=43011"}],"wp:term":[{"taxonomy":"category","embeddable":true,"href":"https:\/\/www.deepseareporter.com\/sv\/wp-json\/wp\/v2\/categories?post=43011"},{"taxonomy":"post_tag","embeddable":true,"href":"https:\/\/www.deepseareporter.com\/sv\/wp-json\/wp\/v2\/tags?post=43011"}],"curies":[{"name":"wp","href":"https:\/\/api.w.org\/{rel}","templated":true}]}}