{"id":42943,"date":"2026-03-17T10:16:53","date_gmt":"2026-03-17T09:16:53","guid":{"rendered":"https:\/\/www.deepseareporter.com\/?p=42943"},"modified":"2026-03-17T10:17:52","modified_gmt":"2026-03-17T09:17:52","slug":"fortsatt-bottentralning-i-vara-marina-skyddsomraden","status":"publish","type":"post","link":"https:\/\/www.deepseareporter.com\/sv\/fortsatt-bottentralning-i-vara-marina-skyddsomraden\/","title":{"rendered":"Fortsatt bottentr\u00e5lning i v\u00e5ra marina skyddsomr\u00e5den"},"content":{"rendered":"\n<p><strong>Riksdagen har beslutat om ett f\u00f6rbud mot bottentr\u00e5lning i v\u00e5ra marina skyddade omr\u00e5den. F\u00f6rbudet ska b\u00f6rja g\u00e4lla den 1:a juli i \u00e5r. Samtidigt har de \u00f6ppnat upp f\u00f6r att medge undantag och det f\u00f6resl\u00e5r nu Havs- och vattenmyndigheten (HaV) ska g\u00e4lla i Kosterhavets nationalpark.<\/strong><\/p>\n\n\n\n<p class=\"has-text-align-center\"><sup>Text: Tobias Dahlin<\/sup><\/p>\n\n\n\n<p>Myndigheten menar att bottentr\u00e5lningen i Kosterhavets nationalpark kan fortg\u00e5 d\u00e5 syftet med skyddet \u00e4nd\u00e5 uppn\u00e5s och refererar till den bed\u00f6mning L\u00e4nsstyrelsen i V\u00e4stra G\u00f6talands l\u00e4ns har gjort. HaV skriver att ett tr\u00e5lstopp f\u00f6rvisso skulle ge en positiv milj\u00f6effekt i nationalparken men att ett stopp skulle leda till betydande socioekonomiska f\u00f6rluster f\u00f6r fisket i norra Bohusl\u00e4n.<\/p>\n\n\n\n<p>I Gullmarsfjorden inf\u00f6rs ett stopp f\u00f6r bottentr\u00e5lning men HaV vill att f\u00f6rbudet skjuts upp ett \u00e5r, till den 1:a juli 2027, f\u00f6r att de som fiskar d\u00e4r ska hinna st\u00e4lla om.<\/p>\n\n\n\n<p>Slutgiltigt beslut om bottentr\u00e5lningen i de marina skyddade omr\u00e5dena f\u00f6rv\u00e4ntas tas senare under v\u00e5ren.&nbsp;<\/p>\n\n\n\n<p>Deep Sea Reporter har tidigare i \u00e5r publicerat granskningar om <a href=\"https:\/\/www.deepseareporter.com\/sv\/unika-bilder-avslojar-sondertralade-bottnar-i-gullmarsfjordens-skyddsomrade\/\">bottentr\u00e5lning i Gullmarsfjorden<\/a> och i <a href=\"https:\/\/www.deepseareporter.com\/sv\/kosterhavets-nationalpark-en-papperspark\/\">Kosterhavets nationalpark<\/a>.<\/p>\n\n\n\n<p class=\"has-text-color has-link-color wp-elements-598a45661a4a1bb54c2335d31c55d90a\" style=\"color:#4b5156\"><sup><strong>Om Deep Sea Reporter<\/strong>:<strong> <\/strong>V\u00e5r ambition \u00e4r att granska och skildra fr\u00e5gor som r\u00f6r havet och det liv som finns under ytan. Vi verkar i allm\u00e4nhetens tj\u00e4nst och drivs sj\u00e4lvst\u00e4ndigt i f\u00f6rh\u00e5llande till politiska, kommersiella och andra intressen i samh\u00e4llet.<\/sup><\/p>\n\n\n\n<p><\/p>\n","protected":false},"excerpt":{"rendered":"<p>Riksdagen har beslutat om ett f\u00f6rbud mot bottentr\u00e5lning i v\u00e5ra marina skyddade omr\u00e5den. F\u00f6rbudet ska b\u00f6rja g\u00e4lla den 1:a juli i \u00e5r. Samtidigt har de \u00f6ppnat upp f\u00f6r att medge undantag och det f\u00f6resl\u00e5r nu Havs- och vattenmyndigheten (HaV) ska g\u00e4lla i Kosterhavets nationalpark.<\/p>\n","protected":false},"author":4,"featured_media":42944,"comment_status":"closed","ping_status":"closed","sticky":false,"template":"","format":"standard","meta":{"_acf_changed":false,"footnotes":""},"categories":[235,244,581],"tags":[1190,236,1915,2466,314,349],"class_list":["post-42943","post","type-post","status-publish","format-standard","has-post-thumbnail","hentry","category-fiske","category-klimat-och-miljo","category-vastkusten","tag-bottentralning","tag-fiske","tag-gullmarsfjorden","tag-havs-och-vattenmyndigheten-2","tag-kosterhavets-nationalpark","tag-vastkusten"],"acf":[],"yoast_head":"<!-- This site is optimized with the Yoast SEO Premium plugin v27.0 (Yoast SEO v27.0) - https:\/\/yoast.com\/product\/yoast-seo-premium-wordpress\/ -->\n<title>Fortsatt bottentr\u00e5lning i v\u00e5ra marina skyddsomr\u00e5den - Deep Sea Reporter<\/title>\n<meta name=\"description\" content=\"Riksdagen har beslutat om ett f\u00f6rbud mot bottentr\u00e5lning i v\u00e5ra marina skyddade omr\u00e5den. F\u00f6rbudet ska b\u00f6rja g\u00e4lla den 1:a juli i \u00e5r. Samtidigt har de \u00f6ppnat upp f\u00f6r att medge undantag och det f\u00f6resl\u00e5r nu Havs- och vattenmyndigheten (HaV) ska g\u00e4lla i Kosterhavets nationalpark.\" \/>\n<meta name=\"robots\" content=\"index, follow, max-snippet:-1, max-image-preview:large, max-video-preview:-1\" \/>\n<link rel=\"canonical\" href=\"https:\/\/www.deepseareporter.com\/sv\/fortsatt-bottentralning-i-vara-marina-skyddsomraden\/\" \/>\n<meta property=\"og:locale\" content=\"sv_SE\" \/>\n<meta property=\"og:type\" content=\"article\" \/>\n<meta property=\"og:title\" content=\"Fortsatt bottentr\u00e5lning i v\u00e5ra marina skyddsomr\u00e5den - Deep Sea Reporter\" \/>\n<meta property=\"og:description\" content=\"Riksdagen har beslutat om ett f\u00f6rbud mot bottentr\u00e5lning i v\u00e5ra marina skyddade omr\u00e5den. F\u00f6rbudet ska b\u00f6rja g\u00e4lla den 1:a juli i \u00e5r. Samtidigt har de \u00f6ppnat upp f\u00f6r att medge undantag och det f\u00f6resl\u00e5r nu Havs- och vattenmyndigheten (HaV) ska g\u00e4lla i Kosterhavets nationalpark.\" \/>\n<meta property=\"og:url\" content=\"https:\/\/www.deepseareporter.com\/sv\/fortsatt-bottentralning-i-vara-marina-skyddsomraden\/\" \/>\n<meta property=\"og:site_name\" content=\"Deep Sea Reporter\" \/>\n<meta property=\"article:published_time\" content=\"2026-03-17T09:16:53+00:00\" \/>\n<meta property=\"article:modified_time\" content=\"2026-03-17T09:17:52+00:00\" \/>\n<meta property=\"og:image\" content=\"https:\/\/www.deepseareporter.com\/wp-content\/uploads\/2026\/03\/Skarmavbild-2026-03-17-kl.-10.07.28.jpg\" \/>\n\t<meta property=\"og:image:width\" content=\"1149\" \/>\n\t<meta property=\"og:image:height\" content=\"652\" \/>\n\t<meta property=\"og:image:type\" content=\"image\/jpeg\" \/>\n<meta name=\"author\" content=\"Lena Scherman\" \/>\n<meta name=\"twitter:card\" content=\"summary_large_image\" \/>\n<meta name=\"twitter:label1\" content=\"Skriven av\" \/>\n\t<meta name=\"twitter:data1\" content=\"Lena Scherman\" \/>\n\t<meta name=\"twitter:label2\" content=\"Ber\u00e4knad l\u00e4stid\" \/>\n\t<meta name=\"twitter:data2\" content=\"2 minuter\" \/>\n<script type=\"application\/ld+json\" class=\"yoast-schema-graph\">{\"@context\":\"https:\/\/schema.org\",\"@graph\":[{\"@type\":\"Article\",\"@id\":\"https:\/\/www.deepseareporter.com\/sv\/fortsatt-bottentralning-i-vara-marina-skyddsomraden\/#article\",\"isPartOf\":{\"@id\":\"https:\/\/www.deepseareporter.com\/sv\/fortsatt-bottentralning-i-vara-marina-skyddsomraden\/\"},\"author\":{\"name\":\"Lena Scherman\",\"@id\":\"https:\/\/www.deepseareporter.com\/#\/schema\/person\/8440c67b5dda5c5ae6c70162fedbd434\"},\"headline\":\"Fortsatt bottentr\u00e5lning i v\u00e5ra marina skyddsomr\u00e5den\",\"datePublished\":\"2026-03-17T09:16:53+00:00\",\"dateModified\":\"2026-03-17T09:17:52+00:00\",\"mainEntityOfPage\":{\"@id\":\"https:\/\/www.deepseareporter.com\/sv\/fortsatt-bottentralning-i-vara-marina-skyddsomraden\/\"},\"wordCount\":260,\"publisher\":{\"@id\":\"https:\/\/www.deepseareporter.com\/#organization\"},\"image\":{\"@id\":\"https:\/\/www.deepseareporter.com\/sv\/fortsatt-bottentralning-i-vara-marina-skyddsomraden\/#primaryimage\"},\"thumbnailUrl\":\"https:\/\/www.deepseareporter.com\/wp-content\/uploads\/2026\/03\/Skarmavbild-2026-03-17-kl.-10.07.28.jpg\",\"keywords\":[\"bottentr\u00e5lning\",\"Fiske\",\"gullmarsfjorden\",\"havs och vattenmyndigheten\",\"kosterhavets nationalpark\",\"V\u00e4stkusten\"],\"articleSection\":[\"Fiske\",\"Klimat och Milj\u00f6\",\"V\u00e4stkusten\"],\"inLanguage\":\"sv-SE\"},{\"@type\":\"WebPage\",\"@id\":\"https:\/\/www.deepseareporter.com\/sv\/fortsatt-bottentralning-i-vara-marina-skyddsomraden\/\",\"url\":\"https:\/\/www.deepseareporter.com\/sv\/fortsatt-bottentralning-i-vara-marina-skyddsomraden\/\",\"name\":\"Fortsatt bottentr\u00e5lning i v\u00e5ra marina skyddsomr\u00e5den - Deep Sea Reporter\",\"isPartOf\":{\"@id\":\"https:\/\/www.deepseareporter.com\/#website\"},\"primaryImageOfPage\":{\"@id\":\"https:\/\/www.deepseareporter.com\/sv\/fortsatt-bottentralning-i-vara-marina-skyddsomraden\/#primaryimage\"},\"image\":{\"@id\":\"https:\/\/www.deepseareporter.com\/sv\/fortsatt-bottentralning-i-vara-marina-skyddsomraden\/#primaryimage\"},\"thumbnailUrl\":\"https:\/\/www.deepseareporter.com\/wp-content\/uploads\/2026\/03\/Skarmavbild-2026-03-17-kl.-10.07.28.jpg\",\"datePublished\":\"2026-03-17T09:16:53+00:00\",\"dateModified\":\"2026-03-17T09:17:52+00:00\",\"description\":\"Riksdagen har beslutat om ett f\u00f6rbud mot bottentr\u00e5lning i v\u00e5ra marina skyddade omr\u00e5den. F\u00f6rbudet ska b\u00f6rja g\u00e4lla den 1:a juli i \u00e5r. Samtidigt har de \u00f6ppnat upp f\u00f6r att medge undantag och det f\u00f6resl\u00e5r nu Havs- och vattenmyndigheten (HaV) ska g\u00e4lla i Kosterhavets nationalpark.\",\"breadcrumb\":{\"@id\":\"https:\/\/www.deepseareporter.com\/sv\/fortsatt-bottentralning-i-vara-marina-skyddsomraden\/#breadcrumb\"},\"inLanguage\":\"sv-SE\",\"potentialAction\":[{\"@type\":\"ReadAction\",\"target\":[\"https:\/\/www.deepseareporter.com\/sv\/fortsatt-bottentralning-i-vara-marina-skyddsomraden\/\"]}]},{\"@type\":\"ImageObject\",\"inLanguage\":\"sv-SE\",\"@id\":\"https:\/\/www.deepseareporter.com\/sv\/fortsatt-bottentralning-i-vara-marina-skyddsomraden\/#primaryimage\",\"url\":\"https:\/\/www.deepseareporter.com\/wp-content\/uploads\/2026\/03\/Skarmavbild-2026-03-17-kl.-10.07.28.jpg\",\"contentUrl\":\"https:\/\/www.deepseareporter.com\/wp-content\/uploads\/2026\/03\/Skarmavbild-2026-03-17-kl.-10.07.28.jpg\",\"width\":1149,\"height\":652,\"caption\":\"Screenshot\"},{\"@type\":\"BreadcrumbList\",\"@id\":\"https:\/\/www.deepseareporter.com\/sv\/fortsatt-bottentralning-i-vara-marina-skyddsomraden\/#breadcrumb\",\"itemListElement\":[{\"@type\":\"ListItem\",\"position\":1,\"name\":\"Hem\",\"item\":\"https:\/\/www.deepseareporter.com\/sv\/\"},{\"@type\":\"ListItem\",\"position\":2,\"name\":\"Fortsatt bottentr\u00e5lning i v\u00e5ra marina skyddsomr\u00e5den\"}]},{\"@type\":\"WebSite\",\"@id\":\"https:\/\/www.deepseareporter.com\/#website\",\"url\":\"https:\/\/www.deepseareporter.com\/\",\"name\":\"Deep Sea Reporter\",\"description\":\"Ett digitalt magasin om havet\",\"publisher\":{\"@id\":\"https:\/\/www.deepseareporter.com\/#organization\"},\"potentialAction\":[{\"@type\":\"SearchAction\",\"target\":{\"@type\":\"EntryPoint\",\"urlTemplate\":\"https:\/\/www.deepseareporter.com\/?s={search_term_string}\"},\"query-input\":{\"@type\":\"PropertyValueSpecification\",\"valueRequired\":true,\"valueName\":\"search_term_string\"}}],\"inLanguage\":\"sv-SE\"},{\"@type\":\"Organization\",\"@id\":\"https:\/\/www.deepseareporter.com\/#organization\",\"name\":\"Deep Sea Reporter\",\"url\":\"https:\/\/www.deepseareporter.com\/\",\"logo\":{\"@type\":\"ImageObject\",\"inLanguage\":\"sv-SE\",\"@id\":\"https:\/\/www.deepseareporter.com\/#\/schema\/logo\/image\/\",\"url\":\"https:\/\/www.deepseareporter.com\/wp-content\/uploads\/2024\/10\/dsr-bla-ny-logga.svg\",\"contentUrl\":\"https:\/\/www.deepseareporter.com\/wp-content\/uploads\/2024\/10\/dsr-bla-ny-logga.svg\",\"width\":834,\"height\":504,\"caption\":\"Deep Sea Reporter\"},\"image\":{\"@id\":\"https:\/\/www.deepseareporter.com\/#\/schema\/logo\/image\/\"}},{\"@type\":\"Person\",\"@id\":\"https:\/\/www.deepseareporter.com\/#\/schema\/person\/8440c67b5dda5c5ae6c70162fedbd434\",\"name\":\"Lena Scherman\"}]}<\/script>\n<!-- \/ Yoast SEO Premium plugin. -->","yoast_head_json":{"title":"Fortsatt bottentr\u00e5lning i v\u00e5ra marina skyddsomr\u00e5den - Deep Sea Reporter","description":"Riksdagen har beslutat om ett f\u00f6rbud mot bottentr\u00e5lning i v\u00e5ra marina skyddade omr\u00e5den. F\u00f6rbudet ska b\u00f6rja g\u00e4lla den 1:a juli i \u00e5r. Samtidigt har de \u00f6ppnat upp f\u00f6r att medge undantag och det f\u00f6resl\u00e5r nu Havs- och vattenmyndigheten (HaV) ska g\u00e4lla i Kosterhavets nationalpark.","robots":{"index":"index","follow":"follow","max-snippet":"max-snippet:-1","max-image-preview":"max-image-preview:large","max-video-preview":"max-video-preview:-1"},"canonical":"https:\/\/www.deepseareporter.com\/sv\/fortsatt-bottentralning-i-vara-marina-skyddsomraden\/","og_locale":"sv_SE","og_type":"article","og_title":"Fortsatt bottentr\u00e5lning i v\u00e5ra marina skyddsomr\u00e5den - Deep Sea Reporter","og_description":"Riksdagen har beslutat om ett f\u00f6rbud mot bottentr\u00e5lning i v\u00e5ra marina skyddade omr\u00e5den. F\u00f6rbudet ska b\u00f6rja g\u00e4lla den 1:a juli i \u00e5r. Samtidigt har de \u00f6ppnat upp f\u00f6r att medge undantag och det f\u00f6resl\u00e5r nu Havs- och vattenmyndigheten (HaV) ska g\u00e4lla i Kosterhavets nationalpark.","og_url":"https:\/\/www.deepseareporter.com\/sv\/fortsatt-bottentralning-i-vara-marina-skyddsomraden\/","og_site_name":"Deep Sea Reporter","article_published_time":"2026-03-17T09:16:53+00:00","article_modified_time":"2026-03-17T09:17:52+00:00","og_image":[{"width":1149,"height":652,"url":"https:\/\/www.deepseareporter.com\/wp-content\/uploads\/2026\/03\/Skarmavbild-2026-03-17-kl.-10.07.28.jpg","type":"image\/jpeg"}],"author":"Lena Scherman","twitter_card":"summary_large_image","twitter_misc":{"Skriven av":"Lena Scherman","Ber\u00e4knad l\u00e4stid":"2 minuter"},"schema":{"@context":"https:\/\/schema.org","@graph":[{"@type":"Article","@id":"https:\/\/www.deepseareporter.com\/sv\/fortsatt-bottentralning-i-vara-marina-skyddsomraden\/#article","isPartOf":{"@id":"https:\/\/www.deepseareporter.com\/sv\/fortsatt-bottentralning-i-vara-marina-skyddsomraden\/"},"author":{"name":"Lena Scherman","@id":"https:\/\/www.deepseareporter.com\/#\/schema\/person\/8440c67b5dda5c5ae6c70162fedbd434"},"headline":"Fortsatt bottentr\u00e5lning i v\u00e5ra marina skyddsomr\u00e5den","datePublished":"2026-03-17T09:16:53+00:00","dateModified":"2026-03-17T09:17:52+00:00","mainEntityOfPage":{"@id":"https:\/\/www.deepseareporter.com\/sv\/fortsatt-bottentralning-i-vara-marina-skyddsomraden\/"},"wordCount":260,"publisher":{"@id":"https:\/\/www.deepseareporter.com\/#organization"},"image":{"@id":"https:\/\/www.deepseareporter.com\/sv\/fortsatt-bottentralning-i-vara-marina-skyddsomraden\/#primaryimage"},"thumbnailUrl":"https:\/\/www.deepseareporter.com\/wp-content\/uploads\/2026\/03\/Skarmavbild-2026-03-17-kl.-10.07.28.jpg","keywords":["bottentr\u00e5lning","Fiske","gullmarsfjorden","havs och vattenmyndigheten","kosterhavets nationalpark","V\u00e4stkusten"],"articleSection":["Fiske","Klimat och Milj\u00f6","V\u00e4stkusten"],"inLanguage":"sv-SE"},{"@type":"WebPage","@id":"https:\/\/www.deepseareporter.com\/sv\/fortsatt-bottentralning-i-vara-marina-skyddsomraden\/","url":"https:\/\/www.deepseareporter.com\/sv\/fortsatt-bottentralning-i-vara-marina-skyddsomraden\/","name":"Fortsatt bottentr\u00e5lning i v\u00e5ra marina skyddsomr\u00e5den - Deep Sea Reporter","isPartOf":{"@id":"https:\/\/www.deepseareporter.com\/#website"},"primaryImageOfPage":{"@id":"https:\/\/www.deepseareporter.com\/sv\/fortsatt-bottentralning-i-vara-marina-skyddsomraden\/#primaryimage"},"image":{"@id":"https:\/\/www.deepseareporter.com\/sv\/fortsatt-bottentralning-i-vara-marina-skyddsomraden\/#primaryimage"},"thumbnailUrl":"https:\/\/www.deepseareporter.com\/wp-content\/uploads\/2026\/03\/Skarmavbild-2026-03-17-kl.-10.07.28.jpg","datePublished":"2026-03-17T09:16:53+00:00","dateModified":"2026-03-17T09:17:52+00:00","description":"Riksdagen har beslutat om ett f\u00f6rbud mot bottentr\u00e5lning i v\u00e5ra marina skyddade omr\u00e5den. F\u00f6rbudet ska b\u00f6rja g\u00e4lla den 1:a juli i \u00e5r. Samtidigt har de \u00f6ppnat upp f\u00f6r att medge undantag och det f\u00f6resl\u00e5r nu Havs- och vattenmyndigheten (HaV) ska g\u00e4lla i Kosterhavets nationalpark.","breadcrumb":{"@id":"https:\/\/www.deepseareporter.com\/sv\/fortsatt-bottentralning-i-vara-marina-skyddsomraden\/#breadcrumb"},"inLanguage":"sv-SE","potentialAction":[{"@type":"ReadAction","target":["https:\/\/www.deepseareporter.com\/sv\/fortsatt-bottentralning-i-vara-marina-skyddsomraden\/"]}]},{"@type":"ImageObject","inLanguage":"sv-SE","@id":"https:\/\/www.deepseareporter.com\/sv\/fortsatt-bottentralning-i-vara-marina-skyddsomraden\/#primaryimage","url":"https:\/\/www.deepseareporter.com\/wp-content\/uploads\/2026\/03\/Skarmavbild-2026-03-17-kl.-10.07.28.jpg","contentUrl":"https:\/\/www.deepseareporter.com\/wp-content\/uploads\/2026\/03\/Skarmavbild-2026-03-17-kl.-10.07.28.jpg","width":1149,"height":652,"caption":"Screenshot"},{"@type":"BreadcrumbList","@id":"https:\/\/www.deepseareporter.com\/sv\/fortsatt-bottentralning-i-vara-marina-skyddsomraden\/#breadcrumb","itemListElement":[{"@type":"ListItem","position":1,"name":"Hem","item":"https:\/\/www.deepseareporter.com\/sv\/"},{"@type":"ListItem","position":2,"name":"Fortsatt bottentr\u00e5lning i v\u00e5ra marina skyddsomr\u00e5den"}]},{"@type":"WebSite","@id":"https:\/\/www.deepseareporter.com\/#website","url":"https:\/\/www.deepseareporter.com\/","name":"Deep Sea Reporter","description":"Ett digitalt magasin om havet","publisher":{"@id":"https:\/\/www.deepseareporter.com\/#organization"},"potentialAction":[{"@type":"SearchAction","target":{"@type":"EntryPoint","urlTemplate":"https:\/\/www.deepseareporter.com\/?s={search_term_string}"},"query-input":{"@type":"PropertyValueSpecification","valueRequired":true,"valueName":"search_term_string"}}],"inLanguage":"sv-SE"},{"@type":"Organization","@id":"https:\/\/www.deepseareporter.com\/#organization","name":"Deep Sea Reporter","url":"https:\/\/www.deepseareporter.com\/","logo":{"@type":"ImageObject","inLanguage":"sv-SE","@id":"https:\/\/www.deepseareporter.com\/#\/schema\/logo\/image\/","url":"https:\/\/www.deepseareporter.com\/wp-content\/uploads\/2024\/10\/dsr-bla-ny-logga.svg","contentUrl":"https:\/\/www.deepseareporter.com\/wp-content\/uploads\/2024\/10\/dsr-bla-ny-logga.svg","width":834,"height":504,"caption":"Deep Sea Reporter"},"image":{"@id":"https:\/\/www.deepseareporter.com\/#\/schema\/logo\/image\/"}},{"@type":"Person","@id":"https:\/\/www.deepseareporter.com\/#\/schema\/person\/8440c67b5dda5c5ae6c70162fedbd434","name":"Lena Scherman"}]}},"_links":{"self":[{"href":"https:\/\/www.deepseareporter.com\/sv\/wp-json\/wp\/v2\/posts\/42943","targetHints":{"allow":["GET"]}}],"collection":[{"href":"https:\/\/www.deepseareporter.com\/sv\/wp-json\/wp\/v2\/posts"}],"about":[{"href":"https:\/\/www.deepseareporter.com\/sv\/wp-json\/wp\/v2\/types\/post"}],"author":[{"embeddable":true,"href":"https:\/\/www.deepseareporter.com\/sv\/wp-json\/wp\/v2\/users\/4"}],"replies":[{"embeddable":true,"href":"https:\/\/www.deepseareporter.com\/sv\/wp-json\/wp\/v2\/comments?post=42943"}],"version-history":[{"count":2,"href":"https:\/\/www.deepseareporter.com\/sv\/wp-json\/wp\/v2\/posts\/42943\/revisions"}],"predecessor-version":[{"id":42947,"href":"https:\/\/www.deepseareporter.com\/sv\/wp-json\/wp\/v2\/posts\/42943\/revisions\/42947"}],"wp:featuredmedia":[{"embeddable":true,"href":"https:\/\/www.deepseareporter.com\/sv\/wp-json\/wp\/v2\/media\/42944"}],"wp:attachment":[{"href":"https:\/\/www.deepseareporter.com\/sv\/wp-json\/wp\/v2\/media?parent=42943"}],"wp:term":[{"taxonomy":"category","embeddable":true,"href":"https:\/\/www.deepseareporter.com\/sv\/wp-json\/wp\/v2\/categories?post=42943"},{"taxonomy":"post_tag","embeddable":true,"href":"https:\/\/www.deepseareporter.com\/sv\/wp-json\/wp\/v2\/tags?post=42943"}],"curies":[{"name":"wp","href":"https:\/\/api.w.org\/{rel}","templated":true}]}}