{"id":42890,"date":"2026-03-16T11:57:46","date_gmt":"2026-03-16T10:57:46","guid":{"rendered":"https:\/\/www.deepseareporter.com\/?p=42890"},"modified":"2026-03-16T11:59:59","modified_gmt":"2026-03-16T10:59:59","slug":"har-kan-vaxthusgasen-lagras-i-ostersjon","status":"publish","type":"post","link":"https:\/\/www.deepseareporter.com\/sv\/har-kan-vaxthusgasen-lagras-i-ostersjon\/","title":{"rendered":"H\u00e4r kan v\u00e4xthusgasen lagras i \u00d6stersj\u00f6n"},"content":{"rendered":"\n<p><strong>Jakten efter omr\u00e5den i Sverige d\u00e4r koldioxid kan lagras under havets botten har p\u00e5g\u00e5tt i tre \u00e5r. Nu pekas tv\u00e5 t\u00e4nkbara platser ut.<\/strong><\/p>\n\n\n\n<p><strong>&#8211; Vi har f\u00e5tt j\u00e4ttefina prover och resultaten hittills \u00e4r v\u00e4ldigt lovande, s\u00e4ger Sofie Lindstr\u00f6m p\u00e5 Sveriges geologiska unders\u00f6kning (SGU).<\/strong><\/p>\n\n\n\n<figure class=\"wp-block-image size-large\"><img loading=\"lazy\" decoding=\"async\" width=\"1280\" height=\"853\" src=\"https:\/\/www.deepseareporter.com\/wp-content\/uploads\/2026\/03\/260315-koldioxidlagring1-a443f936-a003nh-1280x853.jpeg\" alt=\"\" class=\"wp-image-42893\" srcset=\"https:\/\/www.deepseareporter.com\/wp-content\/uploads\/2026\/03\/260315-koldioxidlagring1-a443f936-a003nh-1280x853.jpeg 1280w, https:\/\/www.deepseareporter.com\/wp-content\/uploads\/2026\/03\/260315-koldioxidlagring1-a443f936-a003nh-720x480.jpeg 720w, https:\/\/www.deepseareporter.com\/wp-content\/uploads\/2026\/03\/260315-koldioxidlagring1-a443f936-a003nh-768x512.jpeg 768w, https:\/\/www.deepseareporter.com\/wp-content\/uploads\/2026\/03\/260315-koldioxidlagring1-a443f936-a003nh-1536x1024.jpeg 1536w, https:\/\/www.deepseareporter.com\/wp-content\/uploads\/2026\/03\/260315-koldioxidlagring1-a443f936-a003nh.jpeg 2000w\" sizes=\"auto, (max-width: 1280px) 100vw, 1280px\" \/><figcaption class=\"wp-element-caption\">SGU:s unders\u00f6kningsfartyg Ocean Surveyor gjorde bland annat unders\u00f6kningar p\u00e5 hur berggrunden p\u00e5 djupet utanf\u00f6r Sk\u00e5ne ser ut med s\u00e5 kallad djupseismik. Pressbild.<br>Foto: Viktoria Bank\/TT<\/figcaption><\/figure>\n\n\n\n<p>Att samla in koldioxid fr\u00e5n skorstenen och sedan lagra den under jord har pekats ut som en viktig pusselbit f\u00f6r att bromsa den globala uppv\u00e4rmningen, och \u00e4ven f\u00f6r Sveriges klimatm\u00e5l om nettonollutsl\u00e4pp till 2045.<\/p>\n\n\n\n<p>Det \u00e4r inte till\u00e5tet att lagra koldioxid p\u00e5 land i dag, d\u00e4rf\u00f6r har myndigheten SGU i ett regeringsuppdrag unders\u00f6kt ett omr\u00e5de i \u00d6stersj\u00f6n syd\u00f6st om Gotland, och s\u00f6der om Sk\u00e5ne.<\/p>\n\n\n\n<p>SGU ber\u00e4knar att mer \u00e4n 5 miljoner ton koldioxid per \u00e5r skulle kunna lagras p\u00e5 de tv\u00e5 platserna tillsammans. Det kan j\u00e4mf\u00f6ras med Sveriges totala utsl\u00e4pp p\u00e5 47,5 miljoner ton under 2024.<\/p>\n\n\n\n<p>Det skulle motsvara i stort sett vad Sveriges sj\u00f6fart sl\u00e4pper ut p\u00e5 ett \u00e5r. F\u00f6rdelningen skulle i s\u00e5 fall kunna bli en lite mindre del utanf\u00f6r Sk\u00e5ne och en st\u00f6rre del i syd\u00f6stra \u00d6stersj\u00f6n, s\u00e4ger Sofie Lindstr\u00f6m, statsgeolog och projektledare.<\/p>\n\n\n\n<p>Koldioxiden sprider sig i den por\u00f6sa bergarten f\u00f6r att under hundratals \u00e5r reagera med den och s\u00e5 sm\u00e5ningom mineraliseras. Ovanf\u00f6r de h\u00e4r omr\u00e5dena finns t\u00e4tare bergarter, som h\u00e5ller molekylerna p\u00e5 plats.<\/p>\n\n\n\n<figure class=\"wp-block-image size-large\"><img loading=\"lazy\" decoding=\"async\" width=\"1280\" height=\"750\" src=\"https:\/\/www.deepseareporter.com\/wp-content\/uploads\/2026\/03\/260315-koldioxidlagring1-a443f936-a001nh-1280x750.jpeg\" alt=\"\" class=\"wp-image-42895\" srcset=\"https:\/\/www.deepseareporter.com\/wp-content\/uploads\/2026\/03\/260315-koldioxidlagring1-a443f936-a001nh-1280x750.jpeg 1280w, https:\/\/www.deepseareporter.com\/wp-content\/uploads\/2026\/03\/260315-koldioxidlagring1-a443f936-a001nh-720x422.jpeg 720w, https:\/\/www.deepseareporter.com\/wp-content\/uploads\/2026\/03\/260315-koldioxidlagring1-a443f936-a001nh-768x450.jpeg 768w, https:\/\/www.deepseareporter.com\/wp-content\/uploads\/2026\/03\/260315-koldioxidlagring1-a443f936-a001nh-1536x900.jpeg 1536w, https:\/\/www.deepseareporter.com\/wp-content\/uploads\/2026\/03\/260315-koldioxidlagring1-a443f936-a001nh.jpeg 2000w\" sizes=\"auto, (max-width: 1280px) 100vw, 1280px\" \/><figcaption class=\"wp-element-caption\">Grafiken visar principen f\u00f6r avskiljning och lagring av koldioxid till havs. <br>Grafik: Anders Humlebo\/TT<\/figcaption><\/figure>\n\n\n\n<h2 class=\"wp-block-heading\" id=\"h-tva-forslag-foll\">Tv\u00e5 f\u00f6rslag f\u00f6ll<\/h2>\n\n\n\n<p>Under SGU:s arbete har nya borrk\u00e4rnor tagits, utanf\u00f6r Trelleborg och p\u00e5 s\u00f6dra Gotland, och unders\u00f6kningar har gjorts med fartyg i omr\u00e5dena. Det har kombinerats med \u00e4ldre data.<\/p>\n\n\n\n<p>I det stora omr\u00e5det utanf\u00f6r Gotland har tre olika platser unders\u00f6kts. Tv\u00e5 av dem har fallit bort.<\/p>\n\n\n\n<p>&#8211; Det \u00e4r normalt att man ibland hittar saker som inte \u00e4r s\u00e5 bra som man trodde fr\u00e5n b\u00f6rjan, s\u00e4ger Sofie Lindstr\u00f6m.<\/p>\n\n\n\n<p>Den tredje \u2013 som kallas Faluddensandstenen \u2013 verkar fungera. D\u00e4r borde 300 miljoner ton koldioxid kunna pumpas ned f\u00f6rdelat p\u00e5 30 \u00e5r.<\/p>\n\n\n\n<p>&#8211; Den \u00e4r en mycket god reservoarbergart, s\u00e4ger Lindstr\u00f6m.<\/p>\n\n\n\n<p>Simuleringar av omr\u00e5det i Sydv\u00e4stra \u00d6stersj\u00f6n pekar p\u00e5 att det omr\u00e5det kan lagra mer \u00e4n 100 miljoner ton koldioxid under samma tidsperiod.<\/p>\n\n\n\n<h2 class=\"wp-block-heading\" id=\"h-mer-tester-behovs\">Mer tester beh\u00f6vs<\/h2>\n\n\n\n<p>Fortfarande \u00e4r det en l\u00e5ng v\u00e4g att g\u00e5. SGU beh\u00f6ver komplettera med fler unders\u00f6kningar. D\u00e4refter m\u00e5ste bolag som vill lagra koldioxid ans\u00f6ka, godk\u00e4nnas och bygga infrastrukturen \u2013 borra h\u00e5l i havsbotten och se till att koldioxiden leds dit fr\u00e5n fartyg eller m\u00f6jligtvis land.<\/p>\n\n\n\n<p>&#8211; Jag skulle tippa p\u00e5 att det tar minst tio \u00e5r, s\u00e4ger Lindstr\u00f6m.<\/p>\n\n\n\n<p class=\"has-text-color has-link-color wp-elements-80be32489923f88aadb9027ed6fc5648\" style=\"color:#454a4e\"><sup><strong>Omslagsbild<\/strong>: Kraftv\u00e4rmeverket vid V\u00e4rtahamnen i Stockholm ska fr\u00e5n 2028 suga upp koldioxid, f\u00f6r att s\u00e5 sm\u00e5ningom lagra den under havsbottnen. Arkivbild. Foto: Anders Wiklund\/TT<\/sup><\/p>\n\n\n\n<p><\/p>\n","protected":false},"excerpt":{"rendered":"<p>Jakten efter omr\u00e5den i Sverige d\u00e4r koldioxid kan lagras under havets botten har p\u00e5g\u00e5tt i tre \u00e5r. Nu pekas tv\u00e5 t\u00e4nkbara platser ut.<\/p>\n<p>&#8211; Vi har f\u00e5tt j\u00e4ttefina prover och resultaten hittills \u00e4r v\u00e4ldigt lovande, s\u00e4ger Sofie Lindstr\u00f6m p\u00e5 Sveriges geologiska unders\u00f6kning (SGU).<\/p>\n","protected":false},"author":4,"featured_media":42891,"comment_status":"closed","ping_status":"closed","sticky":false,"template":"","format":"standard","meta":{"_acf_changed":false,"footnotes":""},"categories":[252,244,579],"tags":[306,1205,1249,339,4357,1196,3505],"class_list":["post-42890","post","type-post","status-publish","format-standard","has-post-thumbnail","hentry","category-forskning","category-klimat-och-miljo","category-ostersjon","tag-forskning","tag-global-uppvarmning","tag-klimat-och-miljo","tag-klimatforandringar","tag-koldioxidinlagring","tag-ostersjon-3","tag-sgu"],"acf":[],"yoast_head":"<!-- This site is optimized with the Yoast SEO Premium plugin v27.0 (Yoast SEO v27.0) - https:\/\/yoast.com\/product\/yoast-seo-premium-wordpress\/ -->\n<title>H\u00e4r kan v\u00e4xthusgasen lagras i \u00d6stersj\u00f6n - Deep Sea Reporter<\/title>\n<meta name=\"description\" content=\"Jakten efter omr\u00e5den i Sverige d\u00e4r koldioxid kan lagras under havets botten har p\u00e5g\u00e5tt i tre \u00e5r. Nu pekas tv\u00e5 t\u00e4nkbara platser ut.- Vi har f\u00e5tt j\u00e4ttefina prover och resultaten hittills \u00e4r v\u00e4ldigt lovande, s\u00e4ger Sofie Lindstr\u00f6m p\u00e5 Sveriges geologiska unders\u00f6kning (SGU).\" \/>\n<meta name=\"robots\" content=\"index, follow, max-snippet:-1, max-image-preview:large, max-video-preview:-1\" \/>\n<link rel=\"canonical\" href=\"https:\/\/www.deepseareporter.com\/sv\/har-kan-vaxthusgasen-lagras-i-ostersjon\/\" \/>\n<meta property=\"og:locale\" content=\"sv_SE\" \/>\n<meta property=\"og:type\" content=\"article\" \/>\n<meta property=\"og:title\" content=\"H\u00e4r kan v\u00e4xthusgasen lagras i \u00d6stersj\u00f6n - Deep Sea Reporter\" \/>\n<meta property=\"og:description\" content=\"Jakten efter omr\u00e5den i Sverige d\u00e4r koldioxid kan lagras under havets botten har p\u00e5g\u00e5tt i tre \u00e5r. Nu pekas tv\u00e5 t\u00e4nkbara platser ut.- Vi har f\u00e5tt j\u00e4ttefina prover och resultaten hittills \u00e4r v\u00e4ldigt lovande, s\u00e4ger Sofie Lindstr\u00f6m p\u00e5 Sveriges geologiska unders\u00f6kning (SGU).\" \/>\n<meta property=\"og:url\" content=\"https:\/\/www.deepseareporter.com\/sv\/har-kan-vaxthusgasen-lagras-i-ostersjon\/\" \/>\n<meta property=\"og:site_name\" content=\"Deep Sea Reporter\" \/>\n<meta property=\"article:published_time\" content=\"2026-03-16T10:57:46+00:00\" \/>\n<meta property=\"article:modified_time\" content=\"2026-03-16T10:59:59+00:00\" \/>\n<meta property=\"og:image\" content=\"https:\/\/www.deepseareporter.com\/wp-content\/uploads\/2026\/03\/260315-koldioxidlagring1-a443f936-a004nh.jpeg\" \/>\n\t<meta property=\"og:image:width\" content=\"2000\" \/>\n\t<meta property=\"og:image:height\" content=\"1331\" \/>\n\t<meta property=\"og:image:type\" content=\"image\/jpeg\" \/>\n<meta name=\"author\" content=\"Lena Scherman\" \/>\n<meta name=\"twitter:card\" content=\"summary_large_image\" \/>\n<meta name=\"twitter:label1\" content=\"Skriven av\" \/>\n\t<meta name=\"twitter:data1\" content=\"Lena Scherman\" \/>\n\t<meta name=\"twitter:label2\" content=\"Ber\u00e4knad l\u00e4stid\" \/>\n\t<meta name=\"twitter:data2\" content=\"3 minuter\" \/>\n<script type=\"application\/ld+json\" class=\"yoast-schema-graph\">{\"@context\":\"https:\/\/schema.org\",\"@graph\":[{\"@type\":\"Article\",\"@id\":\"https:\/\/www.deepseareporter.com\/sv\/har-kan-vaxthusgasen-lagras-i-ostersjon\/#article\",\"isPartOf\":{\"@id\":\"https:\/\/www.deepseareporter.com\/sv\/har-kan-vaxthusgasen-lagras-i-ostersjon\/\"},\"author\":{\"name\":\"Lena Scherman\",\"@id\":\"https:\/\/www.deepseareporter.com\/#\/schema\/person\/8440c67b5dda5c5ae6c70162fedbd434\"},\"headline\":\"H\u00e4r kan v\u00e4xthusgasen lagras i \u00d6stersj\u00f6n\",\"datePublished\":\"2026-03-16T10:57:46+00:00\",\"dateModified\":\"2026-03-16T10:59:59+00:00\",\"mainEntityOfPage\":{\"@id\":\"https:\/\/www.deepseareporter.com\/sv\/har-kan-vaxthusgasen-lagras-i-ostersjon\/\"},\"wordCount\":551,\"publisher\":{\"@id\":\"https:\/\/www.deepseareporter.com\/#organization\"},\"image\":{\"@id\":\"https:\/\/www.deepseareporter.com\/sv\/har-kan-vaxthusgasen-lagras-i-ostersjon\/#primaryimage\"},\"thumbnailUrl\":\"https:\/\/www.deepseareporter.com\/wp-content\/uploads\/2026\/03\/260315-koldioxidlagring1-a443f936-a004nh.jpeg\",\"keywords\":[\"Forskning\",\"global uppv\u00e4rmning\",\"klimat och milj\u00f6\",\"Klimatf\u00f6r\u00e4ndringar\",\"koldioxidinlagring\",\"\u00f6stersj\u00f6n\",\"sgu\"],\"articleSection\":[\"Forskning\",\"Klimat och Milj\u00f6\",\"\u00d6stersj\u00f6n\"],\"inLanguage\":\"sv-SE\"},{\"@type\":\"WebPage\",\"@id\":\"https:\/\/www.deepseareporter.com\/sv\/har-kan-vaxthusgasen-lagras-i-ostersjon\/\",\"url\":\"https:\/\/www.deepseareporter.com\/sv\/har-kan-vaxthusgasen-lagras-i-ostersjon\/\",\"name\":\"H\u00e4r kan v\u00e4xthusgasen lagras i \u00d6stersj\u00f6n - Deep Sea Reporter\",\"isPartOf\":{\"@id\":\"https:\/\/www.deepseareporter.com\/#website\"},\"primaryImageOfPage\":{\"@id\":\"https:\/\/www.deepseareporter.com\/sv\/har-kan-vaxthusgasen-lagras-i-ostersjon\/#primaryimage\"},\"image\":{\"@id\":\"https:\/\/www.deepseareporter.com\/sv\/har-kan-vaxthusgasen-lagras-i-ostersjon\/#primaryimage\"},\"thumbnailUrl\":\"https:\/\/www.deepseareporter.com\/wp-content\/uploads\/2026\/03\/260315-koldioxidlagring1-a443f936-a004nh.jpeg\",\"datePublished\":\"2026-03-16T10:57:46+00:00\",\"dateModified\":\"2026-03-16T10:59:59+00:00\",\"description\":\"Jakten efter omr\u00e5den i Sverige d\u00e4r koldioxid kan lagras under havets botten har p\u00e5g\u00e5tt i tre \u00e5r. Nu pekas tv\u00e5 t\u00e4nkbara platser ut.- Vi har f\u00e5tt j\u00e4ttefina prover och resultaten hittills \u00e4r v\u00e4ldigt lovande, s\u00e4ger Sofie Lindstr\u00f6m p\u00e5 Sveriges geologiska unders\u00f6kning (SGU).\",\"breadcrumb\":{\"@id\":\"https:\/\/www.deepseareporter.com\/sv\/har-kan-vaxthusgasen-lagras-i-ostersjon\/#breadcrumb\"},\"inLanguage\":\"sv-SE\",\"potentialAction\":[{\"@type\":\"ReadAction\",\"target\":[\"https:\/\/www.deepseareporter.com\/sv\/har-kan-vaxthusgasen-lagras-i-ostersjon\/\"]}]},{\"@type\":\"ImageObject\",\"inLanguage\":\"sv-SE\",\"@id\":\"https:\/\/www.deepseareporter.com\/sv\/har-kan-vaxthusgasen-lagras-i-ostersjon\/#primaryimage\",\"url\":\"https:\/\/www.deepseareporter.com\/wp-content\/uploads\/2026\/03\/260315-koldioxidlagring1-a443f936-a004nh.jpeg\",\"contentUrl\":\"https:\/\/www.deepseareporter.com\/wp-content\/uploads\/2026\/03\/260315-koldioxidlagring1-a443f936-a004nh.jpeg\",\"width\":2000,\"height\":1331,\"caption\":\"STOCKHOLM 20210415 - V\u00e4rtaverket vid V\u00e4rtahamnen i Stockholm \u00e4r Stockholm Exergis st\u00f6rsta kraftv\u00e4rmeverk. Det \u00e4r en toppmodern, v\u00e4rldsunik anl\u00e4ggning som producerar b\u00e5de el och v\u00e4rme samt hantering av avfallstj\u00e4nster till Stockholmarna. Bilden: Forskningsanl\u00e4ggningen som som ska \\\"tv\u00e4tta\\\" r\u00f6ken fr\u00e5n biokraftv\u00e4rmeverket p\u00e5 koldioxid. Tekniken heter Bioenergy and Carbon capture and Storage, Bio-CCS, som fullt utvecklad ska f\u00e5nga in 800.000 ton koldioxid \u00e5rligen. Det motsvarar utsl\u00e4ppen fr\u00e5n Stockholmstrafiken under ett \u00e5r. Foto Anders Wiklund \/ TT kod 10040\"},{\"@type\":\"BreadcrumbList\",\"@id\":\"https:\/\/www.deepseareporter.com\/sv\/har-kan-vaxthusgasen-lagras-i-ostersjon\/#breadcrumb\",\"itemListElement\":[{\"@type\":\"ListItem\",\"position\":1,\"name\":\"Hem\",\"item\":\"https:\/\/www.deepseareporter.com\/sv\/\"},{\"@type\":\"ListItem\",\"position\":2,\"name\":\"H\u00e4r kan v\u00e4xthusgasen lagras i \u00d6stersj\u00f6n\"}]},{\"@type\":\"WebSite\",\"@id\":\"https:\/\/www.deepseareporter.com\/#website\",\"url\":\"https:\/\/www.deepseareporter.com\/\",\"name\":\"Deep Sea Reporter\",\"description\":\"Ett digitalt magasin om havet\",\"publisher\":{\"@id\":\"https:\/\/www.deepseareporter.com\/#organization\"},\"potentialAction\":[{\"@type\":\"SearchAction\",\"target\":{\"@type\":\"EntryPoint\",\"urlTemplate\":\"https:\/\/www.deepseareporter.com\/?s={search_term_string}\"},\"query-input\":{\"@type\":\"PropertyValueSpecification\",\"valueRequired\":true,\"valueName\":\"search_term_string\"}}],\"inLanguage\":\"sv-SE\"},{\"@type\":\"Organization\",\"@id\":\"https:\/\/www.deepseareporter.com\/#organization\",\"name\":\"Deep Sea Reporter\",\"url\":\"https:\/\/www.deepseareporter.com\/\",\"logo\":{\"@type\":\"ImageObject\",\"inLanguage\":\"sv-SE\",\"@id\":\"https:\/\/www.deepseareporter.com\/#\/schema\/logo\/image\/\",\"url\":\"https:\/\/www.deepseareporter.com\/wp-content\/uploads\/2024\/10\/dsr-bla-ny-logga.svg\",\"contentUrl\":\"https:\/\/www.deepseareporter.com\/wp-content\/uploads\/2024\/10\/dsr-bla-ny-logga.svg\",\"width\":834,\"height\":504,\"caption\":\"Deep Sea Reporter\"},\"image\":{\"@id\":\"https:\/\/www.deepseareporter.com\/#\/schema\/logo\/image\/\"}},{\"@type\":\"Person\",\"@id\":\"https:\/\/www.deepseareporter.com\/#\/schema\/person\/8440c67b5dda5c5ae6c70162fedbd434\",\"name\":\"Lena Scherman\"}]}<\/script>\n<!-- \/ Yoast SEO Premium plugin. -->","yoast_head_json":{"title":"H\u00e4r kan v\u00e4xthusgasen lagras i \u00d6stersj\u00f6n - Deep Sea Reporter","description":"Jakten efter omr\u00e5den i Sverige d\u00e4r koldioxid kan lagras under havets botten har p\u00e5g\u00e5tt i tre \u00e5r. Nu pekas tv\u00e5 t\u00e4nkbara platser ut.- Vi har f\u00e5tt j\u00e4ttefina prover och resultaten hittills \u00e4r v\u00e4ldigt lovande, s\u00e4ger Sofie Lindstr\u00f6m p\u00e5 Sveriges geologiska unders\u00f6kning (SGU).","robots":{"index":"index","follow":"follow","max-snippet":"max-snippet:-1","max-image-preview":"max-image-preview:large","max-video-preview":"max-video-preview:-1"},"canonical":"https:\/\/www.deepseareporter.com\/sv\/har-kan-vaxthusgasen-lagras-i-ostersjon\/","og_locale":"sv_SE","og_type":"article","og_title":"H\u00e4r kan v\u00e4xthusgasen lagras i \u00d6stersj\u00f6n - Deep Sea Reporter","og_description":"Jakten efter omr\u00e5den i Sverige d\u00e4r koldioxid kan lagras under havets botten har p\u00e5g\u00e5tt i tre \u00e5r. Nu pekas tv\u00e5 t\u00e4nkbara platser ut.- Vi har f\u00e5tt j\u00e4ttefina prover och resultaten hittills \u00e4r v\u00e4ldigt lovande, s\u00e4ger Sofie Lindstr\u00f6m p\u00e5 Sveriges geologiska unders\u00f6kning (SGU).","og_url":"https:\/\/www.deepseareporter.com\/sv\/har-kan-vaxthusgasen-lagras-i-ostersjon\/","og_site_name":"Deep Sea Reporter","article_published_time":"2026-03-16T10:57:46+00:00","article_modified_time":"2026-03-16T10:59:59+00:00","og_image":[{"width":2000,"height":1331,"url":"https:\/\/www.deepseareporter.com\/wp-content\/uploads\/2026\/03\/260315-koldioxidlagring1-a443f936-a004nh.jpeg","type":"image\/jpeg"}],"author":"Lena Scherman","twitter_card":"summary_large_image","twitter_misc":{"Skriven av":"Lena Scherman","Ber\u00e4knad l\u00e4stid":"3 minuter"},"schema":{"@context":"https:\/\/schema.org","@graph":[{"@type":"Article","@id":"https:\/\/www.deepseareporter.com\/sv\/har-kan-vaxthusgasen-lagras-i-ostersjon\/#article","isPartOf":{"@id":"https:\/\/www.deepseareporter.com\/sv\/har-kan-vaxthusgasen-lagras-i-ostersjon\/"},"author":{"name":"Lena Scherman","@id":"https:\/\/www.deepseareporter.com\/#\/schema\/person\/8440c67b5dda5c5ae6c70162fedbd434"},"headline":"H\u00e4r kan v\u00e4xthusgasen lagras i \u00d6stersj\u00f6n","datePublished":"2026-03-16T10:57:46+00:00","dateModified":"2026-03-16T10:59:59+00:00","mainEntityOfPage":{"@id":"https:\/\/www.deepseareporter.com\/sv\/har-kan-vaxthusgasen-lagras-i-ostersjon\/"},"wordCount":551,"publisher":{"@id":"https:\/\/www.deepseareporter.com\/#organization"},"image":{"@id":"https:\/\/www.deepseareporter.com\/sv\/har-kan-vaxthusgasen-lagras-i-ostersjon\/#primaryimage"},"thumbnailUrl":"https:\/\/www.deepseareporter.com\/wp-content\/uploads\/2026\/03\/260315-koldioxidlagring1-a443f936-a004nh.jpeg","keywords":["Forskning","global uppv\u00e4rmning","klimat och milj\u00f6","Klimatf\u00f6r\u00e4ndringar","koldioxidinlagring","\u00f6stersj\u00f6n","sgu"],"articleSection":["Forskning","Klimat och Milj\u00f6","\u00d6stersj\u00f6n"],"inLanguage":"sv-SE"},{"@type":"WebPage","@id":"https:\/\/www.deepseareporter.com\/sv\/har-kan-vaxthusgasen-lagras-i-ostersjon\/","url":"https:\/\/www.deepseareporter.com\/sv\/har-kan-vaxthusgasen-lagras-i-ostersjon\/","name":"H\u00e4r kan v\u00e4xthusgasen lagras i \u00d6stersj\u00f6n - Deep Sea Reporter","isPartOf":{"@id":"https:\/\/www.deepseareporter.com\/#website"},"primaryImageOfPage":{"@id":"https:\/\/www.deepseareporter.com\/sv\/har-kan-vaxthusgasen-lagras-i-ostersjon\/#primaryimage"},"image":{"@id":"https:\/\/www.deepseareporter.com\/sv\/har-kan-vaxthusgasen-lagras-i-ostersjon\/#primaryimage"},"thumbnailUrl":"https:\/\/www.deepseareporter.com\/wp-content\/uploads\/2026\/03\/260315-koldioxidlagring1-a443f936-a004nh.jpeg","datePublished":"2026-03-16T10:57:46+00:00","dateModified":"2026-03-16T10:59:59+00:00","description":"Jakten efter omr\u00e5den i Sverige d\u00e4r koldioxid kan lagras under havets botten har p\u00e5g\u00e5tt i tre \u00e5r. Nu pekas tv\u00e5 t\u00e4nkbara platser ut.- Vi har f\u00e5tt j\u00e4ttefina prover och resultaten hittills \u00e4r v\u00e4ldigt lovande, s\u00e4ger Sofie Lindstr\u00f6m p\u00e5 Sveriges geologiska unders\u00f6kning (SGU).","breadcrumb":{"@id":"https:\/\/www.deepseareporter.com\/sv\/har-kan-vaxthusgasen-lagras-i-ostersjon\/#breadcrumb"},"inLanguage":"sv-SE","potentialAction":[{"@type":"ReadAction","target":["https:\/\/www.deepseareporter.com\/sv\/har-kan-vaxthusgasen-lagras-i-ostersjon\/"]}]},{"@type":"ImageObject","inLanguage":"sv-SE","@id":"https:\/\/www.deepseareporter.com\/sv\/har-kan-vaxthusgasen-lagras-i-ostersjon\/#primaryimage","url":"https:\/\/www.deepseareporter.com\/wp-content\/uploads\/2026\/03\/260315-koldioxidlagring1-a443f936-a004nh.jpeg","contentUrl":"https:\/\/www.deepseareporter.com\/wp-content\/uploads\/2026\/03\/260315-koldioxidlagring1-a443f936-a004nh.jpeg","width":2000,"height":1331,"caption":"STOCKHOLM 20210415 - V\u00e4rtaverket vid V\u00e4rtahamnen i Stockholm \u00e4r Stockholm Exergis st\u00f6rsta kraftv\u00e4rmeverk. Det \u00e4r en toppmodern, v\u00e4rldsunik anl\u00e4ggning som producerar b\u00e5de el och v\u00e4rme samt hantering av avfallstj\u00e4nster till Stockholmarna. Bilden: Forskningsanl\u00e4ggningen som som ska \"tv\u00e4tta\" r\u00f6ken fr\u00e5n biokraftv\u00e4rmeverket p\u00e5 koldioxid. Tekniken heter Bioenergy and Carbon capture and Storage, Bio-CCS, som fullt utvecklad ska f\u00e5nga in 800.000 ton koldioxid \u00e5rligen. Det motsvarar utsl\u00e4ppen fr\u00e5n Stockholmstrafiken under ett \u00e5r. Foto Anders Wiklund \/ TT kod 10040"},{"@type":"BreadcrumbList","@id":"https:\/\/www.deepseareporter.com\/sv\/har-kan-vaxthusgasen-lagras-i-ostersjon\/#breadcrumb","itemListElement":[{"@type":"ListItem","position":1,"name":"Hem","item":"https:\/\/www.deepseareporter.com\/sv\/"},{"@type":"ListItem","position":2,"name":"H\u00e4r kan v\u00e4xthusgasen lagras i \u00d6stersj\u00f6n"}]},{"@type":"WebSite","@id":"https:\/\/www.deepseareporter.com\/#website","url":"https:\/\/www.deepseareporter.com\/","name":"Deep Sea Reporter","description":"Ett digitalt magasin om havet","publisher":{"@id":"https:\/\/www.deepseareporter.com\/#organization"},"potentialAction":[{"@type":"SearchAction","target":{"@type":"EntryPoint","urlTemplate":"https:\/\/www.deepseareporter.com\/?s={search_term_string}"},"query-input":{"@type":"PropertyValueSpecification","valueRequired":true,"valueName":"search_term_string"}}],"inLanguage":"sv-SE"},{"@type":"Organization","@id":"https:\/\/www.deepseareporter.com\/#organization","name":"Deep Sea Reporter","url":"https:\/\/www.deepseareporter.com\/","logo":{"@type":"ImageObject","inLanguage":"sv-SE","@id":"https:\/\/www.deepseareporter.com\/#\/schema\/logo\/image\/","url":"https:\/\/www.deepseareporter.com\/wp-content\/uploads\/2024\/10\/dsr-bla-ny-logga.svg","contentUrl":"https:\/\/www.deepseareporter.com\/wp-content\/uploads\/2024\/10\/dsr-bla-ny-logga.svg","width":834,"height":504,"caption":"Deep Sea Reporter"},"image":{"@id":"https:\/\/www.deepseareporter.com\/#\/schema\/logo\/image\/"}},{"@type":"Person","@id":"https:\/\/www.deepseareporter.com\/#\/schema\/person\/8440c67b5dda5c5ae6c70162fedbd434","name":"Lena Scherman"}]}},"_links":{"self":[{"href":"https:\/\/www.deepseareporter.com\/sv\/wp-json\/wp\/v2\/posts\/42890","targetHints":{"allow":["GET"]}}],"collection":[{"href":"https:\/\/www.deepseareporter.com\/sv\/wp-json\/wp\/v2\/posts"}],"about":[{"href":"https:\/\/www.deepseareporter.com\/sv\/wp-json\/wp\/v2\/types\/post"}],"author":[{"embeddable":true,"href":"https:\/\/www.deepseareporter.com\/sv\/wp-json\/wp\/v2\/users\/4"}],"replies":[{"embeddable":true,"href":"https:\/\/www.deepseareporter.com\/sv\/wp-json\/wp\/v2\/comments?post=42890"}],"version-history":[{"count":2,"href":"https:\/\/www.deepseareporter.com\/sv\/wp-json\/wp\/v2\/posts\/42890\/revisions"}],"predecessor-version":[{"id":42899,"href":"https:\/\/www.deepseareporter.com\/sv\/wp-json\/wp\/v2\/posts\/42890\/revisions\/42899"}],"wp:featuredmedia":[{"embeddable":true,"href":"https:\/\/www.deepseareporter.com\/sv\/wp-json\/wp\/v2\/media\/42891"}],"wp:attachment":[{"href":"https:\/\/www.deepseareporter.com\/sv\/wp-json\/wp\/v2\/media?parent=42890"}],"wp:term":[{"taxonomy":"category","embeddable":true,"href":"https:\/\/www.deepseareporter.com\/sv\/wp-json\/wp\/v2\/categories?post=42890"},{"taxonomy":"post_tag","embeddable":true,"href":"https:\/\/www.deepseareporter.com\/sv\/wp-json\/wp\/v2\/tags?post=42890"}],"curies":[{"name":"wp","href":"https:\/\/api.w.org\/{rel}","templated":true}]}}