{"id":41798,"date":"2025-11-13T12:47:25","date_gmt":"2025-11-13T11:47:25","guid":{"rendered":"https:\/\/www.deepseareporter.com\/?p=41798"},"modified":"2025-11-18T21:40:25","modified_gmt":"2025-11-18T20:40:25","slug":"fiskodlingen-forstorde-emils-fjord-i-sapmi-synd-att-vi-ska-drabbas-forst","status":"publish","type":"post","link":"https:\/\/www.deepseareporter.com\/sv\/fiskodlingen-forstorde-emils-fjord-i-sapmi-synd-att-vi-ska-drabbas-forst\/","title":{"rendered":"Fiskodlingen f\u00f6rst\u00f6rde Emils fjord i S\u00e1pmi: \u201cSynd att vi ska drabbas f\u00f6rst\u201d"},"content":{"rendered":"\n<p>Hans musik \u00e4r inspirerad av havet. Men klimatf\u00f6r\u00e4ndringarna g\u00f6r att samerna f\u00f6rlorar sitt spr\u00e5k och p\u00e5verkar deras identitet negativt. Det h\u00e4r \u00e4r en ber\u00e4ttelse om musik, spr\u00e5k och kulturf\u00f6r\u00e4ndringar till f\u00f6ljd av klimatf\u00f6r\u00e4ndringarna.<\/p>\n\n\n\n<p>\u201dMycket har f\u00f6r\u00e4ndrats p\u00e5 bara tv\u00e5 generationer\u201d, s\u00e4ger Emil i filmen.<\/p>\n\n\n\n<p>Det h\u00e4r reportaget \u00e4r en del av dokument\u00e4ren \u201c<strong>R\u00f6ster fr\u00e5n v\u00e5rt hav<\/strong>\u201d (Voices of our Ocean), som visas i samband med FN:s p\u00e5g\u00e5ende klimattoppm\u00f6te i Brasilien. Med egna ord och valda bilder ber\u00e4ttar de om sin relation till havet, det akuta behovet av att skydda det och hur klimatf\u00f6r\u00e4ndringarna p\u00e5verkar och omformar deras liv. <a href=\"https:\/\/www.deepseareporter.com\/sv\/tag\/voices-of-our-ocean\/\">H\u00f6r var och en av dem dela med sig av sin historia.<\/a><\/p>\n","protected":false},"excerpt":{"rendered":"<p>Hans musik \u00e4r inspirerad av havet. Men klimatf\u00f6r\u00e4ndringarna g\u00f6r att samerna f\u00f6rlorar sitt spr\u00e5k och p\u00e5verkar deras identitet negativt. Det h\u00e4r \u00e4r en ber\u00e4ttelse om musik, spr\u00e5k och kulturf\u00f6r\u00e4ndringar till f\u00f6ljd av klimatf\u00f6r\u00e4ndringarna.<\/p>\n<p>\u201dMycket har f\u00f6r\u00e4ndrats p\u00e5 bara tv\u00e5 generationer\u201d, s\u00e4ger Emil i filmen.<\/p>\n","protected":false},"author":4,"featured_media":41799,"comment_status":"closed","ping_status":"closed","sticky":false,"template":"","format":"standard","meta":{"_acf_changed":false,"footnotes":""},"categories":[244],"tags":[3890,333,3902,3879],"class_list":["post-41798","post","type-post","status-publish","format-standard","has-post-thumbnail","hentry","category-klimat-och-miljo","tag-cop30","tag-klimatforandring","tag-sapmi","tag-voices-of-our-ocean"],"acf":[],"yoast_head":"<!-- This site is optimized with the Yoast SEO Premium plugin v27.0 (Yoast SEO v27.0) - https:\/\/yoast.com\/product\/yoast-seo-premium-wordpress\/ -->\n<title>Fiskodlingen f\u00f6rst\u00f6rde Emils fjord i S\u00e1pmi: \u201cSynd att vi ska drabbas f\u00f6rst\u201d - Deep Sea Reporter<\/title>\n<meta name=\"description\" content=\"Hans musik \u00e4r inspirerad av havet. Men klimatf\u00f6r\u00e4ndringarna g\u00f6r att samerna f\u00f6rlorar sitt spr\u00e5k och p\u00e5verkar deras identitet negativt. Det h\u00e4r \u00e4r en ber\u00e4ttelse om musik, spr\u00e5k och kulturf\u00f6r\u00e4ndringar till f\u00f6ljd av klimatf\u00f6r\u00e4ndringarna.\u201dMycket har f\u00f6r\u00e4ndrats p\u00e5 bara tv\u00e5 generationer\u201d, s\u00e4ger Emil i filmen.\" \/>\n<meta name=\"robots\" content=\"index, follow, max-snippet:-1, max-image-preview:large, max-video-preview:-1\" \/>\n<link rel=\"canonical\" href=\"https:\/\/www.deepseareporter.com\/sv\/fiskodlingen-forstorde-emils-fjord-i-sapmi-synd-att-vi-ska-drabbas-forst\/\" \/>\n<meta property=\"og:locale\" content=\"sv_SE\" \/>\n<meta property=\"og:type\" content=\"article\" \/>\n<meta property=\"og:title\" content=\"Fiskodlingen f\u00f6rst\u00f6rde Emils fjord i S\u00e1pmi: \u201cSynd att vi ska drabbas f\u00f6rst\u201d - Deep Sea Reporter\" \/>\n<meta property=\"og:description\" content=\"Hans musik \u00e4r inspirerad av havet. Men klimatf\u00f6r\u00e4ndringarna g\u00f6r att samerna f\u00f6rlorar sitt spr\u00e5k och p\u00e5verkar deras identitet negativt. Det h\u00e4r \u00e4r en ber\u00e4ttelse om musik, spr\u00e5k och kulturf\u00f6r\u00e4ndringar till f\u00f6ljd av klimatf\u00f6r\u00e4ndringarna.\u201dMycket har f\u00f6r\u00e4ndrats p\u00e5 bara tv\u00e5 generationer\u201d, s\u00e4ger Emil i filmen.\" \/>\n<meta property=\"og:url\" content=\"https:\/\/www.deepseareporter.com\/sv\/fiskodlingen-forstorde-emils-fjord-i-sapmi-synd-att-vi-ska-drabbas-forst\/\" \/>\n<meta property=\"og:site_name\" content=\"Deep Sea Reporter\" \/>\n<meta property=\"article:published_time\" content=\"2025-11-13T11:47:25+00:00\" \/>\n<meta property=\"article:modified_time\" content=\"2025-11-18T20:40:25+00:00\" \/>\n<meta property=\"og:image\" content=\"https:\/\/www.deepseareporter.com\/wp-content\/uploads\/2025\/11\/Sami-Norway-v-6-7-combo.00_00_08_03.Still002-kopia.jpg\" \/>\n\t<meta property=\"og:image:width\" content=\"1920\" \/>\n\t<meta property=\"og:image:height\" content=\"1080\" \/>\n\t<meta property=\"og:image:type\" content=\"image\/jpeg\" \/>\n<meta name=\"author\" content=\"Lena Scherman\" \/>\n<meta name=\"twitter:card\" content=\"summary_large_image\" \/>\n<meta name=\"twitter:label1\" content=\"Skriven av\" \/>\n\t<meta name=\"twitter:data1\" content=\"Lena Scherman\" \/>\n\t<meta name=\"twitter:label2\" content=\"Ber\u00e4knad l\u00e4stid\" \/>\n\t<meta name=\"twitter:data2\" content=\"1 minut\" \/>\n<script type=\"application\/ld+json\" class=\"yoast-schema-graph\">{\"@context\":\"https:\/\/schema.org\",\"@graph\":[{\"@type\":\"Article\",\"@id\":\"https:\/\/www.deepseareporter.com\/sv\/fiskodlingen-forstorde-emils-fjord-i-sapmi-synd-att-vi-ska-drabbas-forst\/#article\",\"isPartOf\":{\"@id\":\"https:\/\/www.deepseareporter.com\/sv\/fiskodlingen-forstorde-emils-fjord-i-sapmi-synd-att-vi-ska-drabbas-forst\/\"},\"author\":{\"name\":\"Lena Scherman\",\"@id\":\"https:\/\/www.deepseareporter.com\/#\/schema\/person\/8440c67b5dda5c5ae6c70162fedbd434\"},\"headline\":\"Fiskodlingen f\u00f6rst\u00f6rde Emils fjord i S\u00e1pmi: \u201cSynd att vi ska drabbas f\u00f6rst\u201d\",\"datePublished\":\"2025-11-13T11:47:25+00:00\",\"dateModified\":\"2025-11-18T20:40:25+00:00\",\"mainEntityOfPage\":{\"@id\":\"https:\/\/www.deepseareporter.com\/sv\/fiskodlingen-forstorde-emils-fjord-i-sapmi-synd-att-vi-ska-drabbas-forst\/\"},\"wordCount\":157,\"publisher\":{\"@id\":\"https:\/\/www.deepseareporter.com\/#organization\"},\"image\":{\"@id\":\"https:\/\/www.deepseareporter.com\/sv\/fiskodlingen-forstorde-emils-fjord-i-sapmi-synd-att-vi-ska-drabbas-forst\/#primaryimage\"},\"thumbnailUrl\":\"https:\/\/www.deepseareporter.com\/wp-content\/uploads\/2025\/11\/Sami-Norway-v-6-7-combo.00_00_08_03.Still002-kopia.jpg\",\"keywords\":[\"cop30\",\"Klimatf\u00f6r\u00e4ndring\",\"S\u00e1pmi\",\"Voices of our Ocean\"],\"articleSection\":[\"Klimat och Milj\u00f6\"],\"inLanguage\":\"sv-SE\"},{\"@type\":\"WebPage\",\"@id\":\"https:\/\/www.deepseareporter.com\/sv\/fiskodlingen-forstorde-emils-fjord-i-sapmi-synd-att-vi-ska-drabbas-forst\/\",\"url\":\"https:\/\/www.deepseareporter.com\/sv\/fiskodlingen-forstorde-emils-fjord-i-sapmi-synd-att-vi-ska-drabbas-forst\/\",\"name\":\"Fiskodlingen f\u00f6rst\u00f6rde Emils fjord i S\u00e1pmi: \u201cSynd att vi ska drabbas f\u00f6rst\u201d - Deep Sea Reporter\",\"isPartOf\":{\"@id\":\"https:\/\/www.deepseareporter.com\/#website\"},\"primaryImageOfPage\":{\"@id\":\"https:\/\/www.deepseareporter.com\/sv\/fiskodlingen-forstorde-emils-fjord-i-sapmi-synd-att-vi-ska-drabbas-forst\/#primaryimage\"},\"image\":{\"@id\":\"https:\/\/www.deepseareporter.com\/sv\/fiskodlingen-forstorde-emils-fjord-i-sapmi-synd-att-vi-ska-drabbas-forst\/#primaryimage\"},\"thumbnailUrl\":\"https:\/\/www.deepseareporter.com\/wp-content\/uploads\/2025\/11\/Sami-Norway-v-6-7-combo.00_00_08_03.Still002-kopia.jpg\",\"datePublished\":\"2025-11-13T11:47:25+00:00\",\"dateModified\":\"2025-11-18T20:40:25+00:00\",\"description\":\"Hans musik \u00e4r inspirerad av havet. Men klimatf\u00f6r\u00e4ndringarna g\u00f6r att samerna f\u00f6rlorar sitt spr\u00e5k och p\u00e5verkar deras identitet negativt. Det h\u00e4r \u00e4r en ber\u00e4ttelse om musik, spr\u00e5k och kulturf\u00f6r\u00e4ndringar till f\u00f6ljd av klimatf\u00f6r\u00e4ndringarna.\u201dMycket har f\u00f6r\u00e4ndrats p\u00e5 bara tv\u00e5 generationer\u201d, s\u00e4ger Emil i filmen.\",\"breadcrumb\":{\"@id\":\"https:\/\/www.deepseareporter.com\/sv\/fiskodlingen-forstorde-emils-fjord-i-sapmi-synd-att-vi-ska-drabbas-forst\/#breadcrumb\"},\"inLanguage\":\"sv-SE\",\"potentialAction\":[{\"@type\":\"ReadAction\",\"target\":[\"https:\/\/www.deepseareporter.com\/sv\/fiskodlingen-forstorde-emils-fjord-i-sapmi-synd-att-vi-ska-drabbas-forst\/\"]}]},{\"@type\":\"ImageObject\",\"inLanguage\":\"sv-SE\",\"@id\":\"https:\/\/www.deepseareporter.com\/sv\/fiskodlingen-forstorde-emils-fjord-i-sapmi-synd-att-vi-ska-drabbas-forst\/#primaryimage\",\"url\":\"https:\/\/www.deepseareporter.com\/wp-content\/uploads\/2025\/11\/Sami-Norway-v-6-7-combo.00_00_08_03.Still002-kopia.jpg\",\"contentUrl\":\"https:\/\/www.deepseareporter.com\/wp-content\/uploads\/2025\/11\/Sami-Norway-v-6-7-combo.00_00_08_03.Still002-kopia.jpg\",\"width\":1920,\"height\":1080},{\"@type\":\"BreadcrumbList\",\"@id\":\"https:\/\/www.deepseareporter.com\/sv\/fiskodlingen-forstorde-emils-fjord-i-sapmi-synd-att-vi-ska-drabbas-forst\/#breadcrumb\",\"itemListElement\":[{\"@type\":\"ListItem\",\"position\":1,\"name\":\"Hem\",\"item\":\"https:\/\/www.deepseareporter.com\/sv\/\"},{\"@type\":\"ListItem\",\"position\":2,\"name\":\"Fiskodlingen f\u00f6rst\u00f6rde Emils fjord i S\u00e1pmi: \u201cSynd att vi ska drabbas f\u00f6rst\u201d\"}]},{\"@type\":\"WebSite\",\"@id\":\"https:\/\/www.deepseareporter.com\/#website\",\"url\":\"https:\/\/www.deepseareporter.com\/\",\"name\":\"Deep Sea Reporter\",\"description\":\"Ett digitalt magasin om havet\",\"publisher\":{\"@id\":\"https:\/\/www.deepseareporter.com\/#organization\"},\"potentialAction\":[{\"@type\":\"SearchAction\",\"target\":{\"@type\":\"EntryPoint\",\"urlTemplate\":\"https:\/\/www.deepseareporter.com\/?s={search_term_string}\"},\"query-input\":{\"@type\":\"PropertyValueSpecification\",\"valueRequired\":true,\"valueName\":\"search_term_string\"}}],\"inLanguage\":\"sv-SE\"},{\"@type\":\"Organization\",\"@id\":\"https:\/\/www.deepseareporter.com\/#organization\",\"name\":\"Deep Sea Reporter\",\"url\":\"https:\/\/www.deepseareporter.com\/\",\"logo\":{\"@type\":\"ImageObject\",\"inLanguage\":\"sv-SE\",\"@id\":\"https:\/\/www.deepseareporter.com\/#\/schema\/logo\/image\/\",\"url\":\"https:\/\/www.deepseareporter.com\/wp-content\/uploads\/2024\/10\/dsr-bla-ny-logga.svg\",\"contentUrl\":\"https:\/\/www.deepseareporter.com\/wp-content\/uploads\/2024\/10\/dsr-bla-ny-logga.svg\",\"width\":834,\"height\":504,\"caption\":\"Deep Sea Reporter\"},\"image\":{\"@id\":\"https:\/\/www.deepseareporter.com\/#\/schema\/logo\/image\/\"}},{\"@type\":\"Person\",\"@id\":\"https:\/\/www.deepseareporter.com\/#\/schema\/person\/8440c67b5dda5c5ae6c70162fedbd434\",\"name\":\"Lena Scherman\"}]}<\/script>\n<!-- \/ Yoast SEO Premium plugin. -->","yoast_head_json":{"title":"Fiskodlingen f\u00f6rst\u00f6rde Emils fjord i S\u00e1pmi: \u201cSynd att vi ska drabbas f\u00f6rst\u201d - Deep Sea Reporter","description":"Hans musik \u00e4r inspirerad av havet. Men klimatf\u00f6r\u00e4ndringarna g\u00f6r att samerna f\u00f6rlorar sitt spr\u00e5k och p\u00e5verkar deras identitet negativt. Det h\u00e4r \u00e4r en ber\u00e4ttelse om musik, spr\u00e5k och kulturf\u00f6r\u00e4ndringar till f\u00f6ljd av klimatf\u00f6r\u00e4ndringarna.\u201dMycket har f\u00f6r\u00e4ndrats p\u00e5 bara tv\u00e5 generationer\u201d, s\u00e4ger Emil i filmen.","robots":{"index":"index","follow":"follow","max-snippet":"max-snippet:-1","max-image-preview":"max-image-preview:large","max-video-preview":"max-video-preview:-1"},"canonical":"https:\/\/www.deepseareporter.com\/sv\/fiskodlingen-forstorde-emils-fjord-i-sapmi-synd-att-vi-ska-drabbas-forst\/","og_locale":"sv_SE","og_type":"article","og_title":"Fiskodlingen f\u00f6rst\u00f6rde Emils fjord i S\u00e1pmi: \u201cSynd att vi ska drabbas f\u00f6rst\u201d - Deep Sea Reporter","og_description":"Hans musik \u00e4r inspirerad av havet. Men klimatf\u00f6r\u00e4ndringarna g\u00f6r att samerna f\u00f6rlorar sitt spr\u00e5k och p\u00e5verkar deras identitet negativt. Det h\u00e4r \u00e4r en ber\u00e4ttelse om musik, spr\u00e5k och kulturf\u00f6r\u00e4ndringar till f\u00f6ljd av klimatf\u00f6r\u00e4ndringarna.\u201dMycket har f\u00f6r\u00e4ndrats p\u00e5 bara tv\u00e5 generationer\u201d, s\u00e4ger Emil i filmen.","og_url":"https:\/\/www.deepseareporter.com\/sv\/fiskodlingen-forstorde-emils-fjord-i-sapmi-synd-att-vi-ska-drabbas-forst\/","og_site_name":"Deep Sea Reporter","article_published_time":"2025-11-13T11:47:25+00:00","article_modified_time":"2025-11-18T20:40:25+00:00","og_image":[{"width":1920,"height":1080,"url":"https:\/\/www.deepseareporter.com\/wp-content\/uploads\/2025\/11\/Sami-Norway-v-6-7-combo.00_00_08_03.Still002-kopia.jpg","type":"image\/jpeg"}],"author":"Lena Scherman","twitter_card":"summary_large_image","twitter_misc":{"Skriven av":"Lena Scherman","Ber\u00e4knad l\u00e4stid":"1 minut"},"schema":{"@context":"https:\/\/schema.org","@graph":[{"@type":"Article","@id":"https:\/\/www.deepseareporter.com\/sv\/fiskodlingen-forstorde-emils-fjord-i-sapmi-synd-att-vi-ska-drabbas-forst\/#article","isPartOf":{"@id":"https:\/\/www.deepseareporter.com\/sv\/fiskodlingen-forstorde-emils-fjord-i-sapmi-synd-att-vi-ska-drabbas-forst\/"},"author":{"name":"Lena Scherman","@id":"https:\/\/www.deepseareporter.com\/#\/schema\/person\/8440c67b5dda5c5ae6c70162fedbd434"},"headline":"Fiskodlingen f\u00f6rst\u00f6rde Emils fjord i S\u00e1pmi: \u201cSynd att vi ska drabbas f\u00f6rst\u201d","datePublished":"2025-11-13T11:47:25+00:00","dateModified":"2025-11-18T20:40:25+00:00","mainEntityOfPage":{"@id":"https:\/\/www.deepseareporter.com\/sv\/fiskodlingen-forstorde-emils-fjord-i-sapmi-synd-att-vi-ska-drabbas-forst\/"},"wordCount":157,"publisher":{"@id":"https:\/\/www.deepseareporter.com\/#organization"},"image":{"@id":"https:\/\/www.deepseareporter.com\/sv\/fiskodlingen-forstorde-emils-fjord-i-sapmi-synd-att-vi-ska-drabbas-forst\/#primaryimage"},"thumbnailUrl":"https:\/\/www.deepseareporter.com\/wp-content\/uploads\/2025\/11\/Sami-Norway-v-6-7-combo.00_00_08_03.Still002-kopia.jpg","keywords":["cop30","Klimatf\u00f6r\u00e4ndring","S\u00e1pmi","Voices of our Ocean"],"articleSection":["Klimat och Milj\u00f6"],"inLanguage":"sv-SE"},{"@type":"WebPage","@id":"https:\/\/www.deepseareporter.com\/sv\/fiskodlingen-forstorde-emils-fjord-i-sapmi-synd-att-vi-ska-drabbas-forst\/","url":"https:\/\/www.deepseareporter.com\/sv\/fiskodlingen-forstorde-emils-fjord-i-sapmi-synd-att-vi-ska-drabbas-forst\/","name":"Fiskodlingen f\u00f6rst\u00f6rde Emils fjord i S\u00e1pmi: \u201cSynd att vi ska drabbas f\u00f6rst\u201d - Deep Sea Reporter","isPartOf":{"@id":"https:\/\/www.deepseareporter.com\/#website"},"primaryImageOfPage":{"@id":"https:\/\/www.deepseareporter.com\/sv\/fiskodlingen-forstorde-emils-fjord-i-sapmi-synd-att-vi-ska-drabbas-forst\/#primaryimage"},"image":{"@id":"https:\/\/www.deepseareporter.com\/sv\/fiskodlingen-forstorde-emils-fjord-i-sapmi-synd-att-vi-ska-drabbas-forst\/#primaryimage"},"thumbnailUrl":"https:\/\/www.deepseareporter.com\/wp-content\/uploads\/2025\/11\/Sami-Norway-v-6-7-combo.00_00_08_03.Still002-kopia.jpg","datePublished":"2025-11-13T11:47:25+00:00","dateModified":"2025-11-18T20:40:25+00:00","description":"Hans musik \u00e4r inspirerad av havet. Men klimatf\u00f6r\u00e4ndringarna g\u00f6r att samerna f\u00f6rlorar sitt spr\u00e5k och p\u00e5verkar deras identitet negativt. Det h\u00e4r \u00e4r en ber\u00e4ttelse om musik, spr\u00e5k och kulturf\u00f6r\u00e4ndringar till f\u00f6ljd av klimatf\u00f6r\u00e4ndringarna.\u201dMycket har f\u00f6r\u00e4ndrats p\u00e5 bara tv\u00e5 generationer\u201d, s\u00e4ger Emil i filmen.","breadcrumb":{"@id":"https:\/\/www.deepseareporter.com\/sv\/fiskodlingen-forstorde-emils-fjord-i-sapmi-synd-att-vi-ska-drabbas-forst\/#breadcrumb"},"inLanguage":"sv-SE","potentialAction":[{"@type":"ReadAction","target":["https:\/\/www.deepseareporter.com\/sv\/fiskodlingen-forstorde-emils-fjord-i-sapmi-synd-att-vi-ska-drabbas-forst\/"]}]},{"@type":"ImageObject","inLanguage":"sv-SE","@id":"https:\/\/www.deepseareporter.com\/sv\/fiskodlingen-forstorde-emils-fjord-i-sapmi-synd-att-vi-ska-drabbas-forst\/#primaryimage","url":"https:\/\/www.deepseareporter.com\/wp-content\/uploads\/2025\/11\/Sami-Norway-v-6-7-combo.00_00_08_03.Still002-kopia.jpg","contentUrl":"https:\/\/www.deepseareporter.com\/wp-content\/uploads\/2025\/11\/Sami-Norway-v-6-7-combo.00_00_08_03.Still002-kopia.jpg","width":1920,"height":1080},{"@type":"BreadcrumbList","@id":"https:\/\/www.deepseareporter.com\/sv\/fiskodlingen-forstorde-emils-fjord-i-sapmi-synd-att-vi-ska-drabbas-forst\/#breadcrumb","itemListElement":[{"@type":"ListItem","position":1,"name":"Hem","item":"https:\/\/www.deepseareporter.com\/sv\/"},{"@type":"ListItem","position":2,"name":"Fiskodlingen f\u00f6rst\u00f6rde Emils fjord i S\u00e1pmi: \u201cSynd att vi ska drabbas f\u00f6rst\u201d"}]},{"@type":"WebSite","@id":"https:\/\/www.deepseareporter.com\/#website","url":"https:\/\/www.deepseareporter.com\/","name":"Deep Sea Reporter","description":"Ett digitalt magasin om havet","publisher":{"@id":"https:\/\/www.deepseareporter.com\/#organization"},"potentialAction":[{"@type":"SearchAction","target":{"@type":"EntryPoint","urlTemplate":"https:\/\/www.deepseareporter.com\/?s={search_term_string}"},"query-input":{"@type":"PropertyValueSpecification","valueRequired":true,"valueName":"search_term_string"}}],"inLanguage":"sv-SE"},{"@type":"Organization","@id":"https:\/\/www.deepseareporter.com\/#organization","name":"Deep Sea Reporter","url":"https:\/\/www.deepseareporter.com\/","logo":{"@type":"ImageObject","inLanguage":"sv-SE","@id":"https:\/\/www.deepseareporter.com\/#\/schema\/logo\/image\/","url":"https:\/\/www.deepseareporter.com\/wp-content\/uploads\/2024\/10\/dsr-bla-ny-logga.svg","contentUrl":"https:\/\/www.deepseareporter.com\/wp-content\/uploads\/2024\/10\/dsr-bla-ny-logga.svg","width":834,"height":504,"caption":"Deep Sea Reporter"},"image":{"@id":"https:\/\/www.deepseareporter.com\/#\/schema\/logo\/image\/"}},{"@type":"Person","@id":"https:\/\/www.deepseareporter.com\/#\/schema\/person\/8440c67b5dda5c5ae6c70162fedbd434","name":"Lena Scherman"}]}},"_links":{"self":[{"href":"https:\/\/www.deepseareporter.com\/sv\/wp-json\/wp\/v2\/posts\/41798","targetHints":{"allow":["GET"]}}],"collection":[{"href":"https:\/\/www.deepseareporter.com\/sv\/wp-json\/wp\/v2\/posts"}],"about":[{"href":"https:\/\/www.deepseareporter.com\/sv\/wp-json\/wp\/v2\/types\/post"}],"author":[{"embeddable":true,"href":"https:\/\/www.deepseareporter.com\/sv\/wp-json\/wp\/v2\/users\/4"}],"replies":[{"embeddable":true,"href":"https:\/\/www.deepseareporter.com\/sv\/wp-json\/wp\/v2\/comments?post=41798"}],"version-history":[{"count":3,"href":"https:\/\/www.deepseareporter.com\/sv\/wp-json\/wp\/v2\/posts\/41798\/revisions"}],"predecessor-version":[{"id":41957,"href":"https:\/\/www.deepseareporter.com\/sv\/wp-json\/wp\/v2\/posts\/41798\/revisions\/41957"}],"wp:featuredmedia":[{"embeddable":true,"href":"https:\/\/www.deepseareporter.com\/sv\/wp-json\/wp\/v2\/media\/41799"}],"wp:attachment":[{"href":"https:\/\/www.deepseareporter.com\/sv\/wp-json\/wp\/v2\/media?parent=41798"}],"wp:term":[{"taxonomy":"category","embeddable":true,"href":"https:\/\/www.deepseareporter.com\/sv\/wp-json\/wp\/v2\/categories?post=41798"},{"taxonomy":"post_tag","embeddable":true,"href":"https:\/\/www.deepseareporter.com\/sv\/wp-json\/wp\/v2\/tags?post=41798"}],"curies":[{"name":"wp","href":"https:\/\/api.w.org\/{rel}","templated":true}]}}