{"id":41400,"date":"2025-10-04T11:06:11","date_gmt":"2025-10-04T09:06:11","guid":{"rendered":"https:\/\/www.deepseareporter.com\/?p=41400"},"modified":"2025-10-04T11:06:13","modified_gmt":"2025-10-04T09:06:13","slug":"ovantat-klimathot-fran-soder-ny-studie-varnar","status":"publish","type":"post","link":"https:\/\/www.deepseareporter.com\/sv\/ovantat-klimathot-fran-soder-ny-studie-varnar\/","title":{"rendered":"Ov\u00e4ntat klimathot fr\u00e5n s\u00f6der &#8211; ny studie varnar"},"content":{"rendered":"\n<p><strong>Antarktis har klarat sig relativt v\u00e4l undan fr\u00e5n klimatf\u00f6r\u00e4ndringarna. Men enligt en f\u00e4rsk studie b\u00f6rjar situationen p\u00e5 kontinenten allt mer likna den p\u00e5 Gr\u00f6nland.<\/strong><\/p>\n\n\n\n<p>Forskarna vid DMI, danska versionen av SMHI, kallar utvecklingen f\u00f6r en \u201dGr\u00f6nlandifiering\u201d, n\u00e4r sm\u00e4ltningen kring s\u00f6dra polen sker allt snabbare och mer is g\u00e5r f\u00f6rlorad till havet.<\/p>\n\n\n\n<p>J\u00e4mf\u00f6rt med Gr\u00f6nland \u00e4r m\u00e4ngden is p\u00e5 Antarktis enorm. Om isen p\u00e5 Gr\u00f6nland sm\u00e4lter stiger v\u00e4rldshaven sju meter. Om samma sak skedde med Antarktis skulle havsh\u00f6jningen bli 50 meter.<\/p>\n\n\n\n<p>\u201dAntarktis har l\u00e4nge ansetts vara mer stabilt \u00e4n Arktis. Men i dag har bilden f\u00f6r\u00e4ndrats: havsisen f\u00f6rsvinner, temperaturen stiger \u00e4ven h\u00e4r, isfl\u00f6dena accelererar och sm\u00e4ltvatten tr\u00e4nger in i glaci\u00e4rernas sprickor, vilket g\u00f6r att de glider snabbare mot havet\u201d, s\u00e4ger huvudf\u00f6rfattaren Ruth Mottram i ett&nbsp;<a href=\"https:\/\/www.dmi.dk\/nyheder\/2025\/sydpolen-laegger-sig-i-groenlands-smeltespor\">pressmeddelande.<\/a><\/p>\n\n\n\n<p>I studien, som publiceras i&nbsp;<a href=\"https:\/\/www.nature.com\/articles\/s41561-025-01805-1\">Nature Geoscience,<\/a>&nbsp;har forskarna anv\u00e4nt sig av satellitm\u00e4tningar, radar- och laserskanningar liksom bojar, fartygsm\u00e4tningar och klimatmodeller.<\/p>\n\n\n\n<p>Det kan vara v\u00e4rre f\u00f6r oss h\u00e4r i norr att isen p\u00e5 Antarktis sm\u00e4lter, \u00e4n att den p\u00e5 Gr\u00f6nland g\u00f6r det. N\u00e4r isen i syd sm\u00e4lter f\u00f6rdelas vattnet p\u00e5 ett s\u00e4tt s\u00e5 att det stiger mer p\u00e5 v\u00e5ra breddgrader och vice versa, enligt forskarna.<\/p>\n\n\n\n<p>\u201dDet \u00e4r f\u00f6r\u00f6dande, eftersom ismassorna i s\u00f6der har en dramatisk potential i form av stigande havsniv\u00e5er f\u00f6r oss i norr\u201d.<\/p>\n\n\n\n<p><\/p>\n","protected":false},"excerpt":{"rendered":"<p>Antarktis har klarat sig relativt v\u00e4l undan fr\u00e5n klimatf\u00f6r\u00e4ndringarna. Men enligt en f\u00e4rsk studie b\u00f6rjar situationen p\u00e5 kontinenten allt mer likna den p\u00e5 Gr\u00f6nland.<\/p>\n","protected":false},"author":4,"featured_media":41399,"comment_status":"closed","ping_status":"closed","sticky":false,"template":"","format":"standard","meta":{"_acf_changed":false,"footnotes":""},"categories":[244],"tags":[705,3732,3731,3730,1249,1434,1394],"class_list":["post-41400","post","type-post","status-publish","format-standard","has-post-thumbnail","hentry","category-klimat-och-miljo","tag-antarktis","tag-gronlandifiering","tag-havsisen","tag-inlandsis","tag-klimat-och-miljo","tag-smaltande-isar","tag-varmare-hav"],"acf":[],"yoast_head":"<!-- This site is optimized with the Yoast SEO Premium plugin v27.0 (Yoast SEO v27.0) - https:\/\/yoast.com\/product\/yoast-seo-premium-wordpress\/ -->\n<title>Ov\u00e4ntat klimathot fr\u00e5n s\u00f6der - ny studie varnar - Deep Sea Reporter<\/title>\n<meta name=\"description\" content=\"Antarktis har klarat sig relativt v\u00e4l undan fr\u00e5n klimatf\u00f6r\u00e4ndringarna. Men enligt en f\u00e4rsk studie b\u00f6rjar situationen p\u00e5 kontinenten allt mer likna den p\u00e5 Gr\u00f6nland.\" \/>\n<meta name=\"robots\" content=\"index, follow, max-snippet:-1, max-image-preview:large, max-video-preview:-1\" \/>\n<link rel=\"canonical\" href=\"https:\/\/www.deepseareporter.com\/sv\/ovantat-klimathot-fran-soder-ny-studie-varnar\/\" \/>\n<meta property=\"og:locale\" content=\"sv_SE\" \/>\n<meta property=\"og:type\" content=\"article\" \/>\n<meta property=\"og:title\" content=\"Ov\u00e4ntat klimathot fr\u00e5n s\u00f6der - ny studie varnar - Deep Sea Reporter\" \/>\n<meta property=\"og:description\" content=\"Antarktis har klarat sig relativt v\u00e4l undan fr\u00e5n klimatf\u00f6r\u00e4ndringarna. Men enligt en f\u00e4rsk studie b\u00f6rjar situationen p\u00e5 kontinenten allt mer likna den p\u00e5 Gr\u00f6nland.\" \/>\n<meta property=\"og:url\" content=\"https:\/\/www.deepseareporter.com\/sv\/ovantat-klimathot-fran-soder-ny-studie-varnar\/\" \/>\n<meta property=\"og:site_name\" content=\"Deep Sea Reporter\" \/>\n<meta property=\"article:published_time\" content=\"2025-10-04T09:06:11+00:00\" \/>\n<meta property=\"article:modified_time\" content=\"2025-10-04T09:06:13+00:00\" \/>\n<meta property=\"og:image\" content=\"https:\/\/www.deepseareporter.com\/wp-content\/uploads\/2025\/10\/251003-antarktis1-3049ab84-a001nh.jpeg\" \/>\n\t<meta property=\"og:image:width\" content=\"2000\" \/>\n\t<meta property=\"og:image:height\" content=\"1333\" \/>\n\t<meta property=\"og:image:type\" content=\"image\/jpeg\" \/>\n<meta name=\"author\" content=\"Lena Scherman\" \/>\n<meta name=\"twitter:card\" content=\"summary_large_image\" \/>\n<meta name=\"twitter:label1\" content=\"Skriven av\" \/>\n\t<meta name=\"twitter:data1\" content=\"Lena Scherman\" \/>\n\t<meta name=\"twitter:label2\" content=\"Ber\u00e4knad l\u00e4stid\" \/>\n\t<meta name=\"twitter:data2\" content=\"2 minuter\" \/>\n<script type=\"application\/ld+json\" class=\"yoast-schema-graph\">{\"@context\":\"https:\/\/schema.org\",\"@graph\":[{\"@type\":\"Article\",\"@id\":\"https:\/\/www.deepseareporter.com\/sv\/ovantat-klimathot-fran-soder-ny-studie-varnar\/#article\",\"isPartOf\":{\"@id\":\"https:\/\/www.deepseareporter.com\/sv\/ovantat-klimathot-fran-soder-ny-studie-varnar\/\"},\"author\":{\"name\":\"Lena Scherman\",\"@id\":\"https:\/\/www.deepseareporter.com\/#\/schema\/person\/8440c67b5dda5c5ae6c70162fedbd434\"},\"headline\":\"Ov\u00e4ntat klimathot fr\u00e5n s\u00f6der &#8211; ny studie varnar\",\"datePublished\":\"2025-10-04T09:06:11+00:00\",\"dateModified\":\"2025-10-04T09:06:13+00:00\",\"mainEntityOfPage\":{\"@id\":\"https:\/\/www.deepseareporter.com\/sv\/ovantat-klimathot-fran-soder-ny-studie-varnar\/\"},\"wordCount\":276,\"publisher\":{\"@id\":\"https:\/\/www.deepseareporter.com\/#organization\"},\"image\":{\"@id\":\"https:\/\/www.deepseareporter.com\/sv\/ovantat-klimathot-fran-soder-ny-studie-varnar\/#primaryimage\"},\"thumbnailUrl\":\"https:\/\/www.deepseareporter.com\/wp-content\/uploads\/2025\/10\/251003-antarktis1-3049ab84-a001nh.jpeg\",\"keywords\":[\"antarktis\",\"gr\u00f6nlandifiering\",\"havsisen\",\"inlandsis\",\"klimat och milj\u00f6\",\"sm\u00e4ltande isar\",\"varmare hav\"],\"articleSection\":[\"Klimat och Milj\u00f6\"],\"inLanguage\":\"sv-SE\"},{\"@type\":\"WebPage\",\"@id\":\"https:\/\/www.deepseareporter.com\/sv\/ovantat-klimathot-fran-soder-ny-studie-varnar\/\",\"url\":\"https:\/\/www.deepseareporter.com\/sv\/ovantat-klimathot-fran-soder-ny-studie-varnar\/\",\"name\":\"Ov\u00e4ntat klimathot fr\u00e5n s\u00f6der - ny studie varnar - Deep Sea Reporter\",\"isPartOf\":{\"@id\":\"https:\/\/www.deepseareporter.com\/#website\"},\"primaryImageOfPage\":{\"@id\":\"https:\/\/www.deepseareporter.com\/sv\/ovantat-klimathot-fran-soder-ny-studie-varnar\/#primaryimage\"},\"image\":{\"@id\":\"https:\/\/www.deepseareporter.com\/sv\/ovantat-klimathot-fran-soder-ny-studie-varnar\/#primaryimage\"},\"thumbnailUrl\":\"https:\/\/www.deepseareporter.com\/wp-content\/uploads\/2025\/10\/251003-antarktis1-3049ab84-a001nh.jpeg\",\"datePublished\":\"2025-10-04T09:06:11+00:00\",\"dateModified\":\"2025-10-04T09:06:13+00:00\",\"description\":\"Antarktis har klarat sig relativt v\u00e4l undan fr\u00e5n klimatf\u00f6r\u00e4ndringarna. Men enligt en f\u00e4rsk studie b\u00f6rjar situationen p\u00e5 kontinenten allt mer likna den p\u00e5 Gr\u00f6nland.\",\"breadcrumb\":{\"@id\":\"https:\/\/www.deepseareporter.com\/sv\/ovantat-klimathot-fran-soder-ny-studie-varnar\/#breadcrumb\"},\"inLanguage\":\"sv-SE\",\"potentialAction\":[{\"@type\":\"ReadAction\",\"target\":[\"https:\/\/www.deepseareporter.com\/sv\/ovantat-klimathot-fran-soder-ny-studie-varnar\/\"]}]},{\"@type\":\"ImageObject\",\"inLanguage\":\"sv-SE\",\"@id\":\"https:\/\/www.deepseareporter.com\/sv\/ovantat-klimathot-fran-soder-ny-studie-varnar\/#primaryimage\",\"url\":\"https:\/\/www.deepseareporter.com\/wp-content\/uploads\/2025\/10\/251003-antarktis1-3049ab84-a001nh.jpeg\",\"contentUrl\":\"https:\/\/www.deepseareporter.com\/wp-content\/uploads\/2025\/10\/251003-antarktis1-3049ab84-a001nh.jpeg\",\"width\":2000,\"height\":1333,\"caption\":\"An iceberg floats near at Bransfield Strait shore, Antarctica, Wednesday, Nov. 23, 2023. (AP Photo\/Jorge Saenz) COP28 Climate Rising Temperatures\"},{\"@type\":\"BreadcrumbList\",\"@id\":\"https:\/\/www.deepseareporter.com\/sv\/ovantat-klimathot-fran-soder-ny-studie-varnar\/#breadcrumb\",\"itemListElement\":[{\"@type\":\"ListItem\",\"position\":1,\"name\":\"Hem\",\"item\":\"https:\/\/www.deepseareporter.com\/sv\/\"},{\"@type\":\"ListItem\",\"position\":2,\"name\":\"Ov\u00e4ntat klimathot fr\u00e5n s\u00f6der &#8211; ny studie varnar\"}]},{\"@type\":\"WebSite\",\"@id\":\"https:\/\/www.deepseareporter.com\/#website\",\"url\":\"https:\/\/www.deepseareporter.com\/\",\"name\":\"Deep Sea Reporter\",\"description\":\"Ett digitalt magasin om havet\",\"publisher\":{\"@id\":\"https:\/\/www.deepseareporter.com\/#organization\"},\"potentialAction\":[{\"@type\":\"SearchAction\",\"target\":{\"@type\":\"EntryPoint\",\"urlTemplate\":\"https:\/\/www.deepseareporter.com\/?s={search_term_string}\"},\"query-input\":{\"@type\":\"PropertyValueSpecification\",\"valueRequired\":true,\"valueName\":\"search_term_string\"}}],\"inLanguage\":\"sv-SE\"},{\"@type\":\"Organization\",\"@id\":\"https:\/\/www.deepseareporter.com\/#organization\",\"name\":\"Deep Sea Reporter\",\"url\":\"https:\/\/www.deepseareporter.com\/\",\"logo\":{\"@type\":\"ImageObject\",\"inLanguage\":\"sv-SE\",\"@id\":\"https:\/\/www.deepseareporter.com\/#\/schema\/logo\/image\/\",\"url\":\"https:\/\/www.deepseareporter.com\/wp-content\/uploads\/2024\/10\/dsr-bla-ny-logga.svg\",\"contentUrl\":\"https:\/\/www.deepseareporter.com\/wp-content\/uploads\/2024\/10\/dsr-bla-ny-logga.svg\",\"width\":834,\"height\":504,\"caption\":\"Deep Sea Reporter\"},\"image\":{\"@id\":\"https:\/\/www.deepseareporter.com\/#\/schema\/logo\/image\/\"}},{\"@type\":\"Person\",\"@id\":\"https:\/\/www.deepseareporter.com\/#\/schema\/person\/8440c67b5dda5c5ae6c70162fedbd434\",\"name\":\"Lena Scherman\"}]}<\/script>\n<!-- \/ Yoast SEO Premium plugin. -->","yoast_head_json":{"title":"Ov\u00e4ntat klimathot fr\u00e5n s\u00f6der - ny studie varnar - Deep Sea Reporter","description":"Antarktis har klarat sig relativt v\u00e4l undan fr\u00e5n klimatf\u00f6r\u00e4ndringarna. Men enligt en f\u00e4rsk studie b\u00f6rjar situationen p\u00e5 kontinenten allt mer likna den p\u00e5 Gr\u00f6nland.","robots":{"index":"index","follow":"follow","max-snippet":"max-snippet:-1","max-image-preview":"max-image-preview:large","max-video-preview":"max-video-preview:-1"},"canonical":"https:\/\/www.deepseareporter.com\/sv\/ovantat-klimathot-fran-soder-ny-studie-varnar\/","og_locale":"sv_SE","og_type":"article","og_title":"Ov\u00e4ntat klimathot fr\u00e5n s\u00f6der - ny studie varnar - Deep Sea Reporter","og_description":"Antarktis har klarat sig relativt v\u00e4l undan fr\u00e5n klimatf\u00f6r\u00e4ndringarna. Men enligt en f\u00e4rsk studie b\u00f6rjar situationen p\u00e5 kontinenten allt mer likna den p\u00e5 Gr\u00f6nland.","og_url":"https:\/\/www.deepseareporter.com\/sv\/ovantat-klimathot-fran-soder-ny-studie-varnar\/","og_site_name":"Deep Sea Reporter","article_published_time":"2025-10-04T09:06:11+00:00","article_modified_time":"2025-10-04T09:06:13+00:00","og_image":[{"width":2000,"height":1333,"url":"https:\/\/www.deepseareporter.com\/wp-content\/uploads\/2025\/10\/251003-antarktis1-3049ab84-a001nh.jpeg","type":"image\/jpeg"}],"author":"Lena Scherman","twitter_card":"summary_large_image","twitter_misc":{"Skriven av":"Lena Scherman","Ber\u00e4knad l\u00e4stid":"2 minuter"},"schema":{"@context":"https:\/\/schema.org","@graph":[{"@type":"Article","@id":"https:\/\/www.deepseareporter.com\/sv\/ovantat-klimathot-fran-soder-ny-studie-varnar\/#article","isPartOf":{"@id":"https:\/\/www.deepseareporter.com\/sv\/ovantat-klimathot-fran-soder-ny-studie-varnar\/"},"author":{"name":"Lena Scherman","@id":"https:\/\/www.deepseareporter.com\/#\/schema\/person\/8440c67b5dda5c5ae6c70162fedbd434"},"headline":"Ov\u00e4ntat klimathot fr\u00e5n s\u00f6der &#8211; ny studie varnar","datePublished":"2025-10-04T09:06:11+00:00","dateModified":"2025-10-04T09:06:13+00:00","mainEntityOfPage":{"@id":"https:\/\/www.deepseareporter.com\/sv\/ovantat-klimathot-fran-soder-ny-studie-varnar\/"},"wordCount":276,"publisher":{"@id":"https:\/\/www.deepseareporter.com\/#organization"},"image":{"@id":"https:\/\/www.deepseareporter.com\/sv\/ovantat-klimathot-fran-soder-ny-studie-varnar\/#primaryimage"},"thumbnailUrl":"https:\/\/www.deepseareporter.com\/wp-content\/uploads\/2025\/10\/251003-antarktis1-3049ab84-a001nh.jpeg","keywords":["antarktis","gr\u00f6nlandifiering","havsisen","inlandsis","klimat och milj\u00f6","sm\u00e4ltande isar","varmare hav"],"articleSection":["Klimat och Milj\u00f6"],"inLanguage":"sv-SE"},{"@type":"WebPage","@id":"https:\/\/www.deepseareporter.com\/sv\/ovantat-klimathot-fran-soder-ny-studie-varnar\/","url":"https:\/\/www.deepseareporter.com\/sv\/ovantat-klimathot-fran-soder-ny-studie-varnar\/","name":"Ov\u00e4ntat klimathot fr\u00e5n s\u00f6der - ny studie varnar - Deep Sea Reporter","isPartOf":{"@id":"https:\/\/www.deepseareporter.com\/#website"},"primaryImageOfPage":{"@id":"https:\/\/www.deepseareporter.com\/sv\/ovantat-klimathot-fran-soder-ny-studie-varnar\/#primaryimage"},"image":{"@id":"https:\/\/www.deepseareporter.com\/sv\/ovantat-klimathot-fran-soder-ny-studie-varnar\/#primaryimage"},"thumbnailUrl":"https:\/\/www.deepseareporter.com\/wp-content\/uploads\/2025\/10\/251003-antarktis1-3049ab84-a001nh.jpeg","datePublished":"2025-10-04T09:06:11+00:00","dateModified":"2025-10-04T09:06:13+00:00","description":"Antarktis har klarat sig relativt v\u00e4l undan fr\u00e5n klimatf\u00f6r\u00e4ndringarna. Men enligt en f\u00e4rsk studie b\u00f6rjar situationen p\u00e5 kontinenten allt mer likna den p\u00e5 Gr\u00f6nland.","breadcrumb":{"@id":"https:\/\/www.deepseareporter.com\/sv\/ovantat-klimathot-fran-soder-ny-studie-varnar\/#breadcrumb"},"inLanguage":"sv-SE","potentialAction":[{"@type":"ReadAction","target":["https:\/\/www.deepseareporter.com\/sv\/ovantat-klimathot-fran-soder-ny-studie-varnar\/"]}]},{"@type":"ImageObject","inLanguage":"sv-SE","@id":"https:\/\/www.deepseareporter.com\/sv\/ovantat-klimathot-fran-soder-ny-studie-varnar\/#primaryimage","url":"https:\/\/www.deepseareporter.com\/wp-content\/uploads\/2025\/10\/251003-antarktis1-3049ab84-a001nh.jpeg","contentUrl":"https:\/\/www.deepseareporter.com\/wp-content\/uploads\/2025\/10\/251003-antarktis1-3049ab84-a001nh.jpeg","width":2000,"height":1333,"caption":"An iceberg floats near at Bransfield Strait shore, Antarctica, Wednesday, Nov. 23, 2023. (AP Photo\/Jorge Saenz) COP28 Climate Rising Temperatures"},{"@type":"BreadcrumbList","@id":"https:\/\/www.deepseareporter.com\/sv\/ovantat-klimathot-fran-soder-ny-studie-varnar\/#breadcrumb","itemListElement":[{"@type":"ListItem","position":1,"name":"Hem","item":"https:\/\/www.deepseareporter.com\/sv\/"},{"@type":"ListItem","position":2,"name":"Ov\u00e4ntat klimathot fr\u00e5n s\u00f6der &#8211; ny studie varnar"}]},{"@type":"WebSite","@id":"https:\/\/www.deepseareporter.com\/#website","url":"https:\/\/www.deepseareporter.com\/","name":"Deep Sea Reporter","description":"Ett digitalt magasin om havet","publisher":{"@id":"https:\/\/www.deepseareporter.com\/#organization"},"potentialAction":[{"@type":"SearchAction","target":{"@type":"EntryPoint","urlTemplate":"https:\/\/www.deepseareporter.com\/?s={search_term_string}"},"query-input":{"@type":"PropertyValueSpecification","valueRequired":true,"valueName":"search_term_string"}}],"inLanguage":"sv-SE"},{"@type":"Organization","@id":"https:\/\/www.deepseareporter.com\/#organization","name":"Deep Sea Reporter","url":"https:\/\/www.deepseareporter.com\/","logo":{"@type":"ImageObject","inLanguage":"sv-SE","@id":"https:\/\/www.deepseareporter.com\/#\/schema\/logo\/image\/","url":"https:\/\/www.deepseareporter.com\/wp-content\/uploads\/2024\/10\/dsr-bla-ny-logga.svg","contentUrl":"https:\/\/www.deepseareporter.com\/wp-content\/uploads\/2024\/10\/dsr-bla-ny-logga.svg","width":834,"height":504,"caption":"Deep Sea Reporter"},"image":{"@id":"https:\/\/www.deepseareporter.com\/#\/schema\/logo\/image\/"}},{"@type":"Person","@id":"https:\/\/www.deepseareporter.com\/#\/schema\/person\/8440c67b5dda5c5ae6c70162fedbd434","name":"Lena Scherman"}]}},"_links":{"self":[{"href":"https:\/\/www.deepseareporter.com\/sv\/wp-json\/wp\/v2\/posts\/41400","targetHints":{"allow":["GET"]}}],"collection":[{"href":"https:\/\/www.deepseareporter.com\/sv\/wp-json\/wp\/v2\/posts"}],"about":[{"href":"https:\/\/www.deepseareporter.com\/sv\/wp-json\/wp\/v2\/types\/post"}],"author":[{"embeddable":true,"href":"https:\/\/www.deepseareporter.com\/sv\/wp-json\/wp\/v2\/users\/4"}],"replies":[{"embeddable":true,"href":"https:\/\/www.deepseareporter.com\/sv\/wp-json\/wp\/v2\/comments?post=41400"}],"version-history":[{"count":1,"href":"https:\/\/www.deepseareporter.com\/sv\/wp-json\/wp\/v2\/posts\/41400\/revisions"}],"predecessor-version":[{"id":41401,"href":"https:\/\/www.deepseareporter.com\/sv\/wp-json\/wp\/v2\/posts\/41400\/revisions\/41401"}],"wp:featuredmedia":[{"embeddable":true,"href":"https:\/\/www.deepseareporter.com\/sv\/wp-json\/wp\/v2\/media\/41399"}],"wp:attachment":[{"href":"https:\/\/www.deepseareporter.com\/sv\/wp-json\/wp\/v2\/media?parent=41400"}],"wp:term":[{"taxonomy":"category","embeddable":true,"href":"https:\/\/www.deepseareporter.com\/sv\/wp-json\/wp\/v2\/categories?post=41400"},{"taxonomy":"post_tag","embeddable":true,"href":"https:\/\/www.deepseareporter.com\/sv\/wp-json\/wp\/v2\/tags?post=41400"}],"curies":[{"name":"wp","href":"https:\/\/api.w.org\/{rel}","templated":true}]}}