{"id":41371,"date":"2025-10-02T15:41:37","date_gmt":"2025-10-02T13:41:37","guid":{"rendered":"https:\/\/www.deepseareporter.com\/?p=41371"},"modified":"2025-10-02T15:41:38","modified_gmt":"2025-10-02T13:41:38","slug":"forslag-pa-ny-alforvaltningsplan-negativt-for-alen-sager-forskare","status":"publish","type":"post","link":"https:\/\/www.deepseareporter.com\/sv\/forslag-pa-ny-alforvaltningsplan-negativt-for-alen-sager-forskare\/","title":{"rendered":"F\u00f6rslag p\u00e5 ny \u00e5lf\u00f6rvaltningsplan &#8211; Negativt f\u00f6r \u00e5len s\u00e4ger forskare"},"content":{"rendered":"\n<p><strong>Under onsdagen presenterade Havs- och vattenmyndigheten den nya \u00e5lf\u00f6rvaltningsplanen f\u00f6r regeringen. Syftet \u00e4r att planen ska skydda den utrotningshotade svenska \u00e5len fr\u00e5n total kollaps.<\/strong><\/p>\n\n\n\n<p><strong>&#8211; Sammantaget ser det utomordentligt negativt ut f\u00f6r \u00e5lens framtid, s\u00e4ger forskaren Henrik Sved\u00e4ng till Deep Sea Reporter.<\/strong><\/p>\n\n\n\n<p class=\"has-text-align-center\"><sup>Text: Arvid Wiclander Mellgren<\/sup><\/p>\n\n\n\n<p>Efter att fiskare, energibranschen, forskare och myndigheter f\u00e5tt tycka till om f\u00f6rslaget till ny \u00e5lf\u00f6rvaltningsplan har den slutgiltiga versionen nu presenterats f\u00f6r regeringen. Den f\u00f6resl\u00e5r \u00f6kad tillsyn p\u00e5 tjuvfiske, fler vandringsv\u00e4gar vid vattenkraftverken \u2013 men inte minskat fiske.<\/p>\n\n\n\n<p>Planen som HaV tagit fram \u00e4r \u00e4n s\u00e5 l\u00e4nge bara ett f\u00f6rslag. N\u00e4r den nu l\u00e4mnats \u00f6ver till landsbygds- och infrastrukturdepartementet \u00e4r det regeringens tur att ta st\u00e4llning till om den ska g\u00e4lla.<\/p>\n\n\n\n<p>Henrik Sved\u00e4ng, forskare vid Stockholms universitet, s\u00e4ger till Deep Sea reporter att det f\u00f6rvisso finns bra \u00e5tg\u00e4rder med i den nya planen, men framh\u00e5ller att den \u00e4r l\u00e5ngt ifr\u00e5n tillr\u00e4cklig.<\/p>\n\n\n\n<p>&#8211; I huvudsak \u00e4r det negativt att den nya \u00e5lf\u00f6rvaltningsplanen fortfarande till\u00e5ter fiske, s\u00e4rskilt kustfiske i \u00d6stersj\u00f6n och \u00d6resund. Dock \u00e4r det positivt att man vill sluta med uts\u00e4ttningar och att man inte vill genomf\u00f6ra en generationsv\u00e4xling av \u00e5lfiskelicenser, s\u00e4ger han.<\/p>\n\n\n\n<p>I framtagandet av den nya planen utredde HaV om man skulle b\u00f6rja till\u00e5ta \u00f6verl\u00e5telse av \u00e5lfisketillst\u00e5nd efter att det efterfr\u00e5gats i myndighetens regleringsbrev. Utredningen kom fram till att det inte vore l\u00e4mpligt. Men f\u00f6rvaltningsplanen f\u00f6resl\u00e5r inte heller minskat fiske f\u00f6r de som redan har tillst\u00e5nd.<\/p>\n\n\n\n<p>&#8211; Sammantaget ser det utomordentligt negativt ut f\u00f6r \u00e5lens framtid. Fisket \u00e4r den viktigaste orsaken till att s\u00e5 f\u00e5 \u00e5lar utvandrar fr\u00e5n svenska vatten, med undantag f\u00f6r v\u00e4stkusten d\u00e4r allt \u00e5lfiske bannlysts, s\u00e4ger Henrik Sved\u00e4ng.<\/p>\n\n\n\n<h2 class=\"wp-block-heading\" id=\"h-energiforetagen-for-snavt-fokus\">Energif\u00f6retagen: \u201dF\u00f6r sn\u00e4vt fokus\u201d<\/h2>\n\n\n\n<p>Branchorganisationen <a href=\"https:\/\/www.energiforetagen.se\/pressrum\/nyheter\/2025\/september\/alen-behover-en-battre-plan\/\">Energif\u00f6retagen<\/a>, som f\u00f6retr\u00e4der vattenkraftverken i \u00e5lfr\u00e5gan h\u00e4nvisar till att tidigare synpunkter de f\u00f6rmedlat fortfarande g\u00e4ller. I ett pressmeddelande skriver de att den nya \u00e5lf\u00f6rvaltningsplanen <em>\u201dbygger p\u00e5 bristf\u00e4lligt underlag och har ett alltf\u00f6r sn\u00e4vt fokus p\u00e5 att skapa fria vandringsv\u00e4gar f\u00f6rbi vattenkraftverk\u201d.<\/em><\/p>\n\n\n\n<p>De menar att kustfisket \u00e4r det viktigaste hotet mot \u00e5len, eftersom de \u00e5lar som d\u00f6r i kraftturbinerna fr\u00e4mst \u00e4r importerad utsatt \u00e5l. D\u00e4rf\u00f6r tycker de att f\u00f6r mycket ansvar l\u00e4ggs p\u00e5 kraftverken.<\/p>\n\n\n\n<h2 class=\"wp-block-heading\" id=\"h-sfpo\">SFPO:<\/h2>\n\n\n\n<p>Fiskarnas producentorganisationer <a href=\"https:\/\/www.sfpo.se\/\">SFPO<\/a> och <a href=\"http:\/\/www.insjofiskare.se\/\">SIC<\/a> skrev tidigare i ett gemensamt remissyttrande att alltf\u00f6r stor skuld f\u00f6r \u00e5lens situation l\u00e4ggs p\u00e5 yrkesfisket. \u00c5lf\u00f6rvaltningsplanen f\u00f6resl\u00e5r inte att minska m\u00e4ngden fisk man f\u00e5r ta upp, men \u00f6ppnar upp f\u00f6r att man ytterligare ska kunna begr\u00e4nsa n\u00e4r och var man f\u00e5r fiska.<\/p>\n\n\n\n<p>SFPO och SIC menar att \u00e5tg\u00e4rder mot skarven och turbind\u00f6dligheten vore effektivare. De uttrycker ocks\u00e5 besvikelse \u00f6ver att f\u00f6rvaltningsplanen inte f\u00f6resl\u00e5r att man ska till\u00e5ta \u00f6verl\u00e5telse av fisketillst\u00e5nd.<\/p>\n\n\n\n<p>Fiskeriorganisationerna har \u00e4nnu inte kommenterat den remitterade versionen av \u00e5lf\u00f6rvaltningsplanen och Deep Sea Reporter s\u00f6ker SFPO f\u00f6r en kommentar.<\/p>\n\n\n\n<p><\/p>\n\n\n\n<p><\/p>\n\n\n\n<p><strong>Om Deep Sea Reporter: <\/strong>V\u00e5r ambition \u00e4r att granska och skildra fr\u00e5gor som r\u00f6r havet och det liv som finns under ytan. Vi verkar i allm\u00e4nhetens tj\u00e4nst och drivs sj\u00e4lvst\u00e4ndigt i f\u00f6rh\u00e5llande till politiska, kommersiella och andra intressen i samh\u00e4llet.<\/p>\n","protected":false},"excerpt":{"rendered":"<p>Under onsdagen presenterade Havs- och vattenmyndigheten den nya \u00e5lf\u00f6rvaltningsplanen f\u00f6r regeringen. Syftet \u00e4r att planen ska skydda den utrotningshotade svenska \u00e5len fr\u00e5n total kollaps.<\/p>\n<p>\u2013 Sammantaget ser det utomordentligt negativt ut f\u00f6r \u00e5lens framtid, s\u00e4ger forskaren Henrik Sved\u00e4ng till Deep Sea Reporter.<\/p>\n","protected":false},"author":4,"featured_media":41372,"comment_status":"closed","ping_status":"closed","sticky":false,"template":"","format":"standard","meta":{"_acf_changed":false,"footnotes":""},"categories":[235],"tags":[1194,3698,793,2466],"class_list":["post-41371","post","type-post","status-publish","format-standard","has-post-thumbnail","hentry","category-fiske","tag-alfiske-2","tag-alforvaltningsplan","tag-hav","tag-havs-och-vattenmyndigheten-2"],"acf":[],"yoast_head":"<!-- This site is optimized with the Yoast SEO Premium plugin v27.0 (Yoast SEO v27.0) - https:\/\/yoast.com\/product\/yoast-seo-premium-wordpress\/ -->\n<title>F\u00f6rslag p\u00e5 ny \u00e5lf\u00f6rvaltningsplan - Negativt f\u00f6r \u00e5len s\u00e4ger forskare - Deep Sea Reporter<\/title>\n<meta name=\"description\" content=\"Under onsdagen presenterade Havs- och vattenmyndigheten den nya \u00e5lf\u00f6rvaltningsplanen f\u00f6r regeringen. Syftet \u00e4r att planen ska skydda den utrotningshotade svenska \u00e5len fr\u00e5n total kollaps.\u2013 Sammantaget ser det utomordentligt negativt ut f\u00f6r \u00e5lens framtid, s\u00e4ger forskaren Henrik Sved\u00e4ng till Deep Sea Reporter.\" \/>\n<meta name=\"robots\" content=\"index, follow, max-snippet:-1, max-image-preview:large, max-video-preview:-1\" \/>\n<link rel=\"canonical\" href=\"https:\/\/www.deepseareporter.com\/sv\/forslag-pa-ny-alforvaltningsplan-negativt-for-alen-sager-forskare\/\" \/>\n<meta property=\"og:locale\" content=\"sv_SE\" \/>\n<meta property=\"og:type\" content=\"article\" \/>\n<meta property=\"og:title\" content=\"F\u00f6rslag p\u00e5 ny \u00e5lf\u00f6rvaltningsplan - Negativt f\u00f6r \u00e5len s\u00e4ger forskare - Deep Sea Reporter\" \/>\n<meta property=\"og:description\" content=\"Under onsdagen presenterade Havs- och vattenmyndigheten den nya \u00e5lf\u00f6rvaltningsplanen f\u00f6r regeringen. Syftet \u00e4r att planen ska skydda den utrotningshotade svenska \u00e5len fr\u00e5n total kollaps.\u2013 Sammantaget ser det utomordentligt negativt ut f\u00f6r \u00e5lens framtid, s\u00e4ger forskaren Henrik Sved\u00e4ng till Deep Sea Reporter.\" \/>\n<meta property=\"og:url\" content=\"https:\/\/www.deepseareporter.com\/sv\/forslag-pa-ny-alforvaltningsplan-negativt-for-alen-sager-forskare\/\" \/>\n<meta property=\"og:site_name\" content=\"Deep Sea Reporter\" \/>\n<meta property=\"article:published_time\" content=\"2025-10-02T13:41:37+00:00\" \/>\n<meta property=\"article:modified_time\" content=\"2025-10-02T13:41:38+00:00\" \/>\n<meta property=\"og:image\" content=\"https:\/\/www.deepseareporter.com\/wp-content\/uploads\/2025\/10\/12.jpeg\" \/>\n\t<meta property=\"og:image:width\" content=\"1500\" \/>\n\t<meta property=\"og:image:height\" content=\"2100\" \/>\n\t<meta property=\"og:image:type\" content=\"image\/jpeg\" \/>\n<meta name=\"author\" content=\"Lena Scherman\" \/>\n<meta name=\"twitter:card\" content=\"summary_large_image\" \/>\n<meta name=\"twitter:label1\" content=\"Skriven av\" \/>\n\t<meta name=\"twitter:data1\" content=\"Lena Scherman\" \/>\n\t<meta name=\"twitter:label2\" content=\"Ber\u00e4knad l\u00e4stid\" \/>\n\t<meta name=\"twitter:data2\" content=\"3 minuter\" \/>\n<script type=\"application\/ld+json\" class=\"yoast-schema-graph\">{\"@context\":\"https:\/\/schema.org\",\"@graph\":[{\"@type\":\"Article\",\"@id\":\"https:\/\/www.deepseareporter.com\/sv\/forslag-pa-ny-alforvaltningsplan-negativt-for-alen-sager-forskare\/#article\",\"isPartOf\":{\"@id\":\"https:\/\/www.deepseareporter.com\/sv\/forslag-pa-ny-alforvaltningsplan-negativt-for-alen-sager-forskare\/\"},\"author\":{\"name\":\"Lena Scherman\",\"@id\":\"https:\/\/www.deepseareporter.com\/#\/schema\/person\/8440c67b5dda5c5ae6c70162fedbd434\"},\"headline\":\"F\u00f6rslag p\u00e5 ny \u00e5lf\u00f6rvaltningsplan &#8211; Negativt f\u00f6r \u00e5len s\u00e4ger forskare\",\"datePublished\":\"2025-10-02T13:41:37+00:00\",\"dateModified\":\"2025-10-02T13:41:38+00:00\",\"mainEntityOfPage\":{\"@id\":\"https:\/\/www.deepseareporter.com\/sv\/forslag-pa-ny-alforvaltningsplan-negativt-for-alen-sager-forskare\/\"},\"wordCount\":603,\"publisher\":{\"@id\":\"https:\/\/www.deepseareporter.com\/#organization\"},\"image\":{\"@id\":\"https:\/\/www.deepseareporter.com\/sv\/forslag-pa-ny-alforvaltningsplan-negativt-for-alen-sager-forskare\/#primaryimage\"},\"thumbnailUrl\":\"https:\/\/www.deepseareporter.com\/wp-content\/uploads\/2025\/10\/12.jpeg\",\"keywords\":[\"\u00e5lfiske\",\"\u00e5lf\u00f6rvaltningsplan\",\"Hav\",\"havs och vattenmyndigheten\"],\"articleSection\":[\"Fiske\"],\"inLanguage\":\"sv-SE\"},{\"@type\":\"WebPage\",\"@id\":\"https:\/\/www.deepseareporter.com\/sv\/forslag-pa-ny-alforvaltningsplan-negativt-for-alen-sager-forskare\/\",\"url\":\"https:\/\/www.deepseareporter.com\/sv\/forslag-pa-ny-alforvaltningsplan-negativt-for-alen-sager-forskare\/\",\"name\":\"F\u00f6rslag p\u00e5 ny \u00e5lf\u00f6rvaltningsplan - Negativt f\u00f6r \u00e5len s\u00e4ger forskare - Deep Sea Reporter\",\"isPartOf\":{\"@id\":\"https:\/\/www.deepseareporter.com\/#website\"},\"primaryImageOfPage\":{\"@id\":\"https:\/\/www.deepseareporter.com\/sv\/forslag-pa-ny-alforvaltningsplan-negativt-for-alen-sager-forskare\/#primaryimage\"},\"image\":{\"@id\":\"https:\/\/www.deepseareporter.com\/sv\/forslag-pa-ny-alforvaltningsplan-negativt-for-alen-sager-forskare\/#primaryimage\"},\"thumbnailUrl\":\"https:\/\/www.deepseareporter.com\/wp-content\/uploads\/2025\/10\/12.jpeg\",\"datePublished\":\"2025-10-02T13:41:37+00:00\",\"dateModified\":\"2025-10-02T13:41:38+00:00\",\"description\":\"Under onsdagen presenterade Havs- och vattenmyndigheten den nya \u00e5lf\u00f6rvaltningsplanen f\u00f6r regeringen. Syftet \u00e4r att planen ska skydda den utrotningshotade svenska \u00e5len fr\u00e5n total kollaps.\u2013 Sammantaget ser det utomordentligt negativt ut f\u00f6r \u00e5lens framtid, s\u00e4ger forskaren Henrik Sved\u00e4ng till Deep Sea Reporter.\",\"breadcrumb\":{\"@id\":\"https:\/\/www.deepseareporter.com\/sv\/forslag-pa-ny-alforvaltningsplan-negativt-for-alen-sager-forskare\/#breadcrumb\"},\"inLanguage\":\"sv-SE\",\"potentialAction\":[{\"@type\":\"ReadAction\",\"target\":[\"https:\/\/www.deepseareporter.com\/sv\/forslag-pa-ny-alforvaltningsplan-negativt-for-alen-sager-forskare\/\"]}]},{\"@type\":\"ImageObject\",\"inLanguage\":\"sv-SE\",\"@id\":\"https:\/\/www.deepseareporter.com\/sv\/forslag-pa-ny-alforvaltningsplan-negativt-for-alen-sager-forskare\/#primaryimage\",\"url\":\"https:\/\/www.deepseareporter.com\/wp-content\/uploads\/2025\/10\/12.jpeg\",\"contentUrl\":\"https:\/\/www.deepseareporter.com\/wp-content\/uploads\/2025\/10\/12.jpeg\",\"width\":1500,\"height\":2100},{\"@type\":\"BreadcrumbList\",\"@id\":\"https:\/\/www.deepseareporter.com\/sv\/forslag-pa-ny-alforvaltningsplan-negativt-for-alen-sager-forskare\/#breadcrumb\",\"itemListElement\":[{\"@type\":\"ListItem\",\"position\":1,\"name\":\"Hem\",\"item\":\"https:\/\/www.deepseareporter.com\/sv\/\"},{\"@type\":\"ListItem\",\"position\":2,\"name\":\"F\u00f6rslag p\u00e5 ny \u00e5lf\u00f6rvaltningsplan &#8211; Negativt f\u00f6r \u00e5len s\u00e4ger forskare\"}]},{\"@type\":\"WebSite\",\"@id\":\"https:\/\/www.deepseareporter.com\/#website\",\"url\":\"https:\/\/www.deepseareporter.com\/\",\"name\":\"Deep Sea Reporter\",\"description\":\"Ett digitalt magasin om havet\",\"publisher\":{\"@id\":\"https:\/\/www.deepseareporter.com\/#organization\"},\"potentialAction\":[{\"@type\":\"SearchAction\",\"target\":{\"@type\":\"EntryPoint\",\"urlTemplate\":\"https:\/\/www.deepseareporter.com\/?s={search_term_string}\"},\"query-input\":{\"@type\":\"PropertyValueSpecification\",\"valueRequired\":true,\"valueName\":\"search_term_string\"}}],\"inLanguage\":\"sv-SE\"},{\"@type\":\"Organization\",\"@id\":\"https:\/\/www.deepseareporter.com\/#organization\",\"name\":\"Deep Sea Reporter\",\"url\":\"https:\/\/www.deepseareporter.com\/\",\"logo\":{\"@type\":\"ImageObject\",\"inLanguage\":\"sv-SE\",\"@id\":\"https:\/\/www.deepseareporter.com\/#\/schema\/logo\/image\/\",\"url\":\"https:\/\/www.deepseareporter.com\/wp-content\/uploads\/2024\/10\/dsr-bla-ny-logga.svg\",\"contentUrl\":\"https:\/\/www.deepseareporter.com\/wp-content\/uploads\/2024\/10\/dsr-bla-ny-logga.svg\",\"width\":834,\"height\":504,\"caption\":\"Deep Sea Reporter\"},\"image\":{\"@id\":\"https:\/\/www.deepseareporter.com\/#\/schema\/logo\/image\/\"}},{\"@type\":\"Person\",\"@id\":\"https:\/\/www.deepseareporter.com\/#\/schema\/person\/8440c67b5dda5c5ae6c70162fedbd434\",\"name\":\"Lena Scherman\"}]}<\/script>\n<!-- \/ Yoast SEO Premium plugin. -->","yoast_head_json":{"title":"F\u00f6rslag p\u00e5 ny \u00e5lf\u00f6rvaltningsplan - Negativt f\u00f6r \u00e5len s\u00e4ger forskare - Deep Sea Reporter","description":"Under onsdagen presenterade Havs- och vattenmyndigheten den nya \u00e5lf\u00f6rvaltningsplanen f\u00f6r regeringen. Syftet \u00e4r att planen ska skydda den utrotningshotade svenska \u00e5len fr\u00e5n total kollaps.\u2013 Sammantaget ser det utomordentligt negativt ut f\u00f6r \u00e5lens framtid, s\u00e4ger forskaren Henrik Sved\u00e4ng till Deep Sea Reporter.","robots":{"index":"index","follow":"follow","max-snippet":"max-snippet:-1","max-image-preview":"max-image-preview:large","max-video-preview":"max-video-preview:-1"},"canonical":"https:\/\/www.deepseareporter.com\/sv\/forslag-pa-ny-alforvaltningsplan-negativt-for-alen-sager-forskare\/","og_locale":"sv_SE","og_type":"article","og_title":"F\u00f6rslag p\u00e5 ny \u00e5lf\u00f6rvaltningsplan - Negativt f\u00f6r \u00e5len s\u00e4ger forskare - Deep Sea Reporter","og_description":"Under onsdagen presenterade Havs- och vattenmyndigheten den nya \u00e5lf\u00f6rvaltningsplanen f\u00f6r regeringen. Syftet \u00e4r att planen ska skydda den utrotningshotade svenska \u00e5len fr\u00e5n total kollaps.\u2013 Sammantaget ser det utomordentligt negativt ut f\u00f6r \u00e5lens framtid, s\u00e4ger forskaren Henrik Sved\u00e4ng till Deep Sea Reporter.","og_url":"https:\/\/www.deepseareporter.com\/sv\/forslag-pa-ny-alforvaltningsplan-negativt-for-alen-sager-forskare\/","og_site_name":"Deep Sea Reporter","article_published_time":"2025-10-02T13:41:37+00:00","article_modified_time":"2025-10-02T13:41:38+00:00","og_image":[{"width":1500,"height":2100,"url":"https:\/\/www.deepseareporter.com\/wp-content\/uploads\/2025\/10\/12.jpeg","type":"image\/jpeg"}],"author":"Lena Scherman","twitter_card":"summary_large_image","twitter_misc":{"Skriven av":"Lena Scherman","Ber\u00e4knad l\u00e4stid":"3 minuter"},"schema":{"@context":"https:\/\/schema.org","@graph":[{"@type":"Article","@id":"https:\/\/www.deepseareporter.com\/sv\/forslag-pa-ny-alforvaltningsplan-negativt-for-alen-sager-forskare\/#article","isPartOf":{"@id":"https:\/\/www.deepseareporter.com\/sv\/forslag-pa-ny-alforvaltningsplan-negativt-for-alen-sager-forskare\/"},"author":{"name":"Lena Scherman","@id":"https:\/\/www.deepseareporter.com\/#\/schema\/person\/8440c67b5dda5c5ae6c70162fedbd434"},"headline":"F\u00f6rslag p\u00e5 ny \u00e5lf\u00f6rvaltningsplan &#8211; Negativt f\u00f6r \u00e5len s\u00e4ger forskare","datePublished":"2025-10-02T13:41:37+00:00","dateModified":"2025-10-02T13:41:38+00:00","mainEntityOfPage":{"@id":"https:\/\/www.deepseareporter.com\/sv\/forslag-pa-ny-alforvaltningsplan-negativt-for-alen-sager-forskare\/"},"wordCount":603,"publisher":{"@id":"https:\/\/www.deepseareporter.com\/#organization"},"image":{"@id":"https:\/\/www.deepseareporter.com\/sv\/forslag-pa-ny-alforvaltningsplan-negativt-for-alen-sager-forskare\/#primaryimage"},"thumbnailUrl":"https:\/\/www.deepseareporter.com\/wp-content\/uploads\/2025\/10\/12.jpeg","keywords":["\u00e5lfiske","\u00e5lf\u00f6rvaltningsplan","Hav","havs och vattenmyndigheten"],"articleSection":["Fiske"],"inLanguage":"sv-SE"},{"@type":"WebPage","@id":"https:\/\/www.deepseareporter.com\/sv\/forslag-pa-ny-alforvaltningsplan-negativt-for-alen-sager-forskare\/","url":"https:\/\/www.deepseareporter.com\/sv\/forslag-pa-ny-alforvaltningsplan-negativt-for-alen-sager-forskare\/","name":"F\u00f6rslag p\u00e5 ny \u00e5lf\u00f6rvaltningsplan - Negativt f\u00f6r \u00e5len s\u00e4ger forskare - Deep Sea Reporter","isPartOf":{"@id":"https:\/\/www.deepseareporter.com\/#website"},"primaryImageOfPage":{"@id":"https:\/\/www.deepseareporter.com\/sv\/forslag-pa-ny-alforvaltningsplan-negativt-for-alen-sager-forskare\/#primaryimage"},"image":{"@id":"https:\/\/www.deepseareporter.com\/sv\/forslag-pa-ny-alforvaltningsplan-negativt-for-alen-sager-forskare\/#primaryimage"},"thumbnailUrl":"https:\/\/www.deepseareporter.com\/wp-content\/uploads\/2025\/10\/12.jpeg","datePublished":"2025-10-02T13:41:37+00:00","dateModified":"2025-10-02T13:41:38+00:00","description":"Under onsdagen presenterade Havs- och vattenmyndigheten den nya \u00e5lf\u00f6rvaltningsplanen f\u00f6r regeringen. Syftet \u00e4r att planen ska skydda den utrotningshotade svenska \u00e5len fr\u00e5n total kollaps.\u2013 Sammantaget ser det utomordentligt negativt ut f\u00f6r \u00e5lens framtid, s\u00e4ger forskaren Henrik Sved\u00e4ng till Deep Sea Reporter.","breadcrumb":{"@id":"https:\/\/www.deepseareporter.com\/sv\/forslag-pa-ny-alforvaltningsplan-negativt-for-alen-sager-forskare\/#breadcrumb"},"inLanguage":"sv-SE","potentialAction":[{"@type":"ReadAction","target":["https:\/\/www.deepseareporter.com\/sv\/forslag-pa-ny-alforvaltningsplan-negativt-for-alen-sager-forskare\/"]}]},{"@type":"ImageObject","inLanguage":"sv-SE","@id":"https:\/\/www.deepseareporter.com\/sv\/forslag-pa-ny-alforvaltningsplan-negativt-for-alen-sager-forskare\/#primaryimage","url":"https:\/\/www.deepseareporter.com\/wp-content\/uploads\/2025\/10\/12.jpeg","contentUrl":"https:\/\/www.deepseareporter.com\/wp-content\/uploads\/2025\/10\/12.jpeg","width":1500,"height":2100},{"@type":"BreadcrumbList","@id":"https:\/\/www.deepseareporter.com\/sv\/forslag-pa-ny-alforvaltningsplan-negativt-for-alen-sager-forskare\/#breadcrumb","itemListElement":[{"@type":"ListItem","position":1,"name":"Hem","item":"https:\/\/www.deepseareporter.com\/sv\/"},{"@type":"ListItem","position":2,"name":"F\u00f6rslag p\u00e5 ny \u00e5lf\u00f6rvaltningsplan &#8211; Negativt f\u00f6r \u00e5len s\u00e4ger forskare"}]},{"@type":"WebSite","@id":"https:\/\/www.deepseareporter.com\/#website","url":"https:\/\/www.deepseareporter.com\/","name":"Deep Sea Reporter","description":"Ett digitalt magasin om havet","publisher":{"@id":"https:\/\/www.deepseareporter.com\/#organization"},"potentialAction":[{"@type":"SearchAction","target":{"@type":"EntryPoint","urlTemplate":"https:\/\/www.deepseareporter.com\/?s={search_term_string}"},"query-input":{"@type":"PropertyValueSpecification","valueRequired":true,"valueName":"search_term_string"}}],"inLanguage":"sv-SE"},{"@type":"Organization","@id":"https:\/\/www.deepseareporter.com\/#organization","name":"Deep Sea Reporter","url":"https:\/\/www.deepseareporter.com\/","logo":{"@type":"ImageObject","inLanguage":"sv-SE","@id":"https:\/\/www.deepseareporter.com\/#\/schema\/logo\/image\/","url":"https:\/\/www.deepseareporter.com\/wp-content\/uploads\/2024\/10\/dsr-bla-ny-logga.svg","contentUrl":"https:\/\/www.deepseareporter.com\/wp-content\/uploads\/2024\/10\/dsr-bla-ny-logga.svg","width":834,"height":504,"caption":"Deep Sea Reporter"},"image":{"@id":"https:\/\/www.deepseareporter.com\/#\/schema\/logo\/image\/"}},{"@type":"Person","@id":"https:\/\/www.deepseareporter.com\/#\/schema\/person\/8440c67b5dda5c5ae6c70162fedbd434","name":"Lena Scherman"}]}},"_links":{"self":[{"href":"https:\/\/www.deepseareporter.com\/sv\/wp-json\/wp\/v2\/posts\/41371","targetHints":{"allow":["GET"]}}],"collection":[{"href":"https:\/\/www.deepseareporter.com\/sv\/wp-json\/wp\/v2\/posts"}],"about":[{"href":"https:\/\/www.deepseareporter.com\/sv\/wp-json\/wp\/v2\/types\/post"}],"author":[{"embeddable":true,"href":"https:\/\/www.deepseareporter.com\/sv\/wp-json\/wp\/v2\/users\/4"}],"replies":[{"embeddable":true,"href":"https:\/\/www.deepseareporter.com\/sv\/wp-json\/wp\/v2\/comments?post=41371"}],"version-history":[{"count":1,"href":"https:\/\/www.deepseareporter.com\/sv\/wp-json\/wp\/v2\/posts\/41371\/revisions"}],"predecessor-version":[{"id":41374,"href":"https:\/\/www.deepseareporter.com\/sv\/wp-json\/wp\/v2\/posts\/41371\/revisions\/41374"}],"wp:featuredmedia":[{"embeddable":true,"href":"https:\/\/www.deepseareporter.com\/sv\/wp-json\/wp\/v2\/media\/41372"}],"wp:attachment":[{"href":"https:\/\/www.deepseareporter.com\/sv\/wp-json\/wp\/v2\/media?parent=41371"}],"wp:term":[{"taxonomy":"category","embeddable":true,"href":"https:\/\/www.deepseareporter.com\/sv\/wp-json\/wp\/v2\/categories?post=41371"},{"taxonomy":"post_tag","embeddable":true,"href":"https:\/\/www.deepseareporter.com\/sv\/wp-json\/wp\/v2\/tags?post=41371"}],"curies":[{"name":"wp","href":"https:\/\/api.w.org\/{rel}","templated":true}]}}