{"id":41302,"date":"2025-09-30T12:10:43","date_gmt":"2025-09-30T10:10:43","guid":{"rendered":"https:\/\/www.deepseareporter.com\/?p=41302"},"modified":"2025-10-01T16:40:32","modified_gmt":"2025-10-01T14:40:32","slug":"konfliktfyllt-infor-ny-forvaltningsplan-for-alen","status":"publish","type":"post","link":"https:\/\/www.deepseareporter.com\/sv\/konfliktfyllt-infor-ny-forvaltningsplan-for-alen\/","title":{"rendered":"Konfliktfyllt inf\u00f6r ny f\u00f6rvaltningsplan f\u00f6r \u00e5len"},"content":{"rendered":"\n<p><strong>Den 1:a oktober presenterar Havs- och vattenmyndigheten (HaV) en ny \u00e5lf\u00f6rvaltningsplan f\u00f6r regeringen.<\/strong> <strong>\u00c5len \u00e4r akut utrotningshotad, men fr\u00e5gan om hur den ska r\u00e4ddas \u00e4r kontroversiell. Det verkar som de flesta \u00e4r oense om det mesta n\u00e4r det nu ska best\u00e4mmas hur \u00e5len ska f\u00f6rvaltas.<\/strong><\/p>\n\n\n\n<p class=\"has-text-align-center\"><sup>Text: Arvid Wiclander Mellgren<\/sup><\/p>\n\n\n\n<p>Konflikterna runt \u00e5lfisket \u00e4r m\u00e5nga och ibland inte helt l\u00e4tta att f\u00f6lja. Fiskare skyller p\u00e5 vattenkraften och vattenkraften p\u00e5 \u00f6verfisket och n\u00e4stan alla skyller p\u00e5 skarven.<\/p>\n\n\n\n<h2 class=\"wp-block-heading\" id=\"h-vandringsvagarna\">Vandringsv\u00e4garna<\/h2>\n\n\n\n<p>Vattenkraften \u00e4r Sveriges st\u00f6rsta energik\u00e4lla, men ocks\u00e5 ett stort problem f\u00f6r vandrande fisk. Fisk som simmar fr\u00e5n havet upp i str\u00f6mt vatten fastnar och d\u00f6r ofta p\u00e5 v\u00e4gen upp eller ner. Detta g\u00e4ller \u00e4ven \u00e5len. Vattenkraftverken utg\u00f6r den st\u00f6rsta d\u00f6dsorsaken f\u00f6r \u00e5l i Sverige. De flesta \u00e5larna d\u00f6r i kraftverksturbinerna p\u00e5 v\u00e4g nedstr\u00f6ms. Det \u00e4r utsatt \u00e5l, importerad fr\u00e5n Frankrike.<\/p>\n\n\n\n<p>De \u00e5larna som simmar upp i \u00e4lvarna p\u00e5 egen hand kan inte ta sig f\u00f6rbi kraftverken, och d\u00f6r p\u00e5 v\u00e4gen upp.<\/p>\n\n\n\n<p>Branschorganisationen Energif\u00f6retagen, som representerar kraftverken i ett remissvar till \u00e5lf\u00f6rvaltningsplanen anser att f\u00f6r mycket fokus l\u00e4ggs p\u00e5 turbind\u00f6dlighet, eftersom den just drabbar utsatt \u00e5l och inte p\u00e5verkar det naturliga \u00e5lbest\u00e5ndet.<\/p>\n\n\n\n<p>HaV har f\u00f6reslagit att fler kraftverk ska tvingas installera alternativa vandringsv\u00e4gar s\u00e5 att \u00e5len kan ta sig f\u00f6rbi. Energif\u00f6retagen menar att f\u00f6rslaget \u00e4r ineffektivt och f\u00f6r sv\u00e5rt att genomf\u00f6ra i praktiken. I st\u00e4llet tycker de att kustfisket b\u00f6r begr\u00e4nsas ytterligare.<\/p>\n\n\n\n<h2 class=\"wp-block-heading\" id=\"h-fisket\">Fisket<\/h2>\n\n\n\n<p>\u00c5lfisket i Sverige \u00e4r kraftigt begr\u00e4nsat. Inga nya \u00e5lfisketillst\u00e5nd utf\u00e4rdas, s\u00e5 det \u00e4r bara fiskare som redan har tillst\u00e5nd som f\u00e5r fiska. Dessutom f\u00e5r man inte \u00f6verl\u00e5ta sitt \u00e5lfisketillst\u00e5nd till n\u00e5gon annan, n\u00e5got som fiskarnas branschorganisationer, SFPO och SIC vill att man ska kunna g\u00f6ra. P\u00e5 v\u00e4stkusten \u00e4r \u00e5lfiske helt f\u00f6rbjudet.<\/p>\n\n\n\n<p>SFPO och SIC anser att \u00e5lfisket regleras orimligt mycket j\u00e4mf\u00f6rt med vattenkraften som st\u00e5r f\u00f6r en st\u00f6rre del av \u00e5ld\u00f6dligheten.<\/p>\n\n\n\n<p>I det vetenskapliga underlaget till den f\u00f6rvaltningsplanen f\u00f6reslogs det att man ska minska fiskekvoterna per fiskare fr\u00e5n \u00e5tta till ett ton \u00e5l per \u00e5r. Det togs inte med i HaV:s f\u00f6rslag till ny f\u00f6rvaltningsplan. Den tar i st\u00e4llet upp att det ska vara m\u00f6jligt att ytterligare begr\u00e4nsa fisket i vissa omr\u00e5den och under vissa tider, n\u00e5gra s\u00e5dana specificeras ej.<\/p>\n\n\n\n<p>Branschorganisationerna menar att \u00e5lfisket \u00e4r viktigt och b\u00f6r bevaras ur tv\u00e5 aspekter. Dels eftersom det \u00e4r en tradition v\u00e4rd att bevara i sig sj\u00e4lvt, dels f\u00f6r att \u00e5lfiske enligt de utg\u00f6r ett incitament att bevara \u00e5len.<\/p>\n\n\n\n<p>Henrik Sved\u00e4ng, forskare vid Stockholms universitet, anser att fisket b\u00f6r upph\u00f6ra helt men h\u00e5ller \u00f6ppet f\u00f6r en liten &#8221;kulturkvot&#8221; f\u00f6r \u00e5lagillen. Han pekar p\u00e5 den f\u00f6rb\u00e4ttring man sett f\u00f6r \u00e5len p\u00e5 v\u00e4stkusten till f\u00f6ljd av totalstoppet d\u00e4r.<\/p>\n\n\n\n<h2 class=\"wp-block-heading\" id=\"h-overens-om-skarven-och-tjuvfisket\">\u00d6verens om skarven och tjuvfisket<\/h2>\n\n\n\n<p>Det alla parter \u00e4r \u00f6verens om \u00e4r att tjuvfiskets p\u00e5verkan m\u00e5ste minska. Kustbevakningen efterfr\u00e5gar i sitt remissvar tydligare regelverk g\u00e4llande fiskeredskap, f\u00f6r att kunna lagf\u00f6ra tjuvfiskare mer kontinuerligt. De p\u00e5talar ocks\u00e5 att det i vissa omr\u00e5den f\u00f6rekommer repressalier mot uppgiftsl\u00e4mnare som vittnar om tjuvfiske.<\/p>\n\n\n\n<p>Fiskarna och kraftverken \u00e4r ocks\u00e5 \u00f6verens om \u00e4r att predationen fr\u00e5n skarv inte beaktas tillr\u00e4ckligt i f\u00f6rslaget. De menar att skarven \u00f6kat kraftigt och d\u00e4rmed \u00e4ter mer \u00e5l. Fiskeorganisationerna har l\u00e4nge f\u00f6respr\u00e5kat ut\u00f6kad skarvjakt.<\/p>\n\n\n\n<p>Skarven \u00e4ter visserligen \u00e5l, men enligt det vetenskapliga underlaget till f\u00f6rvaltningsplanen \u00e4r de inte en av huvudorsakerna till \u00e5lens akuta l\u00e4ge. Skarven \u00e4r inte invasiv och fanns i svenska ekosystem l\u00e5ngt innan \u00e5lens situation f\u00f6rv\u00e4rrades.<\/p>\n\n\n\n<h2 class=\"wp-block-heading\" id=\"h-racker-planen\">R\u00e4cker planen?<\/h2>\n\n\n\n<p>Huruvida planen faktiskt kan r\u00e4dda den svenska \u00e5len fr\u00e5n utrotning tycks det ocks\u00e5 olika om. Energif\u00f6retagen menar att f\u00f6rvaltningsplanens ambition h\u00f6jts \u00f6ver den niv\u00e5 som kr\u00e4vs av EU. Henrik Sved\u00e4ngs och Stockholms universitets budskap \u00e4r tydligt. &#8221;Den r\u00e4cker inte.&#8221;<\/p>\n\n\n\n<p><a href=\"https:\/\/www.havochvatten.se\/om-oss-kontakt-och-karriar\/om-havs--och-vattenmyndigheten\/remisser-fran-hav\/remisser\/2025-06-17-remiss-om-uppdatering-av-den-svenska-forvaltningsplanen-for-al.html\">HaV:s f\u00f6rslag till ny \u00e5lf\u00f6rvaltningsplan<\/a><\/p>\n\n\n\n<p><a href=\"https:\/\/formas.se\/kunskap-och-fordjupning\/formas-rapporter\/rapporter\/2025-01-02-alen-och-det-gemensamma-ansvaret-for-en-hotad-fisk.html\">Vetenskapligt underlag till f\u00f6rslaget \u2013 FORMAS<\/a><\/p>\n\n\n\n<p><\/p>\n\n\n\n<p><\/p>\n\n\n\n<p><sup><strong>Om Deep Sea Reporter: <\/strong>V\u00e5r ambition \u00e4r att granska och skildra fr\u00e5gor som r\u00f6r havet och det liv som finns under ytan. Vi verkar i allm\u00e4nhetens tj\u00e4nst och drivs sj\u00e4lvst\u00e4ndigt i f\u00f6rh\u00e5llande till politiska, kommersiella och andra intressen i samh\u00e4llet.<\/sup><\/p>\n","protected":false},"excerpt":{"rendered":"<p>Den 1:a oktober ska Havs- och vattenmyndigheten (HaV) presenterar en ny \u00e5lf\u00f6rvaltningsplan f\u00f6r regeringen. \u00c5len \u00e4r akut utrotningshotad, men fr\u00e5gan om hur den ska r\u00e4ddas \u00e4r kontroversiell. Det verkar som de flesta \u00e4r oense om det mesta n\u00e4r det nu ska best\u00e4mmas hur \u00e5len ska f\u00f6rvaltas.<\/p>\n","protected":false},"author":4,"featured_media":41303,"comment_status":"closed","ping_status":"closed","sticky":false,"template":"","format":"standard","meta":{"_acf_changed":false,"footnotes":""},"categories":[235],"tags":[3697,1194,3698,1195,793],"class_list":["post-41302","post","type-post","status-publish","format-standard","has-post-thumbnail","hentry","category-fiske","tag-al-2","tag-alfiske-2","tag-alforvaltningsplan","tag-fiskestopp","tag-hav"],"acf":[],"yoast_head":"<!-- This site is optimized with the Yoast SEO Premium plugin v27.0 (Yoast SEO v27.0) - https:\/\/yoast.com\/product\/yoast-seo-premium-wordpress\/ -->\n<title>Konfliktfyllt inf\u00f6r ny f\u00f6rvaltningsplan f\u00f6r \u00e5len - Deep Sea Reporter<\/title>\n<meta name=\"description\" content=\"Den 1:a oktober ska Havs- och vattenmyndigheten (HaV) presenterar en ny \u00e5lf\u00f6rvaltningsplan f\u00f6r regeringen. \u00c5len \u00e4r akut utrotningshotad, men fr\u00e5gan om hur den ska r\u00e4ddas \u00e4r kontroversiell. Det verkar som de flesta \u00e4r oense om det mesta n\u00e4r det nu ska best\u00e4mmas hur \u00e5len ska f\u00f6rvaltas.\" \/>\n<meta name=\"robots\" content=\"index, follow, max-snippet:-1, max-image-preview:large, max-video-preview:-1\" \/>\n<link rel=\"canonical\" href=\"https:\/\/www.deepseareporter.com\/sv\/konfliktfyllt-infor-ny-forvaltningsplan-for-alen\/\" \/>\n<meta property=\"og:locale\" content=\"sv_SE\" \/>\n<meta property=\"og:type\" content=\"article\" \/>\n<meta property=\"og:title\" content=\"Konfliktfyllt inf\u00f6r ny f\u00f6rvaltningsplan f\u00f6r \u00e5len - Deep Sea Reporter\" \/>\n<meta property=\"og:description\" content=\"Den 1:a oktober ska Havs- och vattenmyndigheten (HaV) presenterar en ny \u00e5lf\u00f6rvaltningsplan f\u00f6r regeringen. \u00c5len \u00e4r akut utrotningshotad, men fr\u00e5gan om hur den ska r\u00e4ddas \u00e4r kontroversiell. Det verkar som de flesta \u00e4r oense om det mesta n\u00e4r det nu ska best\u00e4mmas hur \u00e5len ska f\u00f6rvaltas.\" \/>\n<meta property=\"og:url\" content=\"https:\/\/www.deepseareporter.com\/sv\/konfliktfyllt-infor-ny-forvaltningsplan-for-alen\/\" \/>\n<meta property=\"og:site_name\" content=\"Deep Sea Reporter\" \/>\n<meta property=\"article:published_time\" content=\"2025-09-30T10:10:43+00:00\" \/>\n<meta property=\"article:modified_time\" content=\"2025-10-01T14:40:32+00:00\" \/>\n<meta property=\"og:image\" content=\"https:\/\/www.deepseareporter.com\/wp-content\/uploads\/2025\/09\/al-kopia.jpeg\" \/>\n\t<meta property=\"og:image:width\" content=\"2000\" \/>\n\t<meta property=\"og:image:height\" content=\"1328\" \/>\n\t<meta property=\"og:image:type\" content=\"image\/jpeg\" \/>\n<meta name=\"author\" content=\"Lena Scherman\" \/>\n<meta name=\"twitter:card\" content=\"summary_large_image\" \/>\n<meta name=\"twitter:label1\" content=\"Skriven av\" \/>\n\t<meta name=\"twitter:data1\" content=\"Lena Scherman\" \/>\n\t<meta name=\"twitter:label2\" content=\"Ber\u00e4knad l\u00e4stid\" \/>\n\t<meta name=\"twitter:data2\" content=\"4 minuter\" \/>\n<script type=\"application\/ld+json\" class=\"yoast-schema-graph\">{\"@context\":\"https:\/\/schema.org\",\"@graph\":[{\"@type\":\"Article\",\"@id\":\"https:\/\/www.deepseareporter.com\/sv\/konfliktfyllt-infor-ny-forvaltningsplan-for-alen\/#article\",\"isPartOf\":{\"@id\":\"https:\/\/www.deepseareporter.com\/sv\/konfliktfyllt-infor-ny-forvaltningsplan-for-alen\/\"},\"author\":{\"name\":\"Lena Scherman\",\"@id\":\"https:\/\/www.deepseareporter.com\/#\/schema\/person\/8440c67b5dda5c5ae6c70162fedbd434\"},\"headline\":\"Konfliktfyllt inf\u00f6r ny f\u00f6rvaltningsplan f\u00f6r \u00e5len\",\"datePublished\":\"2025-09-30T10:10:43+00:00\",\"dateModified\":\"2025-10-01T14:40:32+00:00\",\"mainEntityOfPage\":{\"@id\":\"https:\/\/www.deepseareporter.com\/sv\/konfliktfyllt-infor-ny-forvaltningsplan-for-alen\/\"},\"wordCount\":792,\"publisher\":{\"@id\":\"https:\/\/www.deepseareporter.com\/#organization\"},\"image\":{\"@id\":\"https:\/\/www.deepseareporter.com\/sv\/konfliktfyllt-infor-ny-forvaltningsplan-for-alen\/#primaryimage\"},\"thumbnailUrl\":\"https:\/\/www.deepseareporter.com\/wp-content\/uploads\/2025\/09\/al-kopia.jpeg\",\"keywords\":[\"\u00e5l\",\"\u00e5lfiske\",\"\u00e5lf\u00f6rvaltningsplan\",\"fiskestopp\",\"Hav\"],\"articleSection\":[\"Fiske\"],\"inLanguage\":\"sv-SE\"},{\"@type\":\"WebPage\",\"@id\":\"https:\/\/www.deepseareporter.com\/sv\/konfliktfyllt-infor-ny-forvaltningsplan-for-alen\/\",\"url\":\"https:\/\/www.deepseareporter.com\/sv\/konfliktfyllt-infor-ny-forvaltningsplan-for-alen\/\",\"name\":\"Konfliktfyllt inf\u00f6r ny f\u00f6rvaltningsplan f\u00f6r \u00e5len - Deep Sea Reporter\",\"isPartOf\":{\"@id\":\"https:\/\/www.deepseareporter.com\/#website\"},\"primaryImageOfPage\":{\"@id\":\"https:\/\/www.deepseareporter.com\/sv\/konfliktfyllt-infor-ny-forvaltningsplan-for-alen\/#primaryimage\"},\"image\":{\"@id\":\"https:\/\/www.deepseareporter.com\/sv\/konfliktfyllt-infor-ny-forvaltningsplan-for-alen\/#primaryimage\"},\"thumbnailUrl\":\"https:\/\/www.deepseareporter.com\/wp-content\/uploads\/2025\/09\/al-kopia.jpeg\",\"datePublished\":\"2025-09-30T10:10:43+00:00\",\"dateModified\":\"2025-10-01T14:40:32+00:00\",\"description\":\"Den 1:a oktober ska Havs- och vattenmyndigheten (HaV) presenterar en ny \u00e5lf\u00f6rvaltningsplan f\u00f6r regeringen. \u00c5len \u00e4r akut utrotningshotad, men fr\u00e5gan om hur den ska r\u00e4ddas \u00e4r kontroversiell. Det verkar som de flesta \u00e4r oense om det mesta n\u00e4r det nu ska best\u00e4mmas hur \u00e5len ska f\u00f6rvaltas.\",\"breadcrumb\":{\"@id\":\"https:\/\/www.deepseareporter.com\/sv\/konfliktfyllt-infor-ny-forvaltningsplan-for-alen\/#breadcrumb\"},\"inLanguage\":\"sv-SE\",\"potentialAction\":[{\"@type\":\"ReadAction\",\"target\":[\"https:\/\/www.deepseareporter.com\/sv\/konfliktfyllt-infor-ny-forvaltningsplan-for-alen\/\"]}]},{\"@type\":\"ImageObject\",\"inLanguage\":\"sv-SE\",\"@id\":\"https:\/\/www.deepseareporter.com\/sv\/konfliktfyllt-infor-ny-forvaltningsplan-for-alen\/#primaryimage\",\"url\":\"https:\/\/www.deepseareporter.com\/wp-content\/uploads\/2025\/09\/al-kopia.jpeg\",\"contentUrl\":\"https:\/\/www.deepseareporter.com\/wp-content\/uploads\/2025\/09\/al-kopia.jpeg\",\"width\":2000,\"height\":1328},{\"@type\":\"BreadcrumbList\",\"@id\":\"https:\/\/www.deepseareporter.com\/sv\/konfliktfyllt-infor-ny-forvaltningsplan-for-alen\/#breadcrumb\",\"itemListElement\":[{\"@type\":\"ListItem\",\"position\":1,\"name\":\"Hem\",\"item\":\"https:\/\/www.deepseareporter.com\/sv\/\"},{\"@type\":\"ListItem\",\"position\":2,\"name\":\"Konfliktfyllt inf\u00f6r ny f\u00f6rvaltningsplan f\u00f6r \u00e5len\"}]},{\"@type\":\"WebSite\",\"@id\":\"https:\/\/www.deepseareporter.com\/#website\",\"url\":\"https:\/\/www.deepseareporter.com\/\",\"name\":\"Deep Sea Reporter\",\"description\":\"Ett digitalt magasin om havet\",\"publisher\":{\"@id\":\"https:\/\/www.deepseareporter.com\/#organization\"},\"potentialAction\":[{\"@type\":\"SearchAction\",\"target\":{\"@type\":\"EntryPoint\",\"urlTemplate\":\"https:\/\/www.deepseareporter.com\/?s={search_term_string}\"},\"query-input\":{\"@type\":\"PropertyValueSpecification\",\"valueRequired\":true,\"valueName\":\"search_term_string\"}}],\"inLanguage\":\"sv-SE\"},{\"@type\":\"Organization\",\"@id\":\"https:\/\/www.deepseareporter.com\/#organization\",\"name\":\"Deep Sea Reporter\",\"url\":\"https:\/\/www.deepseareporter.com\/\",\"logo\":{\"@type\":\"ImageObject\",\"inLanguage\":\"sv-SE\",\"@id\":\"https:\/\/www.deepseareporter.com\/#\/schema\/logo\/image\/\",\"url\":\"https:\/\/www.deepseareporter.com\/wp-content\/uploads\/2024\/10\/dsr-bla-ny-logga.svg\",\"contentUrl\":\"https:\/\/www.deepseareporter.com\/wp-content\/uploads\/2024\/10\/dsr-bla-ny-logga.svg\",\"width\":834,\"height\":504,\"caption\":\"Deep Sea Reporter\"},\"image\":{\"@id\":\"https:\/\/www.deepseareporter.com\/#\/schema\/logo\/image\/\"}},{\"@type\":\"Person\",\"@id\":\"https:\/\/www.deepseareporter.com\/#\/schema\/person\/8440c67b5dda5c5ae6c70162fedbd434\",\"name\":\"Lena Scherman\"}]}<\/script>\n<!-- \/ Yoast SEO Premium plugin. -->","yoast_head_json":{"title":"Konfliktfyllt inf\u00f6r ny f\u00f6rvaltningsplan f\u00f6r \u00e5len - Deep Sea Reporter","description":"Den 1:a oktober ska Havs- och vattenmyndigheten (HaV) presenterar en ny \u00e5lf\u00f6rvaltningsplan f\u00f6r regeringen. \u00c5len \u00e4r akut utrotningshotad, men fr\u00e5gan om hur den ska r\u00e4ddas \u00e4r kontroversiell. Det verkar som de flesta \u00e4r oense om det mesta n\u00e4r det nu ska best\u00e4mmas hur \u00e5len ska f\u00f6rvaltas.","robots":{"index":"index","follow":"follow","max-snippet":"max-snippet:-1","max-image-preview":"max-image-preview:large","max-video-preview":"max-video-preview:-1"},"canonical":"https:\/\/www.deepseareporter.com\/sv\/konfliktfyllt-infor-ny-forvaltningsplan-for-alen\/","og_locale":"sv_SE","og_type":"article","og_title":"Konfliktfyllt inf\u00f6r ny f\u00f6rvaltningsplan f\u00f6r \u00e5len - Deep Sea Reporter","og_description":"Den 1:a oktober ska Havs- och vattenmyndigheten (HaV) presenterar en ny \u00e5lf\u00f6rvaltningsplan f\u00f6r regeringen. \u00c5len \u00e4r akut utrotningshotad, men fr\u00e5gan om hur den ska r\u00e4ddas \u00e4r kontroversiell. Det verkar som de flesta \u00e4r oense om det mesta n\u00e4r det nu ska best\u00e4mmas hur \u00e5len ska f\u00f6rvaltas.","og_url":"https:\/\/www.deepseareporter.com\/sv\/konfliktfyllt-infor-ny-forvaltningsplan-for-alen\/","og_site_name":"Deep Sea Reporter","article_published_time":"2025-09-30T10:10:43+00:00","article_modified_time":"2025-10-01T14:40:32+00:00","og_image":[{"width":2000,"height":1328,"url":"https:\/\/www.deepseareporter.com\/wp-content\/uploads\/2025\/09\/al-kopia.jpeg","type":"image\/jpeg"}],"author":"Lena Scherman","twitter_card":"summary_large_image","twitter_misc":{"Skriven av":"Lena Scherman","Ber\u00e4knad l\u00e4stid":"4 minuter"},"schema":{"@context":"https:\/\/schema.org","@graph":[{"@type":"Article","@id":"https:\/\/www.deepseareporter.com\/sv\/konfliktfyllt-infor-ny-forvaltningsplan-for-alen\/#article","isPartOf":{"@id":"https:\/\/www.deepseareporter.com\/sv\/konfliktfyllt-infor-ny-forvaltningsplan-for-alen\/"},"author":{"name":"Lena Scherman","@id":"https:\/\/www.deepseareporter.com\/#\/schema\/person\/8440c67b5dda5c5ae6c70162fedbd434"},"headline":"Konfliktfyllt inf\u00f6r ny f\u00f6rvaltningsplan f\u00f6r \u00e5len","datePublished":"2025-09-30T10:10:43+00:00","dateModified":"2025-10-01T14:40:32+00:00","mainEntityOfPage":{"@id":"https:\/\/www.deepseareporter.com\/sv\/konfliktfyllt-infor-ny-forvaltningsplan-for-alen\/"},"wordCount":792,"publisher":{"@id":"https:\/\/www.deepseareporter.com\/#organization"},"image":{"@id":"https:\/\/www.deepseareporter.com\/sv\/konfliktfyllt-infor-ny-forvaltningsplan-for-alen\/#primaryimage"},"thumbnailUrl":"https:\/\/www.deepseareporter.com\/wp-content\/uploads\/2025\/09\/al-kopia.jpeg","keywords":["\u00e5l","\u00e5lfiske","\u00e5lf\u00f6rvaltningsplan","fiskestopp","Hav"],"articleSection":["Fiske"],"inLanguage":"sv-SE"},{"@type":"WebPage","@id":"https:\/\/www.deepseareporter.com\/sv\/konfliktfyllt-infor-ny-forvaltningsplan-for-alen\/","url":"https:\/\/www.deepseareporter.com\/sv\/konfliktfyllt-infor-ny-forvaltningsplan-for-alen\/","name":"Konfliktfyllt inf\u00f6r ny f\u00f6rvaltningsplan f\u00f6r \u00e5len - Deep Sea Reporter","isPartOf":{"@id":"https:\/\/www.deepseareporter.com\/#website"},"primaryImageOfPage":{"@id":"https:\/\/www.deepseareporter.com\/sv\/konfliktfyllt-infor-ny-forvaltningsplan-for-alen\/#primaryimage"},"image":{"@id":"https:\/\/www.deepseareporter.com\/sv\/konfliktfyllt-infor-ny-forvaltningsplan-for-alen\/#primaryimage"},"thumbnailUrl":"https:\/\/www.deepseareporter.com\/wp-content\/uploads\/2025\/09\/al-kopia.jpeg","datePublished":"2025-09-30T10:10:43+00:00","dateModified":"2025-10-01T14:40:32+00:00","description":"Den 1:a oktober ska Havs- och vattenmyndigheten (HaV) presenterar en ny \u00e5lf\u00f6rvaltningsplan f\u00f6r regeringen. \u00c5len \u00e4r akut utrotningshotad, men fr\u00e5gan om hur den ska r\u00e4ddas \u00e4r kontroversiell. Det verkar som de flesta \u00e4r oense om det mesta n\u00e4r det nu ska best\u00e4mmas hur \u00e5len ska f\u00f6rvaltas.","breadcrumb":{"@id":"https:\/\/www.deepseareporter.com\/sv\/konfliktfyllt-infor-ny-forvaltningsplan-for-alen\/#breadcrumb"},"inLanguage":"sv-SE","potentialAction":[{"@type":"ReadAction","target":["https:\/\/www.deepseareporter.com\/sv\/konfliktfyllt-infor-ny-forvaltningsplan-for-alen\/"]}]},{"@type":"ImageObject","inLanguage":"sv-SE","@id":"https:\/\/www.deepseareporter.com\/sv\/konfliktfyllt-infor-ny-forvaltningsplan-for-alen\/#primaryimage","url":"https:\/\/www.deepseareporter.com\/wp-content\/uploads\/2025\/09\/al-kopia.jpeg","contentUrl":"https:\/\/www.deepseareporter.com\/wp-content\/uploads\/2025\/09\/al-kopia.jpeg","width":2000,"height":1328},{"@type":"BreadcrumbList","@id":"https:\/\/www.deepseareporter.com\/sv\/konfliktfyllt-infor-ny-forvaltningsplan-for-alen\/#breadcrumb","itemListElement":[{"@type":"ListItem","position":1,"name":"Hem","item":"https:\/\/www.deepseareporter.com\/sv\/"},{"@type":"ListItem","position":2,"name":"Konfliktfyllt inf\u00f6r ny f\u00f6rvaltningsplan f\u00f6r \u00e5len"}]},{"@type":"WebSite","@id":"https:\/\/www.deepseareporter.com\/#website","url":"https:\/\/www.deepseareporter.com\/","name":"Deep Sea Reporter","description":"Ett digitalt magasin om havet","publisher":{"@id":"https:\/\/www.deepseareporter.com\/#organization"},"potentialAction":[{"@type":"SearchAction","target":{"@type":"EntryPoint","urlTemplate":"https:\/\/www.deepseareporter.com\/?s={search_term_string}"},"query-input":{"@type":"PropertyValueSpecification","valueRequired":true,"valueName":"search_term_string"}}],"inLanguage":"sv-SE"},{"@type":"Organization","@id":"https:\/\/www.deepseareporter.com\/#organization","name":"Deep Sea Reporter","url":"https:\/\/www.deepseareporter.com\/","logo":{"@type":"ImageObject","inLanguage":"sv-SE","@id":"https:\/\/www.deepseareporter.com\/#\/schema\/logo\/image\/","url":"https:\/\/www.deepseareporter.com\/wp-content\/uploads\/2024\/10\/dsr-bla-ny-logga.svg","contentUrl":"https:\/\/www.deepseareporter.com\/wp-content\/uploads\/2024\/10\/dsr-bla-ny-logga.svg","width":834,"height":504,"caption":"Deep Sea Reporter"},"image":{"@id":"https:\/\/www.deepseareporter.com\/#\/schema\/logo\/image\/"}},{"@type":"Person","@id":"https:\/\/www.deepseareporter.com\/#\/schema\/person\/8440c67b5dda5c5ae6c70162fedbd434","name":"Lena Scherman"}]}},"_links":{"self":[{"href":"https:\/\/www.deepseareporter.com\/sv\/wp-json\/wp\/v2\/posts\/41302","targetHints":{"allow":["GET"]}}],"collection":[{"href":"https:\/\/www.deepseareporter.com\/sv\/wp-json\/wp\/v2\/posts"}],"about":[{"href":"https:\/\/www.deepseareporter.com\/sv\/wp-json\/wp\/v2\/types\/post"}],"author":[{"embeddable":true,"href":"https:\/\/www.deepseareporter.com\/sv\/wp-json\/wp\/v2\/users\/4"}],"replies":[{"embeddable":true,"href":"https:\/\/www.deepseareporter.com\/sv\/wp-json\/wp\/v2\/comments?post=41302"}],"version-history":[{"count":4,"href":"https:\/\/www.deepseareporter.com\/sv\/wp-json\/wp\/v2\/posts\/41302\/revisions"}],"predecessor-version":[{"id":41345,"href":"https:\/\/www.deepseareporter.com\/sv\/wp-json\/wp\/v2\/posts\/41302\/revisions\/41345"}],"wp:featuredmedia":[{"embeddable":true,"href":"https:\/\/www.deepseareporter.com\/sv\/wp-json\/wp\/v2\/media\/41303"}],"wp:attachment":[{"href":"https:\/\/www.deepseareporter.com\/sv\/wp-json\/wp\/v2\/media?parent=41302"}],"wp:term":[{"taxonomy":"category","embeddable":true,"href":"https:\/\/www.deepseareporter.com\/sv\/wp-json\/wp\/v2\/categories?post=41302"},{"taxonomy":"post_tag","embeddable":true,"href":"https:\/\/www.deepseareporter.com\/sv\/wp-json\/wp\/v2\/tags?post=41302"}],"curies":[{"name":"wp","href":"https:\/\/api.w.org\/{rel}","templated":true}]}}