{"id":41043,"date":"2025-08-27T10:27:57","date_gmt":"2025-08-27T08:27:57","guid":{"rendered":"https:\/\/www.deepseareporter.com\/?p=41043"},"modified":"2025-08-27T10:32:18","modified_gmt":"2025-08-27T08:32:18","slug":"tjuvfiske-550-alar-beslagtagna-i-blekinge","status":"publish","type":"post","link":"https:\/\/www.deepseareporter.com\/sv\/tjuvfiske-550-alar-beslagtagna-i-blekinge\/","title":{"rendered":"Tjuvfiske: 550 \u00e5lar beslagtagna i Blekinge"},"content":{"rendered":"\n<p><strong>550 \u00e5lar har beslagtagits av Kustbevakningen i Blekinge. Stor del av \u00e5larna var d\u00f6da och tros ha fiskats f\u00f6r att s\u00e4ljas vidare.<\/strong><\/p>\n\n\n\n<p><strong>Fyra f\u00f6runders\u00f6kningar om brott har inletts.<\/strong><\/p>\n\n\n\n<p>Sammanlagt har 23 ryssjor beslagtagits vid fyra olika platser i Karlskronas sk\u00e4rg\u00e5rd, i n\u00e4ra anslutning till varandra b\u00e5de geografiskt och i tid. Majoriteten av de f\u00e5ngade \u00e5larna var d\u00f6da sedan l\u00e4nge och redskapen var \u201dproppfulla\u201d, enligt Mattias Jarde, f\u00f6runders\u00f6kningsledare p\u00e5 Kustbevakningen.<\/p>\n\n\n\n<p>&#8211; Man kan misst\u00e4nka att det har med f\u00f6rs\u00e4ljning att g\u00f6ra, men det \u00e4r bara n\u00e5got vi kan spekulera i, s\u00e4ger han.<\/p>\n\n\n\n<p>Vid ett av beslagen hittades \u00f6ver 300 kilo \u00e5l. Tv\u00e5 av ryssjorna var s\u00e5 kallade dubbelryssjor, d\u00e4r flera ryssjor har satts ihop. \u00c5len hade legat s\u00e5 l\u00e4nge att de hade sv\u00e4llt och lyft ryssjorna till havsytan.<\/p>\n\n\n\n<p>&#8211; De l\u00e5g som stora bojar p\u00e5 ytan, s\u00e5 det s\u00e5g man p\u00e5 l\u00e5ngt h\u00e5ll, s\u00e4ger Mattias Jarde.<\/p>\n\n\n\n<p>&#8211; Den h\u00e4r m\u00e4ngden i ett och samma redskap sticker ut. Jag har inte varit med om det tidigare och nu har vi hittat tv\u00e5 s\u00e5dana p\u00e5 kort tid, forts\u00e4tter han.<\/p>\n\n\n\n<p>Fyra separata f\u00f6runders\u00f6kningar om brott mot fiskerilagen har inletts. \u00c5len \u00e4r akut utrotningsrotad och generellt g\u00e4ller ett f\u00f6rbud mot \u00e5lfiske sedan 2007. Ut\u00f6ver \u00e5len hittades andra fiskarter och tre d\u00f6da uttrar i de aktuella redskapen.<\/p>\n\n\n\n<p>Kustbevakningen hittar ofta ryssjor i vattnen men det \u00e4r sv\u00e5rt att veta hur utspritt tjuvfisket \u00e4r. Under \u00e5ret har hittills 58 \u00e5lryssjor tagits i beslag i Blekinge, V\u00e4stra G\u00f6taland, \u00d6sterg\u00f6tland och Kalmar l\u00e4n.<\/p>\n\n\n\n<p><\/p>\n\n\n\n<p><sup><strong>Omslagsfoto<\/strong>: Emil Langvad\/TT En f\u00f6runders\u00f6kning om brott mot fiskerilagen har inletts sedan Kustbevakningen beslagtagit 550 d\u00f6da \u00e5lar. Arkivbild.<\/sup><\/p>\n","protected":false},"excerpt":{"rendered":"<p>550 \u00e5lar har beslagtagits av Kustbevakningen i Blekinge. Stor del av \u00e5larna var d\u00f6da och tros ha fiskats f\u00f6r att s\u00e4ljas vidare.<\/p>\n<p>Fyra f\u00f6runders\u00f6kningar om brott har inletts.<\/p>\n","protected":false},"author":4,"featured_media":41044,"comment_status":"closed","ping_status":"closed","sticky":false,"template":"","format":"standard","meta":{"_acf_changed":false,"footnotes":""},"categories":[235],"tags":[1092,1565,3605],"class_list":["post-41043","post","type-post","status-publish","format-standard","has-post-thumbnail","hentry","category-fiske","tag-alfiske","tag-blekinge","tag-tjuvfiske"],"acf":[],"yoast_head":"<!-- This site is optimized with the Yoast SEO Premium plugin v27.0 (Yoast SEO v27.0) - https:\/\/yoast.com\/product\/yoast-seo-premium-wordpress\/ -->\n<title>Tjuvfiske: 550 \u00e5lar beslagtagna i Blekinge - Deep Sea Reporter<\/title>\n<meta name=\"description\" content=\"550 \u00e5lar har beslagtagits av Kustbevakningen i Blekinge. Stor del av \u00e5larna var d\u00f6da och tros ha fiskats f\u00f6r att s\u00e4ljas vidare.Fyra f\u00f6runders\u00f6kningar om brott har inletts.\" \/>\n<meta name=\"robots\" content=\"index, follow, max-snippet:-1, max-image-preview:large, max-video-preview:-1\" \/>\n<link rel=\"canonical\" href=\"https:\/\/www.deepseareporter.com\/sv\/tjuvfiske-550-alar-beslagtagna-i-blekinge\/\" \/>\n<meta property=\"og:locale\" content=\"sv_SE\" \/>\n<meta property=\"og:type\" content=\"article\" \/>\n<meta property=\"og:title\" content=\"Tjuvfiske: 550 \u00e5lar beslagtagna i Blekinge - Deep Sea Reporter\" \/>\n<meta property=\"og:description\" content=\"550 \u00e5lar har beslagtagits av Kustbevakningen i Blekinge. Stor del av \u00e5larna var d\u00f6da och tros ha fiskats f\u00f6r att s\u00e4ljas vidare.Fyra f\u00f6runders\u00f6kningar om brott har inletts.\" \/>\n<meta property=\"og:url\" content=\"https:\/\/www.deepseareporter.com\/sv\/tjuvfiske-550-alar-beslagtagna-i-blekinge\/\" \/>\n<meta property=\"og:site_name\" content=\"Deep Sea Reporter\" \/>\n<meta property=\"article:published_time\" content=\"2025-08-27T08:27:57+00:00\" \/>\n<meta property=\"article:modified_time\" content=\"2025-08-27T08:32:18+00:00\" \/>\n<meta property=\"og:image\" content=\"https:\/\/www.deepseareporter.com\/wp-content\/uploads\/2025\/08\/250826-albeslag1-d8ccdfcd-a001nh.jpeg\" \/>\n\t<meta property=\"og:image:width\" content=\"2000\" \/>\n\t<meta property=\"og:image:height\" content=\"1331\" \/>\n\t<meta property=\"og:image:type\" content=\"image\/jpeg\" \/>\n<meta name=\"author\" content=\"Lena Scherman\" \/>\n<meta name=\"twitter:card\" content=\"summary_large_image\" \/>\n<meta name=\"twitter:label1\" content=\"Skriven av\" \/>\n\t<meta name=\"twitter:data1\" content=\"Lena Scherman\" \/>\n\t<meta name=\"twitter:label2\" content=\"Ber\u00e4knad l\u00e4stid\" \/>\n\t<meta name=\"twitter:data2\" content=\"2 minuter\" \/>\n<script type=\"application\/ld+json\" class=\"yoast-schema-graph\">{\"@context\":\"https:\/\/schema.org\",\"@graph\":[{\"@type\":\"Article\",\"@id\":\"https:\/\/www.deepseareporter.com\/sv\/tjuvfiske-550-alar-beslagtagna-i-blekinge\/#article\",\"isPartOf\":{\"@id\":\"https:\/\/www.deepseareporter.com\/sv\/tjuvfiske-550-alar-beslagtagna-i-blekinge\/\"},\"author\":{\"name\":\"Lena Scherman\",\"@id\":\"https:\/\/www.deepseareporter.com\/#\/schema\/person\/8440c67b5dda5c5ae6c70162fedbd434\"},\"headline\":\"Tjuvfiske: 550 \u00e5lar beslagtagna i Blekinge\",\"datePublished\":\"2025-08-27T08:27:57+00:00\",\"dateModified\":\"2025-08-27T08:32:18+00:00\",\"mainEntityOfPage\":{\"@id\":\"https:\/\/www.deepseareporter.com\/sv\/tjuvfiske-550-alar-beslagtagna-i-blekinge\/\"},\"wordCount\":308,\"publisher\":{\"@id\":\"https:\/\/www.deepseareporter.com\/#organization\"},\"image\":{\"@id\":\"https:\/\/www.deepseareporter.com\/sv\/tjuvfiske-550-alar-beslagtagna-i-blekinge\/#primaryimage\"},\"thumbnailUrl\":\"https:\/\/www.deepseareporter.com\/wp-content\/uploads\/2025\/08\/250826-albeslag1-d8ccdfcd-a001nh.jpeg\",\"keywords\":[\"\u00c5lfiske\",\"blekinge\",\"tjuvfiske\"],\"articleSection\":[\"Fiske\"],\"inLanguage\":\"sv-SE\"},{\"@type\":\"WebPage\",\"@id\":\"https:\/\/www.deepseareporter.com\/sv\/tjuvfiske-550-alar-beslagtagna-i-blekinge\/\",\"url\":\"https:\/\/www.deepseareporter.com\/sv\/tjuvfiske-550-alar-beslagtagna-i-blekinge\/\",\"name\":\"Tjuvfiske: 550 \u00e5lar beslagtagna i Blekinge - Deep Sea Reporter\",\"isPartOf\":{\"@id\":\"https:\/\/www.deepseareporter.com\/#website\"},\"primaryImageOfPage\":{\"@id\":\"https:\/\/www.deepseareporter.com\/sv\/tjuvfiske-550-alar-beslagtagna-i-blekinge\/#primaryimage\"},\"image\":{\"@id\":\"https:\/\/www.deepseareporter.com\/sv\/tjuvfiske-550-alar-beslagtagna-i-blekinge\/#primaryimage\"},\"thumbnailUrl\":\"https:\/\/www.deepseareporter.com\/wp-content\/uploads\/2025\/08\/250826-albeslag1-d8ccdfcd-a001nh.jpeg\",\"datePublished\":\"2025-08-27T08:27:57+00:00\",\"dateModified\":\"2025-08-27T08:32:18+00:00\",\"description\":\"550 \u00e5lar har beslagtagits av Kustbevakningen i Blekinge. Stor del av \u00e5larna var d\u00f6da och tros ha fiskats f\u00f6r att s\u00e4ljas vidare.Fyra f\u00f6runders\u00f6kningar om brott har inletts.\",\"breadcrumb\":{\"@id\":\"https:\/\/www.deepseareporter.com\/sv\/tjuvfiske-550-alar-beslagtagna-i-blekinge\/#breadcrumb\"},\"inLanguage\":\"sv-SE\",\"potentialAction\":[{\"@type\":\"ReadAction\",\"target\":[\"https:\/\/www.deepseareporter.com\/sv\/tjuvfiske-550-alar-beslagtagna-i-blekinge\/\"]}]},{\"@type\":\"ImageObject\",\"inLanguage\":\"sv-SE\",\"@id\":\"https:\/\/www.deepseareporter.com\/sv\/tjuvfiske-550-alar-beslagtagna-i-blekinge\/#primaryimage\",\"url\":\"https:\/\/www.deepseareporter.com\/wp-content\/uploads\/2025\/08\/250826-albeslag1-d8ccdfcd-a001nh.jpeg\",\"contentUrl\":\"https:\/\/www.deepseareporter.com\/wp-content\/uploads\/2025\/08\/250826-albeslag1-d8ccdfcd-a001nh.jpeg\",\"width\":2000,\"height\":1331,\"caption\":\"JULEBODA 2017-09-21 \u00c5lfiskaren Sven-Erik Tenghagen i Juleboda utanf\u00f6r Maglehem, Kristianstads kommun, ang\u00e5ende EU-kommissionens f\u00f6rslag till att stoppa \u00e5lfisket i \u00d6stersj\u00f6n under 2018. Foto: Emil Langvad \/ TT \/ kod 9290\"},{\"@type\":\"BreadcrumbList\",\"@id\":\"https:\/\/www.deepseareporter.com\/sv\/tjuvfiske-550-alar-beslagtagna-i-blekinge\/#breadcrumb\",\"itemListElement\":[{\"@type\":\"ListItem\",\"position\":1,\"name\":\"Hem\",\"item\":\"https:\/\/www.deepseareporter.com\/sv\/\"},{\"@type\":\"ListItem\",\"position\":2,\"name\":\"Tjuvfiske: 550 \u00e5lar beslagtagna i Blekinge\"}]},{\"@type\":\"WebSite\",\"@id\":\"https:\/\/www.deepseareporter.com\/#website\",\"url\":\"https:\/\/www.deepseareporter.com\/\",\"name\":\"Deep Sea Reporter\",\"description\":\"Ett digitalt magasin om havet\",\"publisher\":{\"@id\":\"https:\/\/www.deepseareporter.com\/#organization\"},\"potentialAction\":[{\"@type\":\"SearchAction\",\"target\":{\"@type\":\"EntryPoint\",\"urlTemplate\":\"https:\/\/www.deepseareporter.com\/?s={search_term_string}\"},\"query-input\":{\"@type\":\"PropertyValueSpecification\",\"valueRequired\":true,\"valueName\":\"search_term_string\"}}],\"inLanguage\":\"sv-SE\"},{\"@type\":\"Organization\",\"@id\":\"https:\/\/www.deepseareporter.com\/#organization\",\"name\":\"Deep Sea Reporter\",\"url\":\"https:\/\/www.deepseareporter.com\/\",\"logo\":{\"@type\":\"ImageObject\",\"inLanguage\":\"sv-SE\",\"@id\":\"https:\/\/www.deepseareporter.com\/#\/schema\/logo\/image\/\",\"url\":\"https:\/\/www.deepseareporter.com\/wp-content\/uploads\/2024\/10\/dsr-bla-ny-logga.svg\",\"contentUrl\":\"https:\/\/www.deepseareporter.com\/wp-content\/uploads\/2024\/10\/dsr-bla-ny-logga.svg\",\"width\":834,\"height\":504,\"caption\":\"Deep Sea Reporter\"},\"image\":{\"@id\":\"https:\/\/www.deepseareporter.com\/#\/schema\/logo\/image\/\"}},{\"@type\":\"Person\",\"@id\":\"https:\/\/www.deepseareporter.com\/#\/schema\/person\/8440c67b5dda5c5ae6c70162fedbd434\",\"name\":\"Lena Scherman\"}]}<\/script>\n<!-- \/ Yoast SEO Premium plugin. -->","yoast_head_json":{"title":"Tjuvfiske: 550 \u00e5lar beslagtagna i Blekinge - Deep Sea Reporter","description":"550 \u00e5lar har beslagtagits av Kustbevakningen i Blekinge. Stor del av \u00e5larna var d\u00f6da och tros ha fiskats f\u00f6r att s\u00e4ljas vidare.Fyra f\u00f6runders\u00f6kningar om brott har inletts.","robots":{"index":"index","follow":"follow","max-snippet":"max-snippet:-1","max-image-preview":"max-image-preview:large","max-video-preview":"max-video-preview:-1"},"canonical":"https:\/\/www.deepseareporter.com\/sv\/tjuvfiske-550-alar-beslagtagna-i-blekinge\/","og_locale":"sv_SE","og_type":"article","og_title":"Tjuvfiske: 550 \u00e5lar beslagtagna i Blekinge - Deep Sea Reporter","og_description":"550 \u00e5lar har beslagtagits av Kustbevakningen i Blekinge. Stor del av \u00e5larna var d\u00f6da och tros ha fiskats f\u00f6r att s\u00e4ljas vidare.Fyra f\u00f6runders\u00f6kningar om brott har inletts.","og_url":"https:\/\/www.deepseareporter.com\/sv\/tjuvfiske-550-alar-beslagtagna-i-blekinge\/","og_site_name":"Deep Sea Reporter","article_published_time":"2025-08-27T08:27:57+00:00","article_modified_time":"2025-08-27T08:32:18+00:00","og_image":[{"width":2000,"height":1331,"url":"https:\/\/www.deepseareporter.com\/wp-content\/uploads\/2025\/08\/250826-albeslag1-d8ccdfcd-a001nh.jpeg","type":"image\/jpeg"}],"author":"Lena Scherman","twitter_card":"summary_large_image","twitter_misc":{"Skriven av":"Lena Scherman","Ber\u00e4knad l\u00e4stid":"2 minuter"},"schema":{"@context":"https:\/\/schema.org","@graph":[{"@type":"Article","@id":"https:\/\/www.deepseareporter.com\/sv\/tjuvfiske-550-alar-beslagtagna-i-blekinge\/#article","isPartOf":{"@id":"https:\/\/www.deepseareporter.com\/sv\/tjuvfiske-550-alar-beslagtagna-i-blekinge\/"},"author":{"name":"Lena Scherman","@id":"https:\/\/www.deepseareporter.com\/#\/schema\/person\/8440c67b5dda5c5ae6c70162fedbd434"},"headline":"Tjuvfiske: 550 \u00e5lar beslagtagna i Blekinge","datePublished":"2025-08-27T08:27:57+00:00","dateModified":"2025-08-27T08:32:18+00:00","mainEntityOfPage":{"@id":"https:\/\/www.deepseareporter.com\/sv\/tjuvfiske-550-alar-beslagtagna-i-blekinge\/"},"wordCount":308,"publisher":{"@id":"https:\/\/www.deepseareporter.com\/#organization"},"image":{"@id":"https:\/\/www.deepseareporter.com\/sv\/tjuvfiske-550-alar-beslagtagna-i-blekinge\/#primaryimage"},"thumbnailUrl":"https:\/\/www.deepseareporter.com\/wp-content\/uploads\/2025\/08\/250826-albeslag1-d8ccdfcd-a001nh.jpeg","keywords":["\u00c5lfiske","blekinge","tjuvfiske"],"articleSection":["Fiske"],"inLanguage":"sv-SE"},{"@type":"WebPage","@id":"https:\/\/www.deepseareporter.com\/sv\/tjuvfiske-550-alar-beslagtagna-i-blekinge\/","url":"https:\/\/www.deepseareporter.com\/sv\/tjuvfiske-550-alar-beslagtagna-i-blekinge\/","name":"Tjuvfiske: 550 \u00e5lar beslagtagna i Blekinge - Deep Sea Reporter","isPartOf":{"@id":"https:\/\/www.deepseareporter.com\/#website"},"primaryImageOfPage":{"@id":"https:\/\/www.deepseareporter.com\/sv\/tjuvfiske-550-alar-beslagtagna-i-blekinge\/#primaryimage"},"image":{"@id":"https:\/\/www.deepseareporter.com\/sv\/tjuvfiske-550-alar-beslagtagna-i-blekinge\/#primaryimage"},"thumbnailUrl":"https:\/\/www.deepseareporter.com\/wp-content\/uploads\/2025\/08\/250826-albeslag1-d8ccdfcd-a001nh.jpeg","datePublished":"2025-08-27T08:27:57+00:00","dateModified":"2025-08-27T08:32:18+00:00","description":"550 \u00e5lar har beslagtagits av Kustbevakningen i Blekinge. Stor del av \u00e5larna var d\u00f6da och tros ha fiskats f\u00f6r att s\u00e4ljas vidare.Fyra f\u00f6runders\u00f6kningar om brott har inletts.","breadcrumb":{"@id":"https:\/\/www.deepseareporter.com\/sv\/tjuvfiske-550-alar-beslagtagna-i-blekinge\/#breadcrumb"},"inLanguage":"sv-SE","potentialAction":[{"@type":"ReadAction","target":["https:\/\/www.deepseareporter.com\/sv\/tjuvfiske-550-alar-beslagtagna-i-blekinge\/"]}]},{"@type":"ImageObject","inLanguage":"sv-SE","@id":"https:\/\/www.deepseareporter.com\/sv\/tjuvfiske-550-alar-beslagtagna-i-blekinge\/#primaryimage","url":"https:\/\/www.deepseareporter.com\/wp-content\/uploads\/2025\/08\/250826-albeslag1-d8ccdfcd-a001nh.jpeg","contentUrl":"https:\/\/www.deepseareporter.com\/wp-content\/uploads\/2025\/08\/250826-albeslag1-d8ccdfcd-a001nh.jpeg","width":2000,"height":1331,"caption":"JULEBODA 2017-09-21 \u00c5lfiskaren Sven-Erik Tenghagen i Juleboda utanf\u00f6r Maglehem, Kristianstads kommun, ang\u00e5ende EU-kommissionens f\u00f6rslag till att stoppa \u00e5lfisket i \u00d6stersj\u00f6n under 2018. Foto: Emil Langvad \/ TT \/ kod 9290"},{"@type":"BreadcrumbList","@id":"https:\/\/www.deepseareporter.com\/sv\/tjuvfiske-550-alar-beslagtagna-i-blekinge\/#breadcrumb","itemListElement":[{"@type":"ListItem","position":1,"name":"Hem","item":"https:\/\/www.deepseareporter.com\/sv\/"},{"@type":"ListItem","position":2,"name":"Tjuvfiske: 550 \u00e5lar beslagtagna i Blekinge"}]},{"@type":"WebSite","@id":"https:\/\/www.deepseareporter.com\/#website","url":"https:\/\/www.deepseareporter.com\/","name":"Deep Sea Reporter","description":"Ett digitalt magasin om havet","publisher":{"@id":"https:\/\/www.deepseareporter.com\/#organization"},"potentialAction":[{"@type":"SearchAction","target":{"@type":"EntryPoint","urlTemplate":"https:\/\/www.deepseareporter.com\/?s={search_term_string}"},"query-input":{"@type":"PropertyValueSpecification","valueRequired":true,"valueName":"search_term_string"}}],"inLanguage":"sv-SE"},{"@type":"Organization","@id":"https:\/\/www.deepseareporter.com\/#organization","name":"Deep Sea Reporter","url":"https:\/\/www.deepseareporter.com\/","logo":{"@type":"ImageObject","inLanguage":"sv-SE","@id":"https:\/\/www.deepseareporter.com\/#\/schema\/logo\/image\/","url":"https:\/\/www.deepseareporter.com\/wp-content\/uploads\/2024\/10\/dsr-bla-ny-logga.svg","contentUrl":"https:\/\/www.deepseareporter.com\/wp-content\/uploads\/2024\/10\/dsr-bla-ny-logga.svg","width":834,"height":504,"caption":"Deep Sea Reporter"},"image":{"@id":"https:\/\/www.deepseareporter.com\/#\/schema\/logo\/image\/"}},{"@type":"Person","@id":"https:\/\/www.deepseareporter.com\/#\/schema\/person\/8440c67b5dda5c5ae6c70162fedbd434","name":"Lena Scherman"}]}},"_links":{"self":[{"href":"https:\/\/www.deepseareporter.com\/sv\/wp-json\/wp\/v2\/posts\/41043","targetHints":{"allow":["GET"]}}],"collection":[{"href":"https:\/\/www.deepseareporter.com\/sv\/wp-json\/wp\/v2\/posts"}],"about":[{"href":"https:\/\/www.deepseareporter.com\/sv\/wp-json\/wp\/v2\/types\/post"}],"author":[{"embeddable":true,"href":"https:\/\/www.deepseareporter.com\/sv\/wp-json\/wp\/v2\/users\/4"}],"replies":[{"embeddable":true,"href":"https:\/\/www.deepseareporter.com\/sv\/wp-json\/wp\/v2\/comments?post=41043"}],"version-history":[{"count":2,"href":"https:\/\/www.deepseareporter.com\/sv\/wp-json\/wp\/v2\/posts\/41043\/revisions"}],"predecessor-version":[{"id":41048,"href":"https:\/\/www.deepseareporter.com\/sv\/wp-json\/wp\/v2\/posts\/41043\/revisions\/41048"}],"wp:featuredmedia":[{"embeddable":true,"href":"https:\/\/www.deepseareporter.com\/sv\/wp-json\/wp\/v2\/media\/41044"}],"wp:attachment":[{"href":"https:\/\/www.deepseareporter.com\/sv\/wp-json\/wp\/v2\/media?parent=41043"}],"wp:term":[{"taxonomy":"category","embeddable":true,"href":"https:\/\/www.deepseareporter.com\/sv\/wp-json\/wp\/v2\/categories?post=41043"},{"taxonomy":"post_tag","embeddable":true,"href":"https:\/\/www.deepseareporter.com\/sv\/wp-json\/wp\/v2\/tags?post=41043"}],"curies":[{"name":"wp","href":"https:\/\/api.w.org\/{rel}","templated":true}]}}