{"id":39892,"date":"2025-04-17T08:21:40","date_gmt":"2025-04-17T06:21:40","guid":{"rendered":"https:\/\/www.deepseareporter.com\/?p=39892"},"modified":"2025-04-17T08:21:42","modified_gmt":"2025-04-17T06:21:42","slug":"kolossblackfisk-fotad-i-havsdjupet","status":"publish","type":"post","link":"https:\/\/www.deepseareporter.com\/sv\/kolossblackfisk-fotad-i-havsdjupet\/","title":{"rendered":"Kolossbl\u00e4ckfisk fotad i havsdjupet"},"content":{"rendered":"\n<p><strong>En kolossbl\u00e4ckfisk har f\u00f6rsta g\u00e5ngen f\u00e5ngats p\u00e5 bild i havets djup av ett internationellt forskarlag.<\/strong><\/p>\n\n\n\n<p>Observationen tillk\u00e4nnagavs p\u00e5 tisdagen av stiftelsen Schmidt Ocean Institute.<\/p>\n\n\n\n<p>Bl\u00e4ckfisken f\u00e5ngades p\u00e5 bild av en fj\u00e4rrstyrd undervattenskamera p\u00e5 600 meters djup i Sydatlanten. Bl\u00e4ckfisken \u2013 en ungfisk \u2013 var cirka 30 centimeter l\u00e5ng. Fullvuxna kolossbl\u00e4ckfiskar som forskare hittat i magen p\u00e5 valar och sj\u00f6f\u00e5glar kan dock bli upp till sju meter l\u00e5nga \u2013 n\u00e4stan lika stora som en liten brandbil.<\/p>\n\n\n\n<p>Bl\u00e4ckfisken uppt\u00e4cktes i f\u00f6rra m\u00e5naden n\u00e4ra Sydgeorgien och Sydsandwich\u00f6arna under en expedition. Forskarna v\u00e4ntade med att sl\u00e4ppa bilderna tills de hade bekr\u00e4ftat artbest\u00e4mningen med andra oberoende forskare.<\/p>\n\n\n\n<p>&#8211; Jag \u00e4lskar verkligen att vi har sett en ung kolossbl\u00e4ckfisk f\u00f6rst. Det h\u00e4r djuret \u00e4r s\u00e5 vackert, s\u00e4ger Kat Bolstad, bl\u00e4ckfiskforskare vid Auckland University of Technology i Nya Zeeland, som hj\u00e4lpte till att bekr\u00e4fta identifieringen.<\/p>\n\n\n\n<p>Den unga bl\u00e4ckfisken \u00e4r n\u00e4stan helt genomskinlig och har tunna armar. Som vuxna f\u00f6rlorar bl\u00e4ckfiskarna sitt glasaktiga utseende och blir m\u00f6rkr\u00f6da eller lila.<\/p>\n\n\n\n<p>N\u00e4r de \u00e4r fullvuxna anses de vara v\u00e4rldens st\u00f6rsta k\u00e4nda ryggradsl\u00f6sa djur.<\/p>\n\n\n\n<hr class=\"wp-block-separator has-alpha-channel-opacity\"\/>\n\n\n\n<p><sup><strong>Omslagsbild<\/strong>: ROV SuBastian\/AP\/TTDen unga kolossbl\u00e4ckfisken f\u00e5ngades p\u00e5 bild p\u00e5 600 meters djup i Sydatlanten.<\/sup><\/p>\n\n\n\n<p><\/p>\n","protected":false},"excerpt":{"rendered":"<p>En kolossbl\u00e4ckfisk har f\u00f6rsta g\u00e5ngen f\u00e5ngats p\u00e5 bild i havets djup av ett internationellt forskarlag.<\/p>\n","protected":false},"author":4,"featured_media":39893,"comment_status":"closed","ping_status":"closed","sticky":false,"template":"","format":"standard","meta":{"_acf_changed":false,"footnotes":""},"categories":[580],"tags":[1326,3254,3255],"class_list":["post-39892","post","type-post","status-publish","format-standard","has-post-thumbnail","hentry","category-internationellt","tag-djuphavet","tag-jatteblackfisk","tag-schmidt-ocean-institute"],"acf":[],"yoast_head":"<!-- This site is optimized with the Yoast SEO Premium plugin v27.0 (Yoast SEO v27.0) - https:\/\/yoast.com\/product\/yoast-seo-premium-wordpress\/ -->\n<title>Kolossbl\u00e4ckfisk fotad i havsdjupet - Deep Sea Reporter<\/title>\n<meta name=\"description\" content=\"En kolossbl\u00e4ckfisk har f\u00f6rsta g\u00e5ngen f\u00e5ngats p\u00e5 bild i havets djup av ett internationellt forskarlag.\" \/>\n<meta name=\"robots\" content=\"index, follow, max-snippet:-1, max-image-preview:large, max-video-preview:-1\" \/>\n<link rel=\"canonical\" href=\"https:\/\/www.deepseareporter.com\/sv\/kolossblackfisk-fotad-i-havsdjupet\/\" \/>\n<meta property=\"og:locale\" content=\"sv_SE\" \/>\n<meta property=\"og:type\" content=\"article\" \/>\n<meta property=\"og:title\" content=\"Kolossbl\u00e4ckfisk fotad i havsdjupet - Deep Sea Reporter\" \/>\n<meta property=\"og:description\" content=\"En kolossbl\u00e4ckfisk har f\u00f6rsta g\u00e5ngen f\u00e5ngats p\u00e5 bild i havets djup av ett internationellt forskarlag.\" \/>\n<meta property=\"og:url\" content=\"https:\/\/www.deepseareporter.com\/sv\/kolossblackfisk-fotad-i-havsdjupet\/\" \/>\n<meta property=\"og:site_name\" content=\"Deep Sea Reporter\" \/>\n<meta property=\"article:published_time\" content=\"2025-04-17T06:21:40+00:00\" \/>\n<meta property=\"article:modified_time\" content=\"2025-04-17T06:21:42+00:00\" \/>\n<meta property=\"og:image\" content=\"https:\/\/www.deepseareporter.com\/wp-content\/uploads\/2025\/04\/250417-atlantenblackfiskuv-1aba8105-a001nh.jpeg\" \/>\n\t<meta property=\"og:image:width\" content=\"1700\" \/>\n\t<meta property=\"og:image:height\" content=\"1133\" \/>\n\t<meta property=\"og:image:type\" content=\"image\/jpeg\" \/>\n<meta name=\"author\" content=\"Lena Scherman\" \/>\n<meta name=\"twitter:card\" content=\"summary_large_image\" \/>\n<meta name=\"twitter:label1\" content=\"Skriven av\" \/>\n\t<meta name=\"twitter:data1\" content=\"Lena Scherman\" \/>\n\t<meta name=\"twitter:label2\" content=\"Ber\u00e4knad l\u00e4stid\" \/>\n\t<meta name=\"twitter:data2\" content=\"2 minuter\" \/>\n<script type=\"application\/ld+json\" class=\"yoast-schema-graph\">{\"@context\":\"https:\/\/schema.org\",\"@graph\":[{\"@type\":\"Article\",\"@id\":\"https:\/\/www.deepseareporter.com\/sv\/kolossblackfisk-fotad-i-havsdjupet\/#article\",\"isPartOf\":{\"@id\":\"https:\/\/www.deepseareporter.com\/sv\/kolossblackfisk-fotad-i-havsdjupet\/\"},\"author\":{\"name\":\"Lena Scherman\",\"@id\":\"https:\/\/www.deepseareporter.com\/#\/schema\/person\/8440c67b5dda5c5ae6c70162fedbd434\"},\"headline\":\"Kolossbl\u00e4ckfisk fotad i havsdjupet\",\"datePublished\":\"2025-04-17T06:21:40+00:00\",\"dateModified\":\"2025-04-17T06:21:42+00:00\",\"mainEntityOfPage\":{\"@id\":\"https:\/\/www.deepseareporter.com\/sv\/kolossblackfisk-fotad-i-havsdjupet\/\"},\"wordCount\":233,\"publisher\":{\"@id\":\"https:\/\/www.deepseareporter.com\/#organization\"},\"image\":{\"@id\":\"https:\/\/www.deepseareporter.com\/sv\/kolossblackfisk-fotad-i-havsdjupet\/#primaryimage\"},\"thumbnailUrl\":\"https:\/\/www.deepseareporter.com\/wp-content\/uploads\/2025\/04\/250417-atlantenblackfiskuv-1aba8105-a001nh.jpeg\",\"keywords\":[\"djuphavet\",\"j\u00e4ttebl\u00e4ckfisk\",\"schmidt ocean institute\"],\"articleSection\":[\"Internationellt\"],\"inLanguage\":\"sv-SE\"},{\"@type\":\"WebPage\",\"@id\":\"https:\/\/www.deepseareporter.com\/sv\/kolossblackfisk-fotad-i-havsdjupet\/\",\"url\":\"https:\/\/www.deepseareporter.com\/sv\/kolossblackfisk-fotad-i-havsdjupet\/\",\"name\":\"Kolossbl\u00e4ckfisk fotad i havsdjupet - Deep Sea Reporter\",\"isPartOf\":{\"@id\":\"https:\/\/www.deepseareporter.com\/#website\"},\"primaryImageOfPage\":{\"@id\":\"https:\/\/www.deepseareporter.com\/sv\/kolossblackfisk-fotad-i-havsdjupet\/#primaryimage\"},\"image\":{\"@id\":\"https:\/\/www.deepseareporter.com\/sv\/kolossblackfisk-fotad-i-havsdjupet\/#primaryimage\"},\"thumbnailUrl\":\"https:\/\/www.deepseareporter.com\/wp-content\/uploads\/2025\/04\/250417-atlantenblackfiskuv-1aba8105-a001nh.jpeg\",\"datePublished\":\"2025-04-17T06:21:40+00:00\",\"dateModified\":\"2025-04-17T06:21:42+00:00\",\"description\":\"En kolossbl\u00e4ckfisk har f\u00f6rsta g\u00e5ngen f\u00e5ngats p\u00e5 bild i havets djup av ett internationellt forskarlag.\",\"breadcrumb\":{\"@id\":\"https:\/\/www.deepseareporter.com\/sv\/kolossblackfisk-fotad-i-havsdjupet\/#breadcrumb\"},\"inLanguage\":\"sv-SE\",\"potentialAction\":[{\"@type\":\"ReadAction\",\"target\":[\"https:\/\/www.deepseareporter.com\/sv\/kolossblackfisk-fotad-i-havsdjupet\/\"]}]},{\"@type\":\"ImageObject\",\"inLanguage\":\"sv-SE\",\"@id\":\"https:\/\/www.deepseareporter.com\/sv\/kolossblackfisk-fotad-i-havsdjupet\/#primaryimage\",\"url\":\"https:\/\/www.deepseareporter.com\/wp-content\/uploads\/2025\/04\/250417-atlantenblackfiskuv-1aba8105-a001nh.jpeg\",\"contentUrl\":\"https:\/\/www.deepseareporter.com\/wp-content\/uploads\/2025\/04\/250417-atlantenblackfiskuv-1aba8105-a001nh.jpeg\",\"width\":1700,\"height\":1133,\"caption\":\"This frame grab provided by the Schmidt Ocean Institute shows a colossal squid, or Mesonychoteuthis hamiltoni, in its natural habitat, during an Ocean Census flagship expedition in the South Sandwich Islands in the South Atlantic Ocean, Sunday, March 9, 2025. (ROV SuBastian\/Schmidt Ocean Institute via AP) XAB118\"},{\"@type\":\"BreadcrumbList\",\"@id\":\"https:\/\/www.deepseareporter.com\/sv\/kolossblackfisk-fotad-i-havsdjupet\/#breadcrumb\",\"itemListElement\":[{\"@type\":\"ListItem\",\"position\":1,\"name\":\"Hem\",\"item\":\"https:\/\/www.deepseareporter.com\/sv\/\"},{\"@type\":\"ListItem\",\"position\":2,\"name\":\"Kolossbl\u00e4ckfisk fotad i havsdjupet\"}]},{\"@type\":\"WebSite\",\"@id\":\"https:\/\/www.deepseareporter.com\/#website\",\"url\":\"https:\/\/www.deepseareporter.com\/\",\"name\":\"Deep Sea Reporter\",\"description\":\"Ett digitalt magasin om havet\",\"publisher\":{\"@id\":\"https:\/\/www.deepseareporter.com\/#organization\"},\"potentialAction\":[{\"@type\":\"SearchAction\",\"target\":{\"@type\":\"EntryPoint\",\"urlTemplate\":\"https:\/\/www.deepseareporter.com\/?s={search_term_string}\"},\"query-input\":{\"@type\":\"PropertyValueSpecification\",\"valueRequired\":true,\"valueName\":\"search_term_string\"}}],\"inLanguage\":\"sv-SE\"},{\"@type\":\"Organization\",\"@id\":\"https:\/\/www.deepseareporter.com\/#organization\",\"name\":\"Deep Sea Reporter\",\"url\":\"https:\/\/www.deepseareporter.com\/\",\"logo\":{\"@type\":\"ImageObject\",\"inLanguage\":\"sv-SE\",\"@id\":\"https:\/\/www.deepseareporter.com\/#\/schema\/logo\/image\/\",\"url\":\"https:\/\/www.deepseareporter.com\/wp-content\/uploads\/2024\/10\/dsr-bla-ny-logga.svg\",\"contentUrl\":\"https:\/\/www.deepseareporter.com\/wp-content\/uploads\/2024\/10\/dsr-bla-ny-logga.svg\",\"width\":834,\"height\":504,\"caption\":\"Deep Sea Reporter\"},\"image\":{\"@id\":\"https:\/\/www.deepseareporter.com\/#\/schema\/logo\/image\/\"}},{\"@type\":\"Person\",\"@id\":\"https:\/\/www.deepseareporter.com\/#\/schema\/person\/8440c67b5dda5c5ae6c70162fedbd434\",\"name\":\"Lena Scherman\"}]}<\/script>\n<!-- \/ Yoast SEO Premium plugin. -->","yoast_head_json":{"title":"Kolossbl\u00e4ckfisk fotad i havsdjupet - Deep Sea Reporter","description":"En kolossbl\u00e4ckfisk har f\u00f6rsta g\u00e5ngen f\u00e5ngats p\u00e5 bild i havets djup av ett internationellt forskarlag.","robots":{"index":"index","follow":"follow","max-snippet":"max-snippet:-1","max-image-preview":"max-image-preview:large","max-video-preview":"max-video-preview:-1"},"canonical":"https:\/\/www.deepseareporter.com\/sv\/kolossblackfisk-fotad-i-havsdjupet\/","og_locale":"sv_SE","og_type":"article","og_title":"Kolossbl\u00e4ckfisk fotad i havsdjupet - Deep Sea Reporter","og_description":"En kolossbl\u00e4ckfisk har f\u00f6rsta g\u00e5ngen f\u00e5ngats p\u00e5 bild i havets djup av ett internationellt forskarlag.","og_url":"https:\/\/www.deepseareporter.com\/sv\/kolossblackfisk-fotad-i-havsdjupet\/","og_site_name":"Deep Sea Reporter","article_published_time":"2025-04-17T06:21:40+00:00","article_modified_time":"2025-04-17T06:21:42+00:00","og_image":[{"width":1700,"height":1133,"url":"https:\/\/www.deepseareporter.com\/wp-content\/uploads\/2025\/04\/250417-atlantenblackfiskuv-1aba8105-a001nh.jpeg","type":"image\/jpeg"}],"author":"Lena Scherman","twitter_card":"summary_large_image","twitter_misc":{"Skriven av":"Lena Scherman","Ber\u00e4knad l\u00e4stid":"2 minuter"},"schema":{"@context":"https:\/\/schema.org","@graph":[{"@type":"Article","@id":"https:\/\/www.deepseareporter.com\/sv\/kolossblackfisk-fotad-i-havsdjupet\/#article","isPartOf":{"@id":"https:\/\/www.deepseareporter.com\/sv\/kolossblackfisk-fotad-i-havsdjupet\/"},"author":{"name":"Lena Scherman","@id":"https:\/\/www.deepseareporter.com\/#\/schema\/person\/8440c67b5dda5c5ae6c70162fedbd434"},"headline":"Kolossbl\u00e4ckfisk fotad i havsdjupet","datePublished":"2025-04-17T06:21:40+00:00","dateModified":"2025-04-17T06:21:42+00:00","mainEntityOfPage":{"@id":"https:\/\/www.deepseareporter.com\/sv\/kolossblackfisk-fotad-i-havsdjupet\/"},"wordCount":233,"publisher":{"@id":"https:\/\/www.deepseareporter.com\/#organization"},"image":{"@id":"https:\/\/www.deepseareporter.com\/sv\/kolossblackfisk-fotad-i-havsdjupet\/#primaryimage"},"thumbnailUrl":"https:\/\/www.deepseareporter.com\/wp-content\/uploads\/2025\/04\/250417-atlantenblackfiskuv-1aba8105-a001nh.jpeg","keywords":["djuphavet","j\u00e4ttebl\u00e4ckfisk","schmidt ocean institute"],"articleSection":["Internationellt"],"inLanguage":"sv-SE"},{"@type":"WebPage","@id":"https:\/\/www.deepseareporter.com\/sv\/kolossblackfisk-fotad-i-havsdjupet\/","url":"https:\/\/www.deepseareporter.com\/sv\/kolossblackfisk-fotad-i-havsdjupet\/","name":"Kolossbl\u00e4ckfisk fotad i havsdjupet - Deep Sea Reporter","isPartOf":{"@id":"https:\/\/www.deepseareporter.com\/#website"},"primaryImageOfPage":{"@id":"https:\/\/www.deepseareporter.com\/sv\/kolossblackfisk-fotad-i-havsdjupet\/#primaryimage"},"image":{"@id":"https:\/\/www.deepseareporter.com\/sv\/kolossblackfisk-fotad-i-havsdjupet\/#primaryimage"},"thumbnailUrl":"https:\/\/www.deepseareporter.com\/wp-content\/uploads\/2025\/04\/250417-atlantenblackfiskuv-1aba8105-a001nh.jpeg","datePublished":"2025-04-17T06:21:40+00:00","dateModified":"2025-04-17T06:21:42+00:00","description":"En kolossbl\u00e4ckfisk har f\u00f6rsta g\u00e5ngen f\u00e5ngats p\u00e5 bild i havets djup av ett internationellt forskarlag.","breadcrumb":{"@id":"https:\/\/www.deepseareporter.com\/sv\/kolossblackfisk-fotad-i-havsdjupet\/#breadcrumb"},"inLanguage":"sv-SE","potentialAction":[{"@type":"ReadAction","target":["https:\/\/www.deepseareporter.com\/sv\/kolossblackfisk-fotad-i-havsdjupet\/"]}]},{"@type":"ImageObject","inLanguage":"sv-SE","@id":"https:\/\/www.deepseareporter.com\/sv\/kolossblackfisk-fotad-i-havsdjupet\/#primaryimage","url":"https:\/\/www.deepseareporter.com\/wp-content\/uploads\/2025\/04\/250417-atlantenblackfiskuv-1aba8105-a001nh.jpeg","contentUrl":"https:\/\/www.deepseareporter.com\/wp-content\/uploads\/2025\/04\/250417-atlantenblackfiskuv-1aba8105-a001nh.jpeg","width":1700,"height":1133,"caption":"This frame grab provided by the Schmidt Ocean Institute shows a colossal squid, or Mesonychoteuthis hamiltoni, in its natural habitat, during an Ocean Census flagship expedition in the South Sandwich Islands in the South Atlantic Ocean, Sunday, March 9, 2025. (ROV SuBastian\/Schmidt Ocean Institute via AP) XAB118"},{"@type":"BreadcrumbList","@id":"https:\/\/www.deepseareporter.com\/sv\/kolossblackfisk-fotad-i-havsdjupet\/#breadcrumb","itemListElement":[{"@type":"ListItem","position":1,"name":"Hem","item":"https:\/\/www.deepseareporter.com\/sv\/"},{"@type":"ListItem","position":2,"name":"Kolossbl\u00e4ckfisk fotad i havsdjupet"}]},{"@type":"WebSite","@id":"https:\/\/www.deepseareporter.com\/#website","url":"https:\/\/www.deepseareporter.com\/","name":"Deep Sea Reporter","description":"Ett digitalt magasin om havet","publisher":{"@id":"https:\/\/www.deepseareporter.com\/#organization"},"potentialAction":[{"@type":"SearchAction","target":{"@type":"EntryPoint","urlTemplate":"https:\/\/www.deepseareporter.com\/?s={search_term_string}"},"query-input":{"@type":"PropertyValueSpecification","valueRequired":true,"valueName":"search_term_string"}}],"inLanguage":"sv-SE"},{"@type":"Organization","@id":"https:\/\/www.deepseareporter.com\/#organization","name":"Deep Sea Reporter","url":"https:\/\/www.deepseareporter.com\/","logo":{"@type":"ImageObject","inLanguage":"sv-SE","@id":"https:\/\/www.deepseareporter.com\/#\/schema\/logo\/image\/","url":"https:\/\/www.deepseareporter.com\/wp-content\/uploads\/2024\/10\/dsr-bla-ny-logga.svg","contentUrl":"https:\/\/www.deepseareporter.com\/wp-content\/uploads\/2024\/10\/dsr-bla-ny-logga.svg","width":834,"height":504,"caption":"Deep Sea Reporter"},"image":{"@id":"https:\/\/www.deepseareporter.com\/#\/schema\/logo\/image\/"}},{"@type":"Person","@id":"https:\/\/www.deepseareporter.com\/#\/schema\/person\/8440c67b5dda5c5ae6c70162fedbd434","name":"Lena Scherman"}]}},"_links":{"self":[{"href":"https:\/\/www.deepseareporter.com\/sv\/wp-json\/wp\/v2\/posts\/39892","targetHints":{"allow":["GET"]}}],"collection":[{"href":"https:\/\/www.deepseareporter.com\/sv\/wp-json\/wp\/v2\/posts"}],"about":[{"href":"https:\/\/www.deepseareporter.com\/sv\/wp-json\/wp\/v2\/types\/post"}],"author":[{"embeddable":true,"href":"https:\/\/www.deepseareporter.com\/sv\/wp-json\/wp\/v2\/users\/4"}],"replies":[{"embeddable":true,"href":"https:\/\/www.deepseareporter.com\/sv\/wp-json\/wp\/v2\/comments?post=39892"}],"version-history":[{"count":1,"href":"https:\/\/www.deepseareporter.com\/sv\/wp-json\/wp\/v2\/posts\/39892\/revisions"}],"predecessor-version":[{"id":39895,"href":"https:\/\/www.deepseareporter.com\/sv\/wp-json\/wp\/v2\/posts\/39892\/revisions\/39895"}],"wp:featuredmedia":[{"embeddable":true,"href":"https:\/\/www.deepseareporter.com\/sv\/wp-json\/wp\/v2\/media\/39893"}],"wp:attachment":[{"href":"https:\/\/www.deepseareporter.com\/sv\/wp-json\/wp\/v2\/media?parent=39892"}],"wp:term":[{"taxonomy":"category","embeddable":true,"href":"https:\/\/www.deepseareporter.com\/sv\/wp-json\/wp\/v2\/categories?post=39892"},{"taxonomy":"post_tag","embeddable":true,"href":"https:\/\/www.deepseareporter.com\/sv\/wp-json\/wp\/v2\/tags?post=39892"}],"curies":[{"name":"wp","href":"https:\/\/api.w.org\/{rel}","templated":true}]}}