{"id":35330,"date":"2024-05-30T08:36:24","date_gmt":"2024-05-30T06:36:24","guid":{"rendered":"https:\/\/www.deepseareporter.com\/?p=35330"},"modified":"2024-06-04T14:30:12","modified_gmt":"2024-06-04T12:30:12","slug":"isabella-lovin-mp-svarar","status":"publish","type":"post","link":"https:\/\/www.deepseareporter.com\/sv\/isabella-lovin-mp-svarar\/","title":{"rendered":"Isabella L\u00f6vin (mp) svarar"},"content":{"rendered":"\n<p><strong>Isabella L\u00f6vin \u00e4r tredje namn p\u00e5 Milj\u00f6partiets lista. Hon arbetade l\u00e4nge som journalist och blev k\u00e4nd f\u00f6r sin prisbel\u00f6nta bok Tyst hav (2007).\u00a0\u00a0\u00a0\u00a0<\/strong>\u00a0\u00a0<\/p>\n\n\n\n<p>Som ledamot av Europaparlamentet, fr\u00e5n 2009 till 2014, var hon delaktig i reformeringen av EUs fiskeripolitik. 2014 uts\u00e5gs L\u00f6vin till bist\u00e5ndsminister. I maj 2016 blev hon ett av tv\u00e5 spr\u00e5kr\u00f6r f\u00f6r Milj\u00f6partiet och i januari 2019 blev hon milj\u00f6- och klimatminister. L\u00f6vin l\u00e4mnade politiken i februari 2021, men vill nu g\u00f6ra comeback.<\/p>\n\n\n\n<figure class=\"wp-block-image size-large is-resized\"><img loading=\"lazy\" decoding=\"async\" width=\"1280\" height=\"853\" src=\"https:\/\/www.deepseareporter.com\/wp-content\/uploads\/2024\/05\/30330076458_edb24f4467_o-1280x853.jpeg\" alt=\"\" class=\"wp-image-35331\" style=\"width:656px;height:auto\" srcset=\"https:\/\/www.deepseareporter.com\/wp-content\/uploads\/2024\/05\/30330076458_edb24f4467_o-1280x853.jpeg 1280w, https:\/\/www.deepseareporter.com\/wp-content\/uploads\/2024\/05\/30330076458_edb24f4467_o-720x480.jpeg 720w, https:\/\/www.deepseareporter.com\/wp-content\/uploads\/2024\/05\/30330076458_edb24f4467_o-768x512.jpeg 768w, https:\/\/www.deepseareporter.com\/wp-content\/uploads\/2024\/05\/30330076458_edb24f4467_o-1536x1024.jpeg 1536w, https:\/\/www.deepseareporter.com\/wp-content\/uploads\/2024\/05\/30330076458_edb24f4467_o.jpeg 2000w\" sizes=\"auto, (max-width: 1280px) 100vw, 1280px\" \/><\/figure>\n\n\n\n<p><em>Isabella L\u00f6vin \u00e4r tredje namn p\u00e5 Milj\u00f6partiets lista.<\/em> Foto: Milj\u00f6partiet<\/p>\n\n\n\n<p>\u00a0<strong>1. \u00d6stersj\u00f6n m\u00e5r d\u00e5ligt &#8211; vilka \u00e4r de fr\u00e4msta orsakerna?<\/strong><\/p>\n\n\n\n<p>Det finns m\u00e5nga mycket negativa faktorer som samverkar. \u00d6verfiske, \u00f6verg\u00f6dning, klimatkrisen som g\u00f6r havet varmare och surare, l\u00e5nglivade milj\u00f6gifter, sj\u00f6fartens utsl\u00e4pp, buller, kustexploatering, samt \u00f6kande brunifiering av vattnet som beror p\u00e5 skogs- och lantbruket.<\/p>\n\n\n\n<p><strong>\u00a02. Varf\u00f6r har torskbest\u00e5ndet kollapsat?<\/strong><\/p>\n\n\n\n<p>Politiken reagerade inte p\u00e5 de m\u00e5nga och l\u00e5ngvariga varningarna om en f\u00f6rest\u00e5ende kollaps som b\u00f6rjade komma redan runt \u00e5r 2000, d\u00e5 man borde ha s\u00e4nkt kvoterna kraftigt redan d\u00e5. Efter reformen av EU:s fiskeripolitik 2013 b\u00f6rjade kvoterna s\u00e4ttas efter forskarnas rekommendationer, men dessv\u00e4rre tog dessa inte h\u00f6jd f\u00f6r \u00d6stersj\u00f6ns d\u00e5liga tillst\u00e5nd, utan f\u00f6reslog kvoter i linje med MSY. Idag \u00e4r ett omr\u00e5de stort som Danmark d\u00f6tt p\u00e5 \u00d6stersj\u00f6ns botten, vilket inneburit att torsken bara har ett lekomr\u00e5de kvar. Forskarnas r\u00e5d har inte tagit tillr\u00e4cklig h\u00e4nsyn till fiskbest\u00e5ndens utbredning i f\u00f6rh\u00e5llande till tillg\u00e4nglig mat f\u00f6r fisken ( s k ekosystemf\u00f6rvalning) och fiskarnas storlek och \u00e5ldersf\u00f6rdelning,&nbsp; Det duger inte att r\u00e4kna fisk i &#8221;biomassa&#8221;, hade man gjort annorlunda hade ICES bromsat i sin r\u00e5dgivning l\u00e5ngt tidiigare p g a fiskens d\u00e5liga kondition.<\/p>\n\n\n\n<p><strong>\u00a03. Hur har \u00d6stersj\u00f6n p\u00e5verkats av EUs fiskeripolitik?\u00a0<\/strong><\/p>\n\n\n\n<p>D\u00e5ligt, i synnerhet politiken f\u00f6r att ge st\u00f6d f\u00f6r att skrota sm\u00e5 b\u00e5tar och nybyggnationsst\u00f6d &#8211; dessa b\u00e5tar t\u00f6mmer nu haven. H\u00e4sthandeln om kvoter mellan \u00d6stersj\u00f6l\u00e4nderna och \u00f6verfisket fanns dock redan innan EU-intrr\u00e4det &#8211; problemet \u00e4r inte EU i sig, det \u00e4r l\u00e4ndernas politiska vilja.<\/p>\n\n\n\n<p><strong>4. Enligt Internationella havsforskningsr\u00e5det och EU-kommissionen skulle sill- och str\u00f6mmingsfisket ha stoppats i \u00e5r, om man skulle f\u00f6lja EUs lagstiftning &#8211; Hur ser du p\u00e5 att Ministerr\u00e5det till\u00e4t fortsatt fiske?<\/strong><\/p>\n\n\n\n<p>Jag anser att det \u00e4r ytterst oansvarigt, dessutom emot lagstiftningen som f\u00f6reskriver en n\u00f6dbroms &#8211; d v s fiskestopp &#8211; om best\u00e5nden har mer \u00e4n 5 % risk att kollapsa, vilket de nu har. Principen om n\u00f6dbroms var jag sj\u00e4lv med om att skriva in i den gemensamma fiskeripolitiken,&nbsp;<\/p>\n\n\n\n<p><strong>\u00a05. Vilken betydelse ska politiker tillm\u00e4ta forskarnas (ICES) rekommendationer f\u00f6r hur mycket fisk som ska kan f\u00e5ngas?<\/strong><\/p>\n\n\n\n<p>Politiker har ansvar inte bara f\u00f6r fisket utan f\u00f6r att <em>haven<\/em> ska kunna \u00e5terh\u00e4mta sig, det \u00e4r en fr\u00e5ga om planetens \u00f6verlevnad. D\u00e4rf\u00f6r m\u00e5ste fr\u00e5gorna till v\u00e5ra forskare st\u00e4llas annorlunda: inte hur mycket fisk som maximalt kan tas ur haven ur fiskets synvinkel, utan vad vi kan sk\u00f6rda ur en f\u00f6rsiktighetsansats med ekosystemen i fokus. Kan forskarna inte svara exakt p\u00e5 det \u00e4r det ingen urs\u00e4kt: d\u00e5 beh\u00f6ver politiken ta ansvar och till\u00e4mpa den f\u00f6rsiktighetsprincip som finns inskriven i lagen.<\/p>\n\n\n\n<p><strong>\u00a06. Hur ser du p\u00e5 det storskaliga industrifisket efter sill och skarpsill i \u00d6stersj\u00f6n?\u00a0<\/strong><\/p>\n\n\n\n<p>Det borde f\u00f6rbjudas. Vi ska ha fiske f\u00f6r mat p\u00e5 tallriken, inte till foder.<\/p>\n\n\n\n<p><strong>\u00a07. 92 procent av all fisk som f\u00e5ngas i \u00d6stersj\u00f6n mals till mj\u00f6l och blir mat \u00e5t norsk odlad lax, minkar, kycklingar, grisar &#8211; synpunkt?<\/strong><\/p>\n\n\n\n<p>Det \u00e4r ett resurssl\u00f6seri. EU hade tidigare ett f\u00f6rbud mot foderfiske, det borde \u00e5terinf\u00f6ras.<\/p>\n","protected":false},"excerpt":{"rendered":"<p>Isabella L\u00f6vin \u00e4r tredje namn p\u00e5 Milj\u00f6partiets lista. Hon arbetade l\u00e4nge som journalist och blev k\u00e4nd f\u00f6r sin prisbel\u00f6nta bok Tyst hav (2007).\u00a0\u00a0\u00a0\u00a0\u00a0\u00a0<\/p>\n","protected":false},"author":4,"featured_media":35397,"comment_status":"closed","ping_status":"closed","sticky":false,"template":"","format":"standard","meta":{"_acf_changed":false,"footnotes":""},"categories":[1],"tags":[2490,2475,298,2491,333,1442,690],"class_list":["post-35330","post","type-post","status-publish","format-standard","has-post-thumbnail","hentry","category-ovrigt","tag-eu-parlamentet","tag-eu-valet","tag-fiskmjol","tag-isabella-lovin","tag-klimatforandring","tag-overfiske-2","tag-overgodning"],"acf":[],"yoast_head":"<!-- This site is optimized with the Yoast SEO Premium plugin v27.0 (Yoast SEO v27.0) - https:\/\/yoast.com\/product\/yoast-seo-premium-wordpress\/ -->\n<title>Isabella L\u00f6vin (mp) svarar - Deep Sea Reporter<\/title>\n<meta name=\"description\" content=\"Isabella L\u00f6vin \u00e4r tredje namn p\u00e5 Milj\u00f6partiets lista. Hon arbetade l\u00e4nge som journalist och blev k\u00e4nd f\u00f6r sin prisbel\u00f6nta bok Tyst hav (2007).\u00a0\u00a0\u00a0\u00a0\u00a0\u00a0\" \/>\n<meta name=\"robots\" content=\"index, follow, max-snippet:-1, max-image-preview:large, max-video-preview:-1\" \/>\n<link rel=\"canonical\" href=\"https:\/\/www.deepseareporter.com\/sv\/isabella-lovin-mp-svarar\/\" \/>\n<meta property=\"og:locale\" content=\"sv_SE\" \/>\n<meta property=\"og:type\" content=\"article\" \/>\n<meta property=\"og:title\" content=\"Isabella L\u00f6vin (mp) svarar - Deep Sea Reporter\" \/>\n<meta property=\"og:description\" content=\"Isabella L\u00f6vin \u00e4r tredje namn p\u00e5 Milj\u00f6partiets lista. Hon arbetade l\u00e4nge som journalist och blev k\u00e4nd f\u00f6r sin prisbel\u00f6nta bok Tyst hav (2007).\u00a0\u00a0\u00a0\u00a0\u00a0\u00a0\" \/>\n<meta property=\"og:url\" content=\"https:\/\/www.deepseareporter.com\/sv\/isabella-lovin-mp-svarar\/\" \/>\n<meta property=\"og:site_name\" content=\"Deep Sea Reporter\" \/>\n<meta property=\"article:published_time\" content=\"2024-05-30T06:36:24+00:00\" \/>\n<meta property=\"article:modified_time\" content=\"2024-06-04T12:30:12+00:00\" \/>\n<meta property=\"og:image\" content=\"https:\/\/www.deepseareporter.com\/wp-content\/uploads\/2024\/06\/HEMSIDA_0604.jpg\" \/>\n\t<meta property=\"og:image:width\" content=\"1920\" \/>\n\t<meta property=\"og:image:height\" content=\"1080\" \/>\n\t<meta property=\"og:image:type\" content=\"image\/jpeg\" \/>\n<meta name=\"author\" content=\"Lena Scherman\" \/>\n<meta name=\"twitter:card\" content=\"summary_large_image\" \/>\n<meta name=\"twitter:label1\" content=\"Skriven av\" \/>\n\t<meta name=\"twitter:data1\" content=\"Lena Scherman\" \/>\n\t<meta name=\"twitter:label2\" content=\"Ber\u00e4knad l\u00e4stid\" \/>\n\t<meta name=\"twitter:data2\" content=\"4 minuter\" \/>\n<script type=\"application\/ld+json\" class=\"yoast-schema-graph\">{\"@context\":\"https:\/\/schema.org\",\"@graph\":[{\"@type\":\"Article\",\"@id\":\"https:\/\/www.deepseareporter.com\/sv\/isabella-lovin-mp-svarar\/#article\",\"isPartOf\":{\"@id\":\"https:\/\/www.deepseareporter.com\/sv\/isabella-lovin-mp-svarar\/\"},\"author\":{\"name\":\"Lena Scherman\",\"@id\":\"https:\/\/www.deepseareporter.com\/#\/schema\/person\/8440c67b5dda5c5ae6c70162fedbd434\"},\"headline\":\"Isabella L\u00f6vin (mp) svarar\",\"datePublished\":\"2024-05-30T06:36:24+00:00\",\"dateModified\":\"2024-06-04T12:30:12+00:00\",\"mainEntityOfPage\":{\"@id\":\"https:\/\/www.deepseareporter.com\/sv\/isabella-lovin-mp-svarar\/\"},\"wordCount\":668,\"publisher\":{\"@id\":\"https:\/\/www.deepseareporter.com\/#organization\"},\"image\":{\"@id\":\"https:\/\/www.deepseareporter.com\/sv\/isabella-lovin-mp-svarar\/#primaryimage\"},\"thumbnailUrl\":\"https:\/\/www.deepseareporter.com\/wp-content\/uploads\/2024\/06\/HEMSIDA_0604.jpg\",\"keywords\":[\"eu-parlamentet\",\"eu-valet\",\"Fiskmj\u00f6l\",\"isabella l\u00f6vin\",\"Klimatf\u00f6r\u00e4ndring\",\"\u00f6verfiske\",\"\u00f6verg\u00f6dning\"],\"articleSection\":[\"\u00d6vrigt\"],\"inLanguage\":\"sv-SE\"},{\"@type\":\"WebPage\",\"@id\":\"https:\/\/www.deepseareporter.com\/sv\/isabella-lovin-mp-svarar\/\",\"url\":\"https:\/\/www.deepseareporter.com\/sv\/isabella-lovin-mp-svarar\/\",\"name\":\"Isabella L\u00f6vin (mp) svarar - Deep Sea Reporter\",\"isPartOf\":{\"@id\":\"https:\/\/www.deepseareporter.com\/#website\"},\"primaryImageOfPage\":{\"@id\":\"https:\/\/www.deepseareporter.com\/sv\/isabella-lovin-mp-svarar\/#primaryimage\"},\"image\":{\"@id\":\"https:\/\/www.deepseareporter.com\/sv\/isabella-lovin-mp-svarar\/#primaryimage\"},\"thumbnailUrl\":\"https:\/\/www.deepseareporter.com\/wp-content\/uploads\/2024\/06\/HEMSIDA_0604.jpg\",\"datePublished\":\"2024-05-30T06:36:24+00:00\",\"dateModified\":\"2024-06-04T12:30:12+00:00\",\"description\":\"Isabella L\u00f6vin \u00e4r tredje namn p\u00e5 Milj\u00f6partiets lista. Hon arbetade l\u00e4nge som journalist och blev k\u00e4nd f\u00f6r sin prisbel\u00f6nta bok Tyst hav (2007).\u00a0\u00a0\u00a0\u00a0\u00a0\u00a0\",\"breadcrumb\":{\"@id\":\"https:\/\/www.deepseareporter.com\/sv\/isabella-lovin-mp-svarar\/#breadcrumb\"},\"inLanguage\":\"sv-SE\",\"potentialAction\":[{\"@type\":\"ReadAction\",\"target\":[\"https:\/\/www.deepseareporter.com\/sv\/isabella-lovin-mp-svarar\/\"]}]},{\"@type\":\"ImageObject\",\"inLanguage\":\"sv-SE\",\"@id\":\"https:\/\/www.deepseareporter.com\/sv\/isabella-lovin-mp-svarar\/#primaryimage\",\"url\":\"https:\/\/www.deepseareporter.com\/wp-content\/uploads\/2024\/06\/HEMSIDA_0604.jpg\",\"contentUrl\":\"https:\/\/www.deepseareporter.com\/wp-content\/uploads\/2024\/06\/HEMSIDA_0604.jpg\",\"width\":1920,\"height\":1080},{\"@type\":\"BreadcrumbList\",\"@id\":\"https:\/\/www.deepseareporter.com\/sv\/isabella-lovin-mp-svarar\/#breadcrumb\",\"itemListElement\":[{\"@type\":\"ListItem\",\"position\":1,\"name\":\"Hem\",\"item\":\"https:\/\/www.deepseareporter.com\/sv\/\"},{\"@type\":\"ListItem\",\"position\":2,\"name\":\"Isabella L\u00f6vin (mp) svarar\"}]},{\"@type\":\"WebSite\",\"@id\":\"https:\/\/www.deepseareporter.com\/#website\",\"url\":\"https:\/\/www.deepseareporter.com\/\",\"name\":\"Deep Sea Reporter\",\"description\":\"Ett digitalt magasin om havet\",\"publisher\":{\"@id\":\"https:\/\/www.deepseareporter.com\/#organization\"},\"potentialAction\":[{\"@type\":\"SearchAction\",\"target\":{\"@type\":\"EntryPoint\",\"urlTemplate\":\"https:\/\/www.deepseareporter.com\/?s={search_term_string}\"},\"query-input\":{\"@type\":\"PropertyValueSpecification\",\"valueRequired\":true,\"valueName\":\"search_term_string\"}}],\"inLanguage\":\"sv-SE\"},{\"@type\":\"Organization\",\"@id\":\"https:\/\/www.deepseareporter.com\/#organization\",\"name\":\"Deep Sea Reporter\",\"url\":\"https:\/\/www.deepseareporter.com\/\",\"logo\":{\"@type\":\"ImageObject\",\"inLanguage\":\"sv-SE\",\"@id\":\"https:\/\/www.deepseareporter.com\/#\/schema\/logo\/image\/\",\"url\":\"https:\/\/www.deepseareporter.com\/wp-content\/uploads\/2024\/10\/dsr-bla-ny-logga.svg\",\"contentUrl\":\"https:\/\/www.deepseareporter.com\/wp-content\/uploads\/2024\/10\/dsr-bla-ny-logga.svg\",\"width\":834,\"height\":504,\"caption\":\"Deep Sea Reporter\"},\"image\":{\"@id\":\"https:\/\/www.deepseareporter.com\/#\/schema\/logo\/image\/\"}},{\"@type\":\"Person\",\"@id\":\"https:\/\/www.deepseareporter.com\/#\/schema\/person\/8440c67b5dda5c5ae6c70162fedbd434\",\"name\":\"Lena Scherman\"}]}<\/script>\n<!-- \/ Yoast SEO Premium plugin. -->","yoast_head_json":{"title":"Isabella L\u00f6vin (mp) svarar - Deep Sea Reporter","description":"Isabella L\u00f6vin \u00e4r tredje namn p\u00e5 Milj\u00f6partiets lista. Hon arbetade l\u00e4nge som journalist och blev k\u00e4nd f\u00f6r sin prisbel\u00f6nta bok Tyst hav (2007).\u00a0\u00a0\u00a0\u00a0\u00a0\u00a0","robots":{"index":"index","follow":"follow","max-snippet":"max-snippet:-1","max-image-preview":"max-image-preview:large","max-video-preview":"max-video-preview:-1"},"canonical":"https:\/\/www.deepseareporter.com\/sv\/isabella-lovin-mp-svarar\/","og_locale":"sv_SE","og_type":"article","og_title":"Isabella L\u00f6vin (mp) svarar - Deep Sea Reporter","og_description":"Isabella L\u00f6vin \u00e4r tredje namn p\u00e5 Milj\u00f6partiets lista. Hon arbetade l\u00e4nge som journalist och blev k\u00e4nd f\u00f6r sin prisbel\u00f6nta bok Tyst hav (2007).\u00a0\u00a0\u00a0\u00a0\u00a0\u00a0","og_url":"https:\/\/www.deepseareporter.com\/sv\/isabella-lovin-mp-svarar\/","og_site_name":"Deep Sea Reporter","article_published_time":"2024-05-30T06:36:24+00:00","article_modified_time":"2024-06-04T12:30:12+00:00","og_image":[{"width":1920,"height":1080,"url":"https:\/\/www.deepseareporter.com\/wp-content\/uploads\/2024\/06\/HEMSIDA_0604.jpg","type":"image\/jpeg"}],"author":"Lena Scherman","twitter_card":"summary_large_image","twitter_misc":{"Skriven av":"Lena Scherman","Ber\u00e4knad l\u00e4stid":"4 minuter"},"schema":{"@context":"https:\/\/schema.org","@graph":[{"@type":"Article","@id":"https:\/\/www.deepseareporter.com\/sv\/isabella-lovin-mp-svarar\/#article","isPartOf":{"@id":"https:\/\/www.deepseareporter.com\/sv\/isabella-lovin-mp-svarar\/"},"author":{"name":"Lena Scherman","@id":"https:\/\/www.deepseareporter.com\/#\/schema\/person\/8440c67b5dda5c5ae6c70162fedbd434"},"headline":"Isabella L\u00f6vin (mp) svarar","datePublished":"2024-05-30T06:36:24+00:00","dateModified":"2024-06-04T12:30:12+00:00","mainEntityOfPage":{"@id":"https:\/\/www.deepseareporter.com\/sv\/isabella-lovin-mp-svarar\/"},"wordCount":668,"publisher":{"@id":"https:\/\/www.deepseareporter.com\/#organization"},"image":{"@id":"https:\/\/www.deepseareporter.com\/sv\/isabella-lovin-mp-svarar\/#primaryimage"},"thumbnailUrl":"https:\/\/www.deepseareporter.com\/wp-content\/uploads\/2024\/06\/HEMSIDA_0604.jpg","keywords":["eu-parlamentet","eu-valet","Fiskmj\u00f6l","isabella l\u00f6vin","Klimatf\u00f6r\u00e4ndring","\u00f6verfiske","\u00f6verg\u00f6dning"],"articleSection":["\u00d6vrigt"],"inLanguage":"sv-SE"},{"@type":"WebPage","@id":"https:\/\/www.deepseareporter.com\/sv\/isabella-lovin-mp-svarar\/","url":"https:\/\/www.deepseareporter.com\/sv\/isabella-lovin-mp-svarar\/","name":"Isabella L\u00f6vin (mp) svarar - Deep Sea Reporter","isPartOf":{"@id":"https:\/\/www.deepseareporter.com\/#website"},"primaryImageOfPage":{"@id":"https:\/\/www.deepseareporter.com\/sv\/isabella-lovin-mp-svarar\/#primaryimage"},"image":{"@id":"https:\/\/www.deepseareporter.com\/sv\/isabella-lovin-mp-svarar\/#primaryimage"},"thumbnailUrl":"https:\/\/www.deepseareporter.com\/wp-content\/uploads\/2024\/06\/HEMSIDA_0604.jpg","datePublished":"2024-05-30T06:36:24+00:00","dateModified":"2024-06-04T12:30:12+00:00","description":"Isabella L\u00f6vin \u00e4r tredje namn p\u00e5 Milj\u00f6partiets lista. Hon arbetade l\u00e4nge som journalist och blev k\u00e4nd f\u00f6r sin prisbel\u00f6nta bok Tyst hav (2007).\u00a0\u00a0\u00a0\u00a0\u00a0\u00a0","breadcrumb":{"@id":"https:\/\/www.deepseareporter.com\/sv\/isabella-lovin-mp-svarar\/#breadcrumb"},"inLanguage":"sv-SE","potentialAction":[{"@type":"ReadAction","target":["https:\/\/www.deepseareporter.com\/sv\/isabella-lovin-mp-svarar\/"]}]},{"@type":"ImageObject","inLanguage":"sv-SE","@id":"https:\/\/www.deepseareporter.com\/sv\/isabella-lovin-mp-svarar\/#primaryimage","url":"https:\/\/www.deepseareporter.com\/wp-content\/uploads\/2024\/06\/HEMSIDA_0604.jpg","contentUrl":"https:\/\/www.deepseareporter.com\/wp-content\/uploads\/2024\/06\/HEMSIDA_0604.jpg","width":1920,"height":1080},{"@type":"BreadcrumbList","@id":"https:\/\/www.deepseareporter.com\/sv\/isabella-lovin-mp-svarar\/#breadcrumb","itemListElement":[{"@type":"ListItem","position":1,"name":"Hem","item":"https:\/\/www.deepseareporter.com\/sv\/"},{"@type":"ListItem","position":2,"name":"Isabella L\u00f6vin (mp) svarar"}]},{"@type":"WebSite","@id":"https:\/\/www.deepseareporter.com\/#website","url":"https:\/\/www.deepseareporter.com\/","name":"Deep Sea Reporter","description":"Ett digitalt magasin om havet","publisher":{"@id":"https:\/\/www.deepseareporter.com\/#organization"},"potentialAction":[{"@type":"SearchAction","target":{"@type":"EntryPoint","urlTemplate":"https:\/\/www.deepseareporter.com\/?s={search_term_string}"},"query-input":{"@type":"PropertyValueSpecification","valueRequired":true,"valueName":"search_term_string"}}],"inLanguage":"sv-SE"},{"@type":"Organization","@id":"https:\/\/www.deepseareporter.com\/#organization","name":"Deep Sea Reporter","url":"https:\/\/www.deepseareporter.com\/","logo":{"@type":"ImageObject","inLanguage":"sv-SE","@id":"https:\/\/www.deepseareporter.com\/#\/schema\/logo\/image\/","url":"https:\/\/www.deepseareporter.com\/wp-content\/uploads\/2024\/10\/dsr-bla-ny-logga.svg","contentUrl":"https:\/\/www.deepseareporter.com\/wp-content\/uploads\/2024\/10\/dsr-bla-ny-logga.svg","width":834,"height":504,"caption":"Deep Sea Reporter"},"image":{"@id":"https:\/\/www.deepseareporter.com\/#\/schema\/logo\/image\/"}},{"@type":"Person","@id":"https:\/\/www.deepseareporter.com\/#\/schema\/person\/8440c67b5dda5c5ae6c70162fedbd434","name":"Lena Scherman"}]}},"_links":{"self":[{"href":"https:\/\/www.deepseareporter.com\/sv\/wp-json\/wp\/v2\/posts\/35330","targetHints":{"allow":["GET"]}}],"collection":[{"href":"https:\/\/www.deepseareporter.com\/sv\/wp-json\/wp\/v2\/posts"}],"about":[{"href":"https:\/\/www.deepseareporter.com\/sv\/wp-json\/wp\/v2\/types\/post"}],"author":[{"embeddable":true,"href":"https:\/\/www.deepseareporter.com\/sv\/wp-json\/wp\/v2\/users\/4"}],"replies":[{"embeddable":true,"href":"https:\/\/www.deepseareporter.com\/sv\/wp-json\/wp\/v2\/comments?post=35330"}],"version-history":[{"count":0,"href":"https:\/\/www.deepseareporter.com\/sv\/wp-json\/wp\/v2\/posts\/35330\/revisions"}],"wp:featuredmedia":[{"embeddable":true,"href":"https:\/\/www.deepseareporter.com\/sv\/wp-json\/wp\/v2\/media\/35397"}],"wp:attachment":[{"href":"https:\/\/www.deepseareporter.com\/sv\/wp-json\/wp\/v2\/media?parent=35330"}],"wp:term":[{"taxonomy":"category","embeddable":true,"href":"https:\/\/www.deepseareporter.com\/sv\/wp-json\/wp\/v2\/categories?post=35330"},{"taxonomy":"post_tag","embeddable":true,"href":"https:\/\/www.deepseareporter.com\/sv\/wp-json\/wp\/v2\/tags?post=35330"}],"curies":[{"name":"wp","href":"https:\/\/api.w.org\/{rel}","templated":true}]}}