{"id":34846,"date":"2024-04-12T11:35:39","date_gmt":"2024-04-12T09:35:39","guid":{"rendered":"https:\/\/www.deepseareporter.com\/?p=34846"},"modified":"2025-02-26T15:08:57","modified_gmt":"2025-02-26T14:08:57","slug":"blackfiskarna-forlorar-syn-nar-havet-blir-varmare","status":"publish","type":"post","link":"https:\/\/www.deepseareporter.com\/sv\/blackfiskarna-forlorar-syn-nar-havet-blir-varmare\/","title":{"rendered":"Bl\u00e4ckfiskarna f\u00f6rlorar syn &#8211; n\u00e4r havet blir varmare"},"content":{"rendered":"\n<p><strong>N\u00e4r vi pratar klimatf\u00f6r\u00e4ndringar, handlar det oftast om uppv\u00e4rmning i atmosf\u00e4ren och \u00e4ndrade v\u00e4dersystem, men haven drabbas ocks\u00e5 och kanske \u00e4n v\u00e4rre.<\/strong><\/p>\n\n\n\n<p>Redan nu emigrerar m\u00e5nga fiskar och djur till djupare och kallare delar av havet. Men bl\u00e4ckfiskar \u00e4r s\u00e5rbara och utsatta p\u00e5 s\u00e5 m\u00e5nga s\u00e4tt. Om havet forts\u00e4tter att v\u00e4rmas upp, p\u00e5 det s\u00e4tt som forskarna f\u00f6rutsp\u00e5r, kan det bli helt f\u00f6r\u00f6dande f\u00f6r dem. Redan vid n\u00e5gra f\u00e5 grader varmare kan man se att deras storlek, \u00f6verlevnad och fortplantningsf\u00f6rm\u00e5ga f\u00f6rs\u00e4mras. Men det kanske allvarligaste \u00e4r att deras syn drabbas.<\/p>\n\n\n\n<p>Bl\u00e4ckfiskar \u00e4r ekotermiska varelser, p\u00e5 svenska brukar vi s\u00e4ga \u201dkallblodiga\u201d, det vill s\u00e4ga att de \u00e4r beroende av omgivningens temperatur f\u00f6r att sj\u00e4lva h\u00e5lla v\u00e4rmen. Det g\u00f6r de extra \u00f6mt\u00e5liga i ett hav som blir varmare. <a href=\"https:\/\/www.nature.com\/articles\/s41467-024-47064-3.epdf?sharing_token=vtkrAQkVh8ZkRyPZiESHWtRgN0jAjWel9jnR3ZoTv0Pd0ejHk9kBr7Pqiodl-dJHeBtMDOsV7noTDONmVOrLBz3KPaWUMPdIQWl1cbbM9uq25pbS9ukzbD6899x_9P29IWXhk23r163JlYXm2sy9dD4Vtjij0CKxMqIj5ZiIAmo%3D\" target=\"_blank\" rel=\"noreferrer noopener nofollow\">Och en ny studie visar att deras syn \u00e4r speciellt k\u00e4nslig f\u00f6r temperaturf\u00f6r\u00e4ndringar<\/a>.\u00a0<\/p>\n\n\n\n<p>Forskare fr\u00e5n Australien och USA ville se hur bl\u00e4ckfiskens syn drabbas av att havet blir varmare. Bl\u00e4ckfiskar \u00e4r extremt beroende av sin syn, 70% av deras hj\u00e4rna \u00e4r specifikt dedikerad till just synen.<\/p>\n\n\n\n<p>Och det visade sig att i temperaturer p\u00e5 25\u00b0C bildades betydligt f\u00e4rre \u201dsyn-proteiner\u201d \u00e4n annars vilket p\u00e5verkar synen radikalt.<\/p>\n","protected":false},"excerpt":{"rendered":"<p>N\u00e4r vi pratar klimatf\u00f6r\u00e4ndringar, handlar det oftast om uppv\u00e4rmning i atmosf\u00e4ren och \u00e4ndrade v\u00e4dersystem, men haven drabbas ocks\u00e5 och kanske \u00e4n v\u00e4rre.<\/p>\n","protected":false},"author":4,"featured_media":34847,"comment_status":"closed","ping_status":"closed","sticky":false,"template":"","format":"standard","meta":{"_acf_changed":false,"footnotes":""},"categories":[252],"tags":[2354,339,1394],"class_list":["post-34846","post","type-post","status-publish","format-standard","has-post-thumbnail","hentry","category-forskning","tag-blackfiskar","tag-klimatforandringar","tag-varmare-hav"],"acf":[],"yoast_head":"<!-- This site is optimized with the Yoast SEO Premium plugin v27.0 (Yoast SEO v27.0) - https:\/\/yoast.com\/product\/yoast-seo-premium-wordpress\/ -->\n<title>Bl\u00e4ckfiskarna f\u00f6rlorar syn - n\u00e4r havet blir varmare - Deep Sea Reporter<\/title>\n<meta name=\"description\" content=\"N\u00e4r vi pratar klimatf\u00f6r\u00e4ndringar, handlar det oftast om uppv\u00e4rmning i atmosf\u00e4ren och \u00e4ndrade v\u00e4dersystem, men haven drabbas ocks\u00e5 och kanske \u00e4n v\u00e4rre.\" \/>\n<meta name=\"robots\" content=\"index, follow, max-snippet:-1, max-image-preview:large, max-video-preview:-1\" \/>\n<link rel=\"canonical\" href=\"https:\/\/www.deepseareporter.com\/sv\/blackfiskarna-forlorar-syn-nar-havet-blir-varmare\/\" \/>\n<meta property=\"og:locale\" content=\"sv_SE\" \/>\n<meta property=\"og:type\" content=\"article\" \/>\n<meta property=\"og:title\" content=\"Bl\u00e4ckfiskarna f\u00f6rlorar syn - n\u00e4r havet blir varmare - Deep Sea Reporter\" \/>\n<meta property=\"og:description\" content=\"N\u00e4r vi pratar klimatf\u00f6r\u00e4ndringar, handlar det oftast om uppv\u00e4rmning i atmosf\u00e4ren och \u00e4ndrade v\u00e4dersystem, men haven drabbas ocks\u00e5 och kanske \u00e4n v\u00e4rre.\" \/>\n<meta property=\"og:url\" content=\"https:\/\/www.deepseareporter.com\/sv\/blackfiskarna-forlorar-syn-nar-havet-blir-varmare\/\" \/>\n<meta property=\"og:site_name\" content=\"Deep Sea Reporter\" \/>\n<meta property=\"article:published_time\" content=\"2024-04-12T09:35:39+00:00\" \/>\n<meta property=\"article:modified_time\" content=\"2025-02-26T14:08:57+00:00\" \/>\n<meta property=\"og:image\" content=\"https:\/\/www.deepseareporter.com\/wp-content\/uploads\/2024\/04\/blackfisken-forlorar-syn-nar-havet-blir-varmare-.jpg\" \/>\n\t<meta property=\"og:image:width\" content=\"2000\" \/>\n\t<meta property=\"og:image:height\" content=\"1500\" \/>\n\t<meta property=\"og:image:type\" content=\"image\/jpeg\" \/>\n<meta name=\"author\" content=\"Lena Scherman\" \/>\n<meta name=\"twitter:card\" content=\"summary_large_image\" \/>\n<meta name=\"twitter:label1\" content=\"Skriven av\" \/>\n\t<meta name=\"twitter:data1\" content=\"Lena Scherman\" \/>\n\t<meta name=\"twitter:label2\" content=\"Ber\u00e4knad l\u00e4stid\" \/>\n\t<meta name=\"twitter:data2\" content=\"2 minuter\" \/>\n<script type=\"application\/ld+json\" class=\"yoast-schema-graph\">{\"@context\":\"https:\/\/schema.org\",\"@graph\":[{\"@type\":\"Article\",\"@id\":\"https:\/\/www.deepseareporter.com\/sv\/blackfiskarna-forlorar-syn-nar-havet-blir-varmare\/#article\",\"isPartOf\":{\"@id\":\"https:\/\/www.deepseareporter.com\/sv\/blackfiskarna-forlorar-syn-nar-havet-blir-varmare\/\"},\"author\":{\"name\":\"Lena Scherman\",\"@id\":\"https:\/\/www.deepseareporter.com\/#\/schema\/person\/8440c67b5dda5c5ae6c70162fedbd434\"},\"headline\":\"Bl\u00e4ckfiskarna f\u00f6rlorar syn &#8211; n\u00e4r havet blir varmare\",\"datePublished\":\"2024-04-12T09:35:39+00:00\",\"dateModified\":\"2025-02-26T14:08:57+00:00\",\"mainEntityOfPage\":{\"@id\":\"https:\/\/www.deepseareporter.com\/sv\/blackfiskarna-forlorar-syn-nar-havet-blir-varmare\/\"},\"wordCount\":245,\"publisher\":{\"@id\":\"https:\/\/www.deepseareporter.com\/#organization\"},\"image\":{\"@id\":\"https:\/\/www.deepseareporter.com\/sv\/blackfiskarna-forlorar-syn-nar-havet-blir-varmare\/#primaryimage\"},\"thumbnailUrl\":\"https:\/\/www.deepseareporter.com\/wp-content\/uploads\/2024\/04\/blackfisken-forlorar-syn-nar-havet-blir-varmare-.jpg\",\"keywords\":[\"bl\u00e4ckfiskar\",\"Klimatf\u00f6r\u00e4ndringar\",\"varmare hav\"],\"articleSection\":[\"Forskning\"],\"inLanguage\":\"sv-SE\"},{\"@type\":\"WebPage\",\"@id\":\"https:\/\/www.deepseareporter.com\/sv\/blackfiskarna-forlorar-syn-nar-havet-blir-varmare\/\",\"url\":\"https:\/\/www.deepseareporter.com\/sv\/blackfiskarna-forlorar-syn-nar-havet-blir-varmare\/\",\"name\":\"Bl\u00e4ckfiskarna f\u00f6rlorar syn - n\u00e4r havet blir varmare - Deep Sea Reporter\",\"isPartOf\":{\"@id\":\"https:\/\/www.deepseareporter.com\/#website\"},\"primaryImageOfPage\":{\"@id\":\"https:\/\/www.deepseareporter.com\/sv\/blackfiskarna-forlorar-syn-nar-havet-blir-varmare\/#primaryimage\"},\"image\":{\"@id\":\"https:\/\/www.deepseareporter.com\/sv\/blackfiskarna-forlorar-syn-nar-havet-blir-varmare\/#primaryimage\"},\"thumbnailUrl\":\"https:\/\/www.deepseareporter.com\/wp-content\/uploads\/2024\/04\/blackfisken-forlorar-syn-nar-havet-blir-varmare-.jpg\",\"datePublished\":\"2024-04-12T09:35:39+00:00\",\"dateModified\":\"2025-02-26T14:08:57+00:00\",\"description\":\"N\u00e4r vi pratar klimatf\u00f6r\u00e4ndringar, handlar det oftast om uppv\u00e4rmning i atmosf\u00e4ren och \u00e4ndrade v\u00e4dersystem, men haven drabbas ocks\u00e5 och kanske \u00e4n v\u00e4rre.\",\"breadcrumb\":{\"@id\":\"https:\/\/www.deepseareporter.com\/sv\/blackfiskarna-forlorar-syn-nar-havet-blir-varmare\/#breadcrumb\"},\"inLanguage\":\"sv-SE\",\"potentialAction\":[{\"@type\":\"ReadAction\",\"target\":[\"https:\/\/www.deepseareporter.com\/sv\/blackfiskarna-forlorar-syn-nar-havet-blir-varmare\/\"]}]},{\"@type\":\"ImageObject\",\"inLanguage\":\"sv-SE\",\"@id\":\"https:\/\/www.deepseareporter.com\/sv\/blackfiskarna-forlorar-syn-nar-havet-blir-varmare\/#primaryimage\",\"url\":\"https:\/\/www.deepseareporter.com\/wp-content\/uploads\/2024\/04\/blackfisken-forlorar-syn-nar-havet-blir-varmare-.jpg\",\"contentUrl\":\"https:\/\/www.deepseareporter.com\/wp-content\/uploads\/2024\/04\/blackfisken-forlorar-syn-nar-havet-blir-varmare-.jpg\",\"width\":2000,\"height\":1500},{\"@type\":\"BreadcrumbList\",\"@id\":\"https:\/\/www.deepseareporter.com\/sv\/blackfiskarna-forlorar-syn-nar-havet-blir-varmare\/#breadcrumb\",\"itemListElement\":[{\"@type\":\"ListItem\",\"position\":1,\"name\":\"Hem\",\"item\":\"https:\/\/www.deepseareporter.com\/sv\/\"},{\"@type\":\"ListItem\",\"position\":2,\"name\":\"Bl\u00e4ckfiskarna f\u00f6rlorar syn &#8211; n\u00e4r havet blir varmare\"}]},{\"@type\":\"WebSite\",\"@id\":\"https:\/\/www.deepseareporter.com\/#website\",\"url\":\"https:\/\/www.deepseareporter.com\/\",\"name\":\"Deep Sea Reporter\",\"description\":\"Ett digitalt magasin om havet\",\"publisher\":{\"@id\":\"https:\/\/www.deepseareporter.com\/#organization\"},\"potentialAction\":[{\"@type\":\"SearchAction\",\"target\":{\"@type\":\"EntryPoint\",\"urlTemplate\":\"https:\/\/www.deepseareporter.com\/?s={search_term_string}\"},\"query-input\":{\"@type\":\"PropertyValueSpecification\",\"valueRequired\":true,\"valueName\":\"search_term_string\"}}],\"inLanguage\":\"sv-SE\"},{\"@type\":\"Organization\",\"@id\":\"https:\/\/www.deepseareporter.com\/#organization\",\"name\":\"Deep Sea Reporter\",\"url\":\"https:\/\/www.deepseareporter.com\/\",\"logo\":{\"@type\":\"ImageObject\",\"inLanguage\":\"sv-SE\",\"@id\":\"https:\/\/www.deepseareporter.com\/#\/schema\/logo\/image\/\",\"url\":\"https:\/\/www.deepseareporter.com\/wp-content\/uploads\/2024\/10\/dsr-bla-ny-logga.svg\",\"contentUrl\":\"https:\/\/www.deepseareporter.com\/wp-content\/uploads\/2024\/10\/dsr-bla-ny-logga.svg\",\"width\":834,\"height\":504,\"caption\":\"Deep Sea Reporter\"},\"image\":{\"@id\":\"https:\/\/www.deepseareporter.com\/#\/schema\/logo\/image\/\"}},{\"@type\":\"Person\",\"@id\":\"https:\/\/www.deepseareporter.com\/#\/schema\/person\/8440c67b5dda5c5ae6c70162fedbd434\",\"name\":\"Lena Scherman\"}]}<\/script>\n<!-- \/ Yoast SEO Premium plugin. -->","yoast_head_json":{"title":"Bl\u00e4ckfiskarna f\u00f6rlorar syn - n\u00e4r havet blir varmare - Deep Sea Reporter","description":"N\u00e4r vi pratar klimatf\u00f6r\u00e4ndringar, handlar det oftast om uppv\u00e4rmning i atmosf\u00e4ren och \u00e4ndrade v\u00e4dersystem, men haven drabbas ocks\u00e5 och kanske \u00e4n v\u00e4rre.","robots":{"index":"index","follow":"follow","max-snippet":"max-snippet:-1","max-image-preview":"max-image-preview:large","max-video-preview":"max-video-preview:-1"},"canonical":"https:\/\/www.deepseareporter.com\/sv\/blackfiskarna-forlorar-syn-nar-havet-blir-varmare\/","og_locale":"sv_SE","og_type":"article","og_title":"Bl\u00e4ckfiskarna f\u00f6rlorar syn - n\u00e4r havet blir varmare - Deep Sea Reporter","og_description":"N\u00e4r vi pratar klimatf\u00f6r\u00e4ndringar, handlar det oftast om uppv\u00e4rmning i atmosf\u00e4ren och \u00e4ndrade v\u00e4dersystem, men haven drabbas ocks\u00e5 och kanske \u00e4n v\u00e4rre.","og_url":"https:\/\/www.deepseareporter.com\/sv\/blackfiskarna-forlorar-syn-nar-havet-blir-varmare\/","og_site_name":"Deep Sea Reporter","article_published_time":"2024-04-12T09:35:39+00:00","article_modified_time":"2025-02-26T14:08:57+00:00","og_image":[{"width":2000,"height":1500,"url":"https:\/\/www.deepseareporter.com\/wp-content\/uploads\/2024\/04\/blackfisken-forlorar-syn-nar-havet-blir-varmare-.jpg","type":"image\/jpeg"}],"author":"Lena Scherman","twitter_card":"summary_large_image","twitter_misc":{"Skriven av":"Lena Scherman","Ber\u00e4knad l\u00e4stid":"2 minuter"},"schema":{"@context":"https:\/\/schema.org","@graph":[{"@type":"Article","@id":"https:\/\/www.deepseareporter.com\/sv\/blackfiskarna-forlorar-syn-nar-havet-blir-varmare\/#article","isPartOf":{"@id":"https:\/\/www.deepseareporter.com\/sv\/blackfiskarna-forlorar-syn-nar-havet-blir-varmare\/"},"author":{"name":"Lena Scherman","@id":"https:\/\/www.deepseareporter.com\/#\/schema\/person\/8440c67b5dda5c5ae6c70162fedbd434"},"headline":"Bl\u00e4ckfiskarna f\u00f6rlorar syn &#8211; n\u00e4r havet blir varmare","datePublished":"2024-04-12T09:35:39+00:00","dateModified":"2025-02-26T14:08:57+00:00","mainEntityOfPage":{"@id":"https:\/\/www.deepseareporter.com\/sv\/blackfiskarna-forlorar-syn-nar-havet-blir-varmare\/"},"wordCount":245,"publisher":{"@id":"https:\/\/www.deepseareporter.com\/#organization"},"image":{"@id":"https:\/\/www.deepseareporter.com\/sv\/blackfiskarna-forlorar-syn-nar-havet-blir-varmare\/#primaryimage"},"thumbnailUrl":"https:\/\/www.deepseareporter.com\/wp-content\/uploads\/2024\/04\/blackfisken-forlorar-syn-nar-havet-blir-varmare-.jpg","keywords":["bl\u00e4ckfiskar","Klimatf\u00f6r\u00e4ndringar","varmare hav"],"articleSection":["Forskning"],"inLanguage":"sv-SE"},{"@type":"WebPage","@id":"https:\/\/www.deepseareporter.com\/sv\/blackfiskarna-forlorar-syn-nar-havet-blir-varmare\/","url":"https:\/\/www.deepseareporter.com\/sv\/blackfiskarna-forlorar-syn-nar-havet-blir-varmare\/","name":"Bl\u00e4ckfiskarna f\u00f6rlorar syn - n\u00e4r havet blir varmare - Deep Sea Reporter","isPartOf":{"@id":"https:\/\/www.deepseareporter.com\/#website"},"primaryImageOfPage":{"@id":"https:\/\/www.deepseareporter.com\/sv\/blackfiskarna-forlorar-syn-nar-havet-blir-varmare\/#primaryimage"},"image":{"@id":"https:\/\/www.deepseareporter.com\/sv\/blackfiskarna-forlorar-syn-nar-havet-blir-varmare\/#primaryimage"},"thumbnailUrl":"https:\/\/www.deepseareporter.com\/wp-content\/uploads\/2024\/04\/blackfisken-forlorar-syn-nar-havet-blir-varmare-.jpg","datePublished":"2024-04-12T09:35:39+00:00","dateModified":"2025-02-26T14:08:57+00:00","description":"N\u00e4r vi pratar klimatf\u00f6r\u00e4ndringar, handlar det oftast om uppv\u00e4rmning i atmosf\u00e4ren och \u00e4ndrade v\u00e4dersystem, men haven drabbas ocks\u00e5 och kanske \u00e4n v\u00e4rre.","breadcrumb":{"@id":"https:\/\/www.deepseareporter.com\/sv\/blackfiskarna-forlorar-syn-nar-havet-blir-varmare\/#breadcrumb"},"inLanguage":"sv-SE","potentialAction":[{"@type":"ReadAction","target":["https:\/\/www.deepseareporter.com\/sv\/blackfiskarna-forlorar-syn-nar-havet-blir-varmare\/"]}]},{"@type":"ImageObject","inLanguage":"sv-SE","@id":"https:\/\/www.deepseareporter.com\/sv\/blackfiskarna-forlorar-syn-nar-havet-blir-varmare\/#primaryimage","url":"https:\/\/www.deepseareporter.com\/wp-content\/uploads\/2024\/04\/blackfisken-forlorar-syn-nar-havet-blir-varmare-.jpg","contentUrl":"https:\/\/www.deepseareporter.com\/wp-content\/uploads\/2024\/04\/blackfisken-forlorar-syn-nar-havet-blir-varmare-.jpg","width":2000,"height":1500},{"@type":"BreadcrumbList","@id":"https:\/\/www.deepseareporter.com\/sv\/blackfiskarna-forlorar-syn-nar-havet-blir-varmare\/#breadcrumb","itemListElement":[{"@type":"ListItem","position":1,"name":"Hem","item":"https:\/\/www.deepseareporter.com\/sv\/"},{"@type":"ListItem","position":2,"name":"Bl\u00e4ckfiskarna f\u00f6rlorar syn &#8211; n\u00e4r havet blir varmare"}]},{"@type":"WebSite","@id":"https:\/\/www.deepseareporter.com\/#website","url":"https:\/\/www.deepseareporter.com\/","name":"Deep Sea Reporter","description":"Ett digitalt magasin om havet","publisher":{"@id":"https:\/\/www.deepseareporter.com\/#organization"},"potentialAction":[{"@type":"SearchAction","target":{"@type":"EntryPoint","urlTemplate":"https:\/\/www.deepseareporter.com\/?s={search_term_string}"},"query-input":{"@type":"PropertyValueSpecification","valueRequired":true,"valueName":"search_term_string"}}],"inLanguage":"sv-SE"},{"@type":"Organization","@id":"https:\/\/www.deepseareporter.com\/#organization","name":"Deep Sea Reporter","url":"https:\/\/www.deepseareporter.com\/","logo":{"@type":"ImageObject","inLanguage":"sv-SE","@id":"https:\/\/www.deepseareporter.com\/#\/schema\/logo\/image\/","url":"https:\/\/www.deepseareporter.com\/wp-content\/uploads\/2024\/10\/dsr-bla-ny-logga.svg","contentUrl":"https:\/\/www.deepseareporter.com\/wp-content\/uploads\/2024\/10\/dsr-bla-ny-logga.svg","width":834,"height":504,"caption":"Deep Sea Reporter"},"image":{"@id":"https:\/\/www.deepseareporter.com\/#\/schema\/logo\/image\/"}},{"@type":"Person","@id":"https:\/\/www.deepseareporter.com\/#\/schema\/person\/8440c67b5dda5c5ae6c70162fedbd434","name":"Lena Scherman"}]}},"_links":{"self":[{"href":"https:\/\/www.deepseareporter.com\/sv\/wp-json\/wp\/v2\/posts\/34846","targetHints":{"allow":["GET"]}}],"collection":[{"href":"https:\/\/www.deepseareporter.com\/sv\/wp-json\/wp\/v2\/posts"}],"about":[{"href":"https:\/\/www.deepseareporter.com\/sv\/wp-json\/wp\/v2\/types\/post"}],"author":[{"embeddable":true,"href":"https:\/\/www.deepseareporter.com\/sv\/wp-json\/wp\/v2\/users\/4"}],"replies":[{"embeddable":true,"href":"https:\/\/www.deepseareporter.com\/sv\/wp-json\/wp\/v2\/comments?post=34846"}],"version-history":[{"count":1,"href":"https:\/\/www.deepseareporter.com\/sv\/wp-json\/wp\/v2\/posts\/34846\/revisions"}],"predecessor-version":[{"id":38833,"href":"https:\/\/www.deepseareporter.com\/sv\/wp-json\/wp\/v2\/posts\/34846\/revisions\/38833"}],"wp:featuredmedia":[{"embeddable":true,"href":"https:\/\/www.deepseareporter.com\/sv\/wp-json\/wp\/v2\/media\/34847"}],"wp:attachment":[{"href":"https:\/\/www.deepseareporter.com\/sv\/wp-json\/wp\/v2\/media?parent=34846"}],"wp:term":[{"taxonomy":"category","embeddable":true,"href":"https:\/\/www.deepseareporter.com\/sv\/wp-json\/wp\/v2\/categories?post=34846"},{"taxonomy":"post_tag","embeddable":true,"href":"https:\/\/www.deepseareporter.com\/sv\/wp-json\/wp\/v2\/tags?post=34846"}],"curies":[{"name":"wp","href":"https:\/\/api.w.org\/{rel}","templated":true}]}}