{"id":29178,"date":"2023-10-24T14:07:00","date_gmt":"2023-10-24T12:07:00","guid":{"rendered":"https:\/\/www.deepseareporter.com\/?p=29178"},"modified":"2023-10-24T14:08:02","modified_gmt":"2023-10-24T12:08:02","slug":"inget-fiskestopp-i-ostersjon","status":"publish","type":"post","link":"https:\/\/www.deepseareporter.com\/sv\/inget-fiskestopp-i-ostersjon\/","title":{"rendered":"Inget fiskestopp i \u00d6stersj\u00f6n"},"content":{"rendered":"\n<p><strong>Det riktade fisket p\u00e5 sill och str\u00f6mming kan forts\u00e4tta \u00e4ven under 2024.<\/strong><\/p>\n\n\n\n<p><strong>EU-l\u00e4nderna har enats om betydligt st\u00f6rre f\u00e5ngstkvoter \u00e4n vad EU-kommissionen velat se.<\/strong><\/p>\n\n\n\n<figure class=\"wp-block-image size-large\"><img loading=\"lazy\" decoding=\"async\" width=\"1280\" height=\"908\" src=\"https:\/\/www.deepseareporter.com\/wp-content\/uploads\/2023\/10\/231024-ostersjfiskeuv-c0a28b20-a001nh-1280x908.jpg\" alt=\"\" class=\"wp-image-29176\" srcset=\"https:\/\/www.deepseareporter.com\/wp-content\/uploads\/2023\/10\/231024-ostersjfiskeuv-c0a28b20-a001nh-1280x908.jpg 1280w, https:\/\/www.deepseareporter.com\/wp-content\/uploads\/2023\/10\/231024-ostersjfiskeuv-c0a28b20-a001nh-720x511.jpg 720w, https:\/\/www.deepseareporter.com\/wp-content\/uploads\/2023\/10\/231024-ostersjfiskeuv-c0a28b20-a001nh-768x545.jpg 768w, https:\/\/www.deepseareporter.com\/wp-content\/uploads\/2023\/10\/231024-ostersjfiskeuv-c0a28b20-a001nh-1536x1090.jpg 1536w, https:\/\/www.deepseareporter.com\/wp-content\/uploads\/2023\/10\/231024-ostersjfiskeuv-c0a28b20-a001nh-2048x1453.jpg 2048w\" sizes=\"auto, (max-width: 1280px) 100vw, 1280px\" \/><figcaption class=\"wp-element-caption\">Nyf\u00e5ngad f\u00e4rsk str\u00f6mming. Foto: Hasse Holmberg\/TT Arkivbild.<\/figcaption><\/figure>\n\n\n\n<p>Efter nattliga f\u00f6rhandlingar i Luxemburg kunde medlemsl\u00e4ndernas fiskeministrar ge klartecken p\u00e5 tisdagsf\u00f6rmiddagen f\u00f6r en uppg\u00f6relse som inneb\u00e4r minskat fiske j\u00e4mf\u00f6rt med 2023 \u2013 men inte alls i den omfattning som EU-ledningen f\u00f6reslagit.<\/p>\n\n\n\n<p>-Som vanligt i kompromisser s\u00e5 \u00e4r ju ingen till hundra procent n\u00f6jd, men f\u00f6r svenskt vidkommande f\u00e5r jag medge att vi \u00e4r n\u00e4ra den svenska st\u00e5ndpunkten. Vi ska ha l\u00e5gt satta fiskem\u00f6jligheter, men m\u00f6jligg\u00f6ra f\u00f6r det sm\u00e5skaliga fisket som \u00e4r f\u00f6r humankonsumtion. Och det har vi lyckats med, s\u00e4ger landsbygdsminister Peter Kullgren (KD) till TT och SR Ekot.<\/p>\n\n\n\n<h2 class=\"wp-block-heading\">Kvoterna kvar<\/h2>\n\n\n\n<p>F\u00f6r sill och str\u00f6mming ville EU-kommissionen ta bort allt riktat fiske under n\u00e4sta \u00e5r och endast till\u00e5ta att fisken tas upp som bif\u00e5ngst, vid annat fiske.<\/p>\n\n\n\n<p>Nu blir dock kvoterna kvar \u2013 om \u00e4n mindre \u00e4n i \u00e5r.<\/p>\n\n\n\n<p>F\u00f6r Bottenviken och Bottenhavet inneb\u00e4r det exempelvis en kvot p\u00e5 55&nbsp;000 ton 2024, j\u00e4mf\u00f6rt med 80&nbsp;000 i \u00e5r. I centrala \u00d6stersj\u00f6n landar kvoten p\u00e5 40&nbsp;368 ton, j\u00e4mf\u00f6rt med drygt 70&nbsp;000 ton 2023.<\/p>\n\n\n\n<p>-Vi h\u00e5ller oss inom de vetenskapliga r\u00e5dgivningarna som ICES (Internationella havsforskningsr\u00e5det) ger oss. Det har varit utg\u00e5ngspunkten, s\u00e4ger Kullgren.<\/p>\n\n\n\n<figure class=\"wp-block-image size-large\"><img loading=\"lazy\" decoding=\"async\" width=\"1280\" height=\"960\" src=\"https:\/\/www.deepseareporter.com\/wp-content\/uploads\/2023\/10\/231024-ostersjfiskeuv-c0a28b20-a002nh-1280x960.jpg\" alt=\"\" class=\"wp-image-29174\" srcset=\"https:\/\/www.deepseareporter.com\/wp-content\/uploads\/2023\/10\/231024-ostersjfiskeuv-c0a28b20-a002nh-1280x960.jpg 1280w, https:\/\/www.deepseareporter.com\/wp-content\/uploads\/2023\/10\/231024-ostersjfiskeuv-c0a28b20-a002nh-720x540.jpg 720w, https:\/\/www.deepseareporter.com\/wp-content\/uploads\/2023\/10\/231024-ostersjfiskeuv-c0a28b20-a002nh-768x576.jpg 768w, https:\/\/www.deepseareporter.com\/wp-content\/uploads\/2023\/10\/231024-ostersjfiskeuv-c0a28b20-a002nh-1536x1152.jpg 1536w, https:\/\/www.deepseareporter.com\/wp-content\/uploads\/2023\/10\/231024-ostersjfiskeuv-c0a28b20-a002nh-2048x1536.jpg 2048w\" sizes=\"auto, (max-width: 1280px) 100vw, 1280px\" \/><figcaption class=\"wp-element-caption\">Landsbygdsminister Peter Kullgren vid fiskeministerm\u00f6tet i Luxemburg. Foto: Wiktor Nummelin\/TT<\/figcaption><\/figure>\n\n\n\n<h2 class=\"wp-block-heading\">Tr\u00e5lf\u00f6rbud<\/h2>\n\n\n\n<p>Sverige och Finland tryckte h\u00e5rt p\u00e5 f\u00f6r att f\u00e5 till riktade sill- och str\u00f6mmingskvoter, men fick \u00e5 andra sidan ge med sig n\u00e4r det g\u00e4ller fortsatt stopp f\u00f6r laxfisket i \u00d6stersj\u00f6n, bortsett fr\u00e5n Bottenviken. \u00c5 andra sidan inf\u00f6rs ett tr\u00e5lfiskef\u00f6rbud under den tid som sillen leker \u2013 en \u00e5tg\u00e4rd som \u00e4r till f\u00f6r att minska m\u00e4ngden sill och str\u00f6mming som dras upp i fisket efter skarpsill, som ofta g\u00e5r till djurfoder.<\/p>\n\n\n\n<p>TT: Vem \u00e4r n\u00f6jdast i dag?<\/p>\n\n\n\n<p>-Alla som har kompromissat vet ju att det finns alltid n\u00e5got som skaver. Men det \u00e4r s\u00e5 h\u00e4r man s\u00e4tter fiskekvoter i Europa. Skulle varje land g\u00f6ra det h\u00e4r sj\u00e4lv skulle vi inte ha en bra situation f\u00f6r v\u00e5ra fiskebest\u00e5nd, s\u00e4ger landsbygdsministern i Luxemburg.<\/p>\n","protected":false},"excerpt":{"rendered":"<p>Det riktade fisket p\u00e5 sill och str\u00f6mming kan forts\u00e4tta \u00e4ven under 2024.<br \/>\nEU-l\u00e4nderna har enats om betydligt st\u00f6rre f\u00e5ngstkvoter \u00e4n vad EU-kommissionen velat se.<\/p>\n","protected":false},"author":4,"featured_media":29176,"comment_status":"closed","ping_status":"closed","sticky":false,"template":"","format":"standard","meta":{"_acf_changed":false,"footnotes":""},"categories":[235],"tags":[1093,570,726,587],"class_list":["post-29178","post","type-post","status-publish","format-standard","has-post-thumbnail","hentry","category-fiske","tag-fiskekvoter","tag-ostersjon","tag-sill","tag-stromming"],"acf":[],"yoast_head":"<!-- This site is optimized with the Yoast SEO Premium plugin v27.0 (Yoast SEO v27.0) - https:\/\/yoast.com\/product\/yoast-seo-premium-wordpress\/ -->\n<title>Inget fiskestopp i \u00d6stersj\u00f6n - Deep Sea Reporter<\/title>\n<meta name=\"description\" content=\"Det riktade fisket p\u00e5 sill och str\u00f6mming kan forts\u00e4tta \u00e4ven under 2024.EU-l\u00e4nderna har enats om betydligt st\u00f6rre f\u00e5ngstkvoter \u00e4n vad EU-kommissionen velat se.\" \/>\n<meta name=\"robots\" content=\"index, follow, max-snippet:-1, max-image-preview:large, max-video-preview:-1\" \/>\n<link rel=\"canonical\" href=\"https:\/\/www.deepseareporter.com\/sv\/inget-fiskestopp-i-ostersjon\/\" \/>\n<meta property=\"og:locale\" content=\"sv_SE\" \/>\n<meta property=\"og:type\" content=\"article\" \/>\n<meta property=\"og:title\" content=\"Inget fiskestopp i \u00d6stersj\u00f6n - Deep Sea Reporter\" \/>\n<meta property=\"og:description\" content=\"Det riktade fisket p\u00e5 sill och str\u00f6mming kan forts\u00e4tta \u00e4ven under 2024.EU-l\u00e4nderna har enats om betydligt st\u00f6rre f\u00e5ngstkvoter \u00e4n vad EU-kommissionen velat se.\" \/>\n<meta property=\"og:url\" content=\"https:\/\/www.deepseareporter.com\/sv\/inget-fiskestopp-i-ostersjon\/\" \/>\n<meta property=\"og:site_name\" content=\"Deep Sea Reporter\" \/>\n<meta property=\"article:published_time\" content=\"2023-10-24T12:07:00+00:00\" \/>\n<meta property=\"article:modified_time\" content=\"2023-10-24T12:08:02+00:00\" \/>\n<meta property=\"og:image\" content=\"https:\/\/www.deepseareporter.com\/wp-content\/uploads\/2023\/10\/231024-ostersjfiskeuv-c0a28b20-a001nh-scaled.jpg\" \/>\n\t<meta property=\"og:image:width\" content=\"2560\" \/>\n\t<meta property=\"og:image:height\" content=\"1817\" \/>\n\t<meta property=\"og:image:type\" content=\"image\/jpeg\" \/>\n<meta name=\"author\" content=\"Lena Scherman\" \/>\n<meta name=\"twitter:card\" content=\"summary_large_image\" \/>\n<meta name=\"twitter:label1\" content=\"Skriven av\" \/>\n\t<meta name=\"twitter:data1\" content=\"Lena Scherman\" \/>\n\t<meta name=\"twitter:label2\" content=\"Ber\u00e4knad l\u00e4stid\" \/>\n\t<meta name=\"twitter:data2\" content=\"3 minuter\" \/>\n<script type=\"application\/ld+json\" class=\"yoast-schema-graph\">{\"@context\":\"https:\/\/schema.org\",\"@graph\":[{\"@type\":\"Article\",\"@id\":\"https:\/\/www.deepseareporter.com\/sv\/inget-fiskestopp-i-ostersjon\/#article\",\"isPartOf\":{\"@id\":\"https:\/\/www.deepseareporter.com\/sv\/inget-fiskestopp-i-ostersjon\/\"},\"author\":{\"name\":\"Lena Scherman\",\"@id\":\"https:\/\/www.deepseareporter.com\/#\/schema\/person\/8440c67b5dda5c5ae6c70162fedbd434\"},\"headline\":\"Inget fiskestopp i \u00d6stersj\u00f6n\",\"datePublished\":\"2023-10-24T12:07:00+00:00\",\"dateModified\":\"2023-10-24T12:08:02+00:00\",\"mainEntityOfPage\":{\"@id\":\"https:\/\/www.deepseareporter.com\/sv\/inget-fiskestopp-i-ostersjon\/\"},\"wordCount\":419,\"publisher\":{\"@id\":\"https:\/\/www.deepseareporter.com\/#organization\"},\"image\":{\"@id\":\"https:\/\/www.deepseareporter.com\/sv\/inget-fiskestopp-i-ostersjon\/#primaryimage\"},\"thumbnailUrl\":\"https:\/\/www.deepseareporter.com\/wp-content\/uploads\/2023\/10\/231024-ostersjfiskeuv-c0a28b20-a001nh-scaled.jpg\",\"keywords\":[\"Fiskekvoter\",\"\u00d6stersj\u00f6n\",\"Sill\",\"Str\u00f6mming\"],\"articleSection\":[\"Fiske\"],\"inLanguage\":\"sv-SE\"},{\"@type\":\"WebPage\",\"@id\":\"https:\/\/www.deepseareporter.com\/sv\/inget-fiskestopp-i-ostersjon\/\",\"url\":\"https:\/\/www.deepseareporter.com\/sv\/inget-fiskestopp-i-ostersjon\/\",\"name\":\"Inget fiskestopp i \u00d6stersj\u00f6n - Deep Sea Reporter\",\"isPartOf\":{\"@id\":\"https:\/\/www.deepseareporter.com\/#website\"},\"primaryImageOfPage\":{\"@id\":\"https:\/\/www.deepseareporter.com\/sv\/inget-fiskestopp-i-ostersjon\/#primaryimage\"},\"image\":{\"@id\":\"https:\/\/www.deepseareporter.com\/sv\/inget-fiskestopp-i-ostersjon\/#primaryimage\"},\"thumbnailUrl\":\"https:\/\/www.deepseareporter.com\/wp-content\/uploads\/2023\/10\/231024-ostersjfiskeuv-c0a28b20-a001nh-scaled.jpg\",\"datePublished\":\"2023-10-24T12:07:00+00:00\",\"dateModified\":\"2023-10-24T12:08:02+00:00\",\"description\":\"Det riktade fisket p\u00e5 sill och str\u00f6mming kan forts\u00e4tta \u00e4ven under 2024.EU-l\u00e4nderna har enats om betydligt st\u00f6rre f\u00e5ngstkvoter \u00e4n vad EU-kommissionen velat se.\",\"breadcrumb\":{\"@id\":\"https:\/\/www.deepseareporter.com\/sv\/inget-fiskestopp-i-ostersjon\/#breadcrumb\"},\"inLanguage\":\"sv-SE\",\"potentialAction\":[{\"@type\":\"ReadAction\",\"target\":[\"https:\/\/www.deepseareporter.com\/sv\/inget-fiskestopp-i-ostersjon\/\"]}]},{\"@type\":\"ImageObject\",\"inLanguage\":\"sv-SE\",\"@id\":\"https:\/\/www.deepseareporter.com\/sv\/inget-fiskestopp-i-ostersjon\/#primaryimage\",\"url\":\"https:\/\/www.deepseareporter.com\/wp-content\/uploads\/2023\/10\/231024-ostersjfiskeuv-c0a28b20-a001nh-scaled.jpg\",\"contentUrl\":\"https:\/\/www.deepseareporter.com\/wp-content\/uploads\/2023\/10\/231024-ostersjfiskeuv-c0a28b20-a001nh-scaled.jpg\",\"width\":2560,\"height\":1817,\"caption\":\"STOCKHOLM 2015-11-05 Nyf\u00e5ngad f\u00e4rsk str\u00f6mming. Foto Hasse Holmberg \/ TT Kod 96\"},{\"@type\":\"BreadcrumbList\",\"@id\":\"https:\/\/www.deepseareporter.com\/sv\/inget-fiskestopp-i-ostersjon\/#breadcrumb\",\"itemListElement\":[{\"@type\":\"ListItem\",\"position\":1,\"name\":\"Hem\",\"item\":\"https:\/\/www.deepseareporter.com\/sv\/\"},{\"@type\":\"ListItem\",\"position\":2,\"name\":\"Inget fiskestopp i \u00d6stersj\u00f6n\"}]},{\"@type\":\"WebSite\",\"@id\":\"https:\/\/www.deepseareporter.com\/#website\",\"url\":\"https:\/\/www.deepseareporter.com\/\",\"name\":\"Deep Sea Reporter\",\"description\":\"Ett digitalt magasin om havet\",\"publisher\":{\"@id\":\"https:\/\/www.deepseareporter.com\/#organization\"},\"potentialAction\":[{\"@type\":\"SearchAction\",\"target\":{\"@type\":\"EntryPoint\",\"urlTemplate\":\"https:\/\/www.deepseareporter.com\/?s={search_term_string}\"},\"query-input\":{\"@type\":\"PropertyValueSpecification\",\"valueRequired\":true,\"valueName\":\"search_term_string\"}}],\"inLanguage\":\"sv-SE\"},{\"@type\":\"Organization\",\"@id\":\"https:\/\/www.deepseareporter.com\/#organization\",\"name\":\"Deep Sea Reporter\",\"url\":\"https:\/\/www.deepseareporter.com\/\",\"logo\":{\"@type\":\"ImageObject\",\"inLanguage\":\"sv-SE\",\"@id\":\"https:\/\/www.deepseareporter.com\/#\/schema\/logo\/image\/\",\"url\":\"https:\/\/www.deepseareporter.com\/wp-content\/uploads\/2024\/10\/dsr-bla-ny-logga.svg\",\"contentUrl\":\"https:\/\/www.deepseareporter.com\/wp-content\/uploads\/2024\/10\/dsr-bla-ny-logga.svg\",\"width\":834,\"height\":504,\"caption\":\"Deep Sea Reporter\"},\"image\":{\"@id\":\"https:\/\/www.deepseareporter.com\/#\/schema\/logo\/image\/\"}},{\"@type\":\"Person\",\"@id\":\"https:\/\/www.deepseareporter.com\/#\/schema\/person\/8440c67b5dda5c5ae6c70162fedbd434\",\"name\":\"Lena Scherman\"}]}<\/script>\n<!-- \/ Yoast SEO Premium plugin. -->","yoast_head_json":{"title":"Inget fiskestopp i \u00d6stersj\u00f6n - Deep Sea Reporter","description":"Det riktade fisket p\u00e5 sill och str\u00f6mming kan forts\u00e4tta \u00e4ven under 2024.EU-l\u00e4nderna har enats om betydligt st\u00f6rre f\u00e5ngstkvoter \u00e4n vad EU-kommissionen velat se.","robots":{"index":"index","follow":"follow","max-snippet":"max-snippet:-1","max-image-preview":"max-image-preview:large","max-video-preview":"max-video-preview:-1"},"canonical":"https:\/\/www.deepseareporter.com\/sv\/inget-fiskestopp-i-ostersjon\/","og_locale":"sv_SE","og_type":"article","og_title":"Inget fiskestopp i \u00d6stersj\u00f6n - Deep Sea Reporter","og_description":"Det riktade fisket p\u00e5 sill och str\u00f6mming kan forts\u00e4tta \u00e4ven under 2024.EU-l\u00e4nderna har enats om betydligt st\u00f6rre f\u00e5ngstkvoter \u00e4n vad EU-kommissionen velat se.","og_url":"https:\/\/www.deepseareporter.com\/sv\/inget-fiskestopp-i-ostersjon\/","og_site_name":"Deep Sea Reporter","article_published_time":"2023-10-24T12:07:00+00:00","article_modified_time":"2023-10-24T12:08:02+00:00","og_image":[{"width":2560,"height":1817,"url":"https:\/\/www.deepseareporter.com\/wp-content\/uploads\/2023\/10\/231024-ostersjfiskeuv-c0a28b20-a001nh-scaled.jpg","type":"image\/jpeg"}],"author":"Lena Scherman","twitter_card":"summary_large_image","twitter_misc":{"Skriven av":"Lena Scherman","Ber\u00e4knad l\u00e4stid":"3 minuter"},"schema":{"@context":"https:\/\/schema.org","@graph":[{"@type":"Article","@id":"https:\/\/www.deepseareporter.com\/sv\/inget-fiskestopp-i-ostersjon\/#article","isPartOf":{"@id":"https:\/\/www.deepseareporter.com\/sv\/inget-fiskestopp-i-ostersjon\/"},"author":{"name":"Lena Scherman","@id":"https:\/\/www.deepseareporter.com\/#\/schema\/person\/8440c67b5dda5c5ae6c70162fedbd434"},"headline":"Inget fiskestopp i \u00d6stersj\u00f6n","datePublished":"2023-10-24T12:07:00+00:00","dateModified":"2023-10-24T12:08:02+00:00","mainEntityOfPage":{"@id":"https:\/\/www.deepseareporter.com\/sv\/inget-fiskestopp-i-ostersjon\/"},"wordCount":419,"publisher":{"@id":"https:\/\/www.deepseareporter.com\/#organization"},"image":{"@id":"https:\/\/www.deepseareporter.com\/sv\/inget-fiskestopp-i-ostersjon\/#primaryimage"},"thumbnailUrl":"https:\/\/www.deepseareporter.com\/wp-content\/uploads\/2023\/10\/231024-ostersjfiskeuv-c0a28b20-a001nh-scaled.jpg","keywords":["Fiskekvoter","\u00d6stersj\u00f6n","Sill","Str\u00f6mming"],"articleSection":["Fiske"],"inLanguage":"sv-SE"},{"@type":"WebPage","@id":"https:\/\/www.deepseareporter.com\/sv\/inget-fiskestopp-i-ostersjon\/","url":"https:\/\/www.deepseareporter.com\/sv\/inget-fiskestopp-i-ostersjon\/","name":"Inget fiskestopp i \u00d6stersj\u00f6n - Deep Sea Reporter","isPartOf":{"@id":"https:\/\/www.deepseareporter.com\/#website"},"primaryImageOfPage":{"@id":"https:\/\/www.deepseareporter.com\/sv\/inget-fiskestopp-i-ostersjon\/#primaryimage"},"image":{"@id":"https:\/\/www.deepseareporter.com\/sv\/inget-fiskestopp-i-ostersjon\/#primaryimage"},"thumbnailUrl":"https:\/\/www.deepseareporter.com\/wp-content\/uploads\/2023\/10\/231024-ostersjfiskeuv-c0a28b20-a001nh-scaled.jpg","datePublished":"2023-10-24T12:07:00+00:00","dateModified":"2023-10-24T12:08:02+00:00","description":"Det riktade fisket p\u00e5 sill och str\u00f6mming kan forts\u00e4tta \u00e4ven under 2024.EU-l\u00e4nderna har enats om betydligt st\u00f6rre f\u00e5ngstkvoter \u00e4n vad EU-kommissionen velat se.","breadcrumb":{"@id":"https:\/\/www.deepseareporter.com\/sv\/inget-fiskestopp-i-ostersjon\/#breadcrumb"},"inLanguage":"sv-SE","potentialAction":[{"@type":"ReadAction","target":["https:\/\/www.deepseareporter.com\/sv\/inget-fiskestopp-i-ostersjon\/"]}]},{"@type":"ImageObject","inLanguage":"sv-SE","@id":"https:\/\/www.deepseareporter.com\/sv\/inget-fiskestopp-i-ostersjon\/#primaryimage","url":"https:\/\/www.deepseareporter.com\/wp-content\/uploads\/2023\/10\/231024-ostersjfiskeuv-c0a28b20-a001nh-scaled.jpg","contentUrl":"https:\/\/www.deepseareporter.com\/wp-content\/uploads\/2023\/10\/231024-ostersjfiskeuv-c0a28b20-a001nh-scaled.jpg","width":2560,"height":1817,"caption":"STOCKHOLM 2015-11-05 Nyf\u00e5ngad f\u00e4rsk str\u00f6mming. Foto Hasse Holmberg \/ TT Kod 96"},{"@type":"BreadcrumbList","@id":"https:\/\/www.deepseareporter.com\/sv\/inget-fiskestopp-i-ostersjon\/#breadcrumb","itemListElement":[{"@type":"ListItem","position":1,"name":"Hem","item":"https:\/\/www.deepseareporter.com\/sv\/"},{"@type":"ListItem","position":2,"name":"Inget fiskestopp i \u00d6stersj\u00f6n"}]},{"@type":"WebSite","@id":"https:\/\/www.deepseareporter.com\/#website","url":"https:\/\/www.deepseareporter.com\/","name":"Deep Sea Reporter","description":"Ett digitalt magasin om havet","publisher":{"@id":"https:\/\/www.deepseareporter.com\/#organization"},"potentialAction":[{"@type":"SearchAction","target":{"@type":"EntryPoint","urlTemplate":"https:\/\/www.deepseareporter.com\/?s={search_term_string}"},"query-input":{"@type":"PropertyValueSpecification","valueRequired":true,"valueName":"search_term_string"}}],"inLanguage":"sv-SE"},{"@type":"Organization","@id":"https:\/\/www.deepseareporter.com\/#organization","name":"Deep Sea Reporter","url":"https:\/\/www.deepseareporter.com\/","logo":{"@type":"ImageObject","inLanguage":"sv-SE","@id":"https:\/\/www.deepseareporter.com\/#\/schema\/logo\/image\/","url":"https:\/\/www.deepseareporter.com\/wp-content\/uploads\/2024\/10\/dsr-bla-ny-logga.svg","contentUrl":"https:\/\/www.deepseareporter.com\/wp-content\/uploads\/2024\/10\/dsr-bla-ny-logga.svg","width":834,"height":504,"caption":"Deep Sea Reporter"},"image":{"@id":"https:\/\/www.deepseareporter.com\/#\/schema\/logo\/image\/"}},{"@type":"Person","@id":"https:\/\/www.deepseareporter.com\/#\/schema\/person\/8440c67b5dda5c5ae6c70162fedbd434","name":"Lena Scherman"}]}},"_links":{"self":[{"href":"https:\/\/www.deepseareporter.com\/sv\/wp-json\/wp\/v2\/posts\/29178","targetHints":{"allow":["GET"]}}],"collection":[{"href":"https:\/\/www.deepseareporter.com\/sv\/wp-json\/wp\/v2\/posts"}],"about":[{"href":"https:\/\/www.deepseareporter.com\/sv\/wp-json\/wp\/v2\/types\/post"}],"author":[{"embeddable":true,"href":"https:\/\/www.deepseareporter.com\/sv\/wp-json\/wp\/v2\/users\/4"}],"replies":[{"embeddable":true,"href":"https:\/\/www.deepseareporter.com\/sv\/wp-json\/wp\/v2\/comments?post=29178"}],"version-history":[{"count":0,"href":"https:\/\/www.deepseareporter.com\/sv\/wp-json\/wp\/v2\/posts\/29178\/revisions"}],"wp:featuredmedia":[{"embeddable":true,"href":"https:\/\/www.deepseareporter.com\/sv\/wp-json\/wp\/v2\/media\/29176"}],"wp:attachment":[{"href":"https:\/\/www.deepseareporter.com\/sv\/wp-json\/wp\/v2\/media?parent=29178"}],"wp:term":[{"taxonomy":"category","embeddable":true,"href":"https:\/\/www.deepseareporter.com\/sv\/wp-json\/wp\/v2\/categories?post=29178"},{"taxonomy":"post_tag","embeddable":true,"href":"https:\/\/www.deepseareporter.com\/sv\/wp-json\/wp\/v2\/tags?post=29178"}],"curies":[{"name":"wp","href":"https:\/\/api.w.org\/{rel}","templated":true}]}}