{"id":29052,"date":"2023-10-17T08:53:32","date_gmt":"2023-10-17T06:53:32","guid":{"rendered":"https:\/\/www.deepseareporter.com\/?p=29052"},"modified":"2023-10-24T11:16:29","modified_gmt":"2023-10-24T09:16:29","slug":"bottenlage-for-svenska-hav","status":"publish","type":"post","link":"https:\/\/www.deepseareporter.com\/sv\/bottenlage-for-svenska-hav\/","title":{"rendered":"Bottenl\u00e4ge f\u00f6r svenska hav"},"content":{"rendered":"\n<p><strong>Situationen f\u00f6r fiskar, f\u00e5glar och s\u00e4lar i de svenska haven \u00e4r fortsatt kritisk.<\/strong><\/p>\n\n\n\n<p><strong>Vi fiskar f\u00f6r mycket och sl\u00e4pper ut f\u00f6r mycket skadliga \u00e4mnen, s\u00e4ger Mats Svensson p\u00e5 Havs- och vattenmyndigheten.<\/strong><\/p>\n\n\n\n<figure class=\"wp-block-image size-large is-resized\"><img loading=\"lazy\" decoding=\"async\" width=\"1280\" height=\"765\" src=\"https:\/\/www.deepseareporter.com\/wp-content\/uploads\/2023\/10\/231016-havskris-0f04f513-a001nh-1-1280x765.jpg\" alt=\"\" class=\"wp-image-29057\" style=\"aspect-ratio:1.673202614379085;width:914px;height:auto\" srcset=\"https:\/\/www.deepseareporter.com\/wp-content\/uploads\/2023\/10\/231016-havskris-0f04f513-a001nh-1-1280x765.jpg 1280w, https:\/\/www.deepseareporter.com\/wp-content\/uploads\/2023\/10\/231016-havskris-0f04f513-a001nh-1-720x430.jpg 720w, https:\/\/www.deepseareporter.com\/wp-content\/uploads\/2023\/10\/231016-havskris-0f04f513-a001nh-1-768x459.jpg 768w, https:\/\/www.deepseareporter.com\/wp-content\/uploads\/2023\/10\/231016-havskris-0f04f513-a001nh-1-1536x918.jpg 1536w, https:\/\/www.deepseareporter.com\/wp-content\/uploads\/2023\/10\/231016-havskris-0f04f513-a001nh-1-2048x1223.jpg 2048w\" sizes=\"auto, (max-width: 1280px) 100vw, 1280px\" \/><figcaption class=\"wp-element-caption\">S\u00e4lar, tumlare, fiskar och havsf\u00e5glar \u00e4r exempel p\u00e5 de som inte har deet s\u00e5 bra idag enligt Hav- och vattenmyndigheten. Foto: Heribert Proepper\/AP\/TT Arkivbild<\/figcaption><\/figure>\n\n\n\n<p>De flesta marina d\u00e4ggdjur som s\u00e4lar och tumlare, sj\u00f6f\u00e5glar och marina fiskar ligger illa till. Belastningen p\u00e5 havsmilj\u00f6n \u00e4r sammantaget f\u00f6r stor, enligt Havs- och vattenmyndighetens (Hav) genomg\u00e5ng.<\/p>\n\n\n\n<p>Nytt f\u00f6r i \u00e5r \u00e4r att myndigheten ocks\u00e5 bed\u00f6mt hur undervattensbuller p\u00e5verkar livet i havet. B\u00e5de det kontinuerliga som kommer fr\u00e5n framf\u00f6r allt fartygstrafik och det kortvariga fr\u00e5n spr\u00e4ngningar p\u00e5verkar livet negativt.<\/p>\n\n\n\n<p>-Det g\u00e4ller inte minst tumlare som \u00e4r v\u00e4ldigt k\u00e4nsliga f\u00f6r ljud. D\u00e4r har vi sett att omr\u00e5den d\u00e4r antalet \u00f6kat nu minskat igen p\u00e5 grund av buller. De blir l\u00e4tt stressade och sticker. Men \u00e4ven torsk p\u00e5verkas negativt av undervattensljud, s\u00e4ger Mats Svensson, chef f\u00f6r myndighetens havsf\u00f6rvaltningsavdelning.<\/p>\n\n\n\n<p>Knappt h\u00e4lften av de bed\u00f6mda havsbass\u00e4ngerna n\u00e5r god milj\u00f6status f\u00f6r det impulsiva undervattensbullret. Bara de nordligaste havsbass\u00e4ngerna i \u00d6stersj\u00f6n n\u00e5r god milj\u00f6status f\u00f6r kontinuerligt buller.<\/p>\n\n\n\n<h2 class=\"wp-block-heading\">Ljusare f\u00f6r marulk<\/h2>\n\n\n\n<p>Men f\u00f6r nio ovanliga fiskpopulationer, exempelvis h\u00e4lleflundra och marulk, syns positiva trender i V\u00e4sterhavet.<\/p>\n\n\n\n<p>Det finns chans att dessa arter \u00e5terh\u00e4mtar sig i framtiden, f\u00f6rutsatt att nyttjandet minskar till h\u00e5llbara niv\u00e5er. Problemet \u00e4r att n\u00e4r vi f\u00e5r ett best\u00e5nd som m\u00e5r b\u00e4ttre s\u00e5 \u00f6kar vi ofta fisketrycket och d\u00e5 \u00e4r vi tillbaka igen. Det saknas ofta ett l\u00e5ngsiktigt t\u00e5lamod f\u00f6r att best\u00e5ndet ska \u00e5terh\u00e4mta sig.<\/p>\n\n\n\n<p>\u00c4ven om halterna av vissa farliga \u00e4mnen, till exempel flamskyddsmedel och DDT har minskat \u00f6ver en l\u00e4ngre tidsperiod s\u00e5 r\u00e4cker det inte.<\/p>\n\n\n\n<h2 class=\"wp-block-heading\">F\u00f6r varm f\u00f6r laxen<\/h2>\n\n\n\n<p>Dessutom p\u00e5verkar klimatf\u00f6r\u00e4ndringarna livet i havsmilj\u00f6n. Som exempel var det betydligt mindre lax som vandrade upp i svenska \u00e4lvar \u00e4n v\u00e4ntat.<\/p>\n\n\n\n<p>-Det beror troligen p\u00e5 att temperaturen i \u00d6stersj\u00f6n var fyra grader h\u00f6gre \u00e4n snittet under perioden n\u00e4r de skulle vandra upp, s\u00e4ger Mats Svensson.<\/p>\n\n\n\n<p>Det \u00e4r tredje g\u00e5ngen som Hav g\u00f6r en bed\u00f6mning av milj\u00f6tillst\u00e5ndet i svenska havsomr\u00e5den. Bed\u00f6mningen ing\u00e5r i arbetet med att genomf\u00f6ra EU:s havsmilj\u00f6direktiv i Sverige. Den 23 till 24 oktober tr\u00e4ffas EU:s fiskeministrar f\u00f6r att best\u00e4mma kvoterna f\u00f6r n\u00e4sta \u00e5rs fiske. Enligt ett f\u00f6rslag fr\u00e5n EU-kommissionen b\u00f6r allt riktat fiske efter str\u00f6mming i centrala \u00d6stersj\u00f6n och Bottniska viken stoppas n\u00e4sta \u00e5r. Tid\u00f6partierna har meddelat att de st\u00e4ller sig kritiska till f\u00f6rslaget.<\/p>\n","protected":false},"excerpt":{"rendered":"<p>Situationen f\u00f6r fiskar, f\u00e5glar och s\u00e4lar i de svenska haven \u00e4r fortsatt kritisk.<br \/>\nVi fiskar f\u00f6r mycket och sl\u00e4pper ut f\u00f6r mycket skadliga \u00e4mnen, s\u00e4ger Mats Svensson p\u00e5 Havs- och vattenmyndigheten.<\/p>\n","protected":false},"author":4,"featured_media":29055,"comment_status":"closed","ping_status":"closed","sticky":false,"template":"","format":"standard","meta":{"_acf_changed":false,"footnotes":""},"categories":[244],"tags":[793,1510,622,1394],"class_list":["post-29052","post","type-post","status-publish","format-standard","has-post-thumbnail","hentry","category-klimat-och-miljo","tag-hav","tag-undervattensbuller","tag-utfiskning","tag-varmare-hav"],"acf":[],"yoast_head":"<!-- This site is optimized with the Yoast SEO Premium plugin v27.0 (Yoast SEO v27.0) - https:\/\/yoast.com\/product\/yoast-seo-premium-wordpress\/ -->\n<title>Bottenl\u00e4ge f\u00f6r svenska hav - Deep Sea Reporter<\/title>\n<meta name=\"description\" content=\"Situationen f\u00f6r fiskar, f\u00e5glar och s\u00e4lar i de svenska haven \u00e4r fortsatt kritisk.Vi fiskar f\u00f6r mycket och sl\u00e4pper ut f\u00f6r mycket skadliga \u00e4mnen, s\u00e4ger Mats Svensson p\u00e5 Havs- och vattenmyndigheten.\" \/>\n<meta name=\"robots\" content=\"index, follow, max-snippet:-1, max-image-preview:large, max-video-preview:-1\" \/>\n<link rel=\"canonical\" href=\"https:\/\/www.deepseareporter.com\/sv\/bottenlage-for-svenska-hav\/\" \/>\n<meta property=\"og:locale\" content=\"sv_SE\" \/>\n<meta property=\"og:type\" content=\"article\" \/>\n<meta property=\"og:title\" content=\"Bottenl\u00e4ge f\u00f6r svenska hav - Deep Sea Reporter\" \/>\n<meta property=\"og:description\" content=\"Situationen f\u00f6r fiskar, f\u00e5glar och s\u00e4lar i de svenska haven \u00e4r fortsatt kritisk.Vi fiskar f\u00f6r mycket och sl\u00e4pper ut f\u00f6r mycket skadliga \u00e4mnen, s\u00e4ger Mats Svensson p\u00e5 Havs- och vattenmyndigheten.\" \/>\n<meta property=\"og:url\" content=\"https:\/\/www.deepseareporter.com\/sv\/bottenlage-for-svenska-hav\/\" \/>\n<meta property=\"og:site_name\" content=\"Deep Sea Reporter\" \/>\n<meta property=\"article:published_time\" content=\"2023-10-17T06:53:32+00:00\" \/>\n<meta property=\"article:modified_time\" content=\"2023-10-24T09:16:29+00:00\" \/>\n<meta property=\"og:image\" content=\"https:\/\/www.deepseareporter.com\/wp-content\/uploads\/2023\/10\/231016-havskris-0f04f513-a001nh-scaled.jpg\" \/>\n\t<meta property=\"og:image:width\" content=\"2560\" \/>\n\t<meta property=\"og:image:height\" content=\"1529\" \/>\n\t<meta property=\"og:image:type\" content=\"image\/jpeg\" \/>\n<meta name=\"author\" content=\"Lena Scherman\" \/>\n<meta name=\"twitter:card\" content=\"summary_large_image\" \/>\n<meta name=\"twitter:label1\" content=\"Skriven av\" \/>\n\t<meta name=\"twitter:data1\" content=\"Lena Scherman\" \/>\n\t<meta name=\"twitter:label2\" content=\"Ber\u00e4knad l\u00e4stid\" \/>\n\t<meta name=\"twitter:data2\" content=\"3 minuter\" \/>\n<script type=\"application\/ld+json\" class=\"yoast-schema-graph\">{\"@context\":\"https:\/\/schema.org\",\"@graph\":[{\"@type\":\"Article\",\"@id\":\"https:\/\/www.deepseareporter.com\/sv\/bottenlage-for-svenska-hav\/#article\",\"isPartOf\":{\"@id\":\"https:\/\/www.deepseareporter.com\/sv\/bottenlage-for-svenska-hav\/\"},\"author\":{\"name\":\"Lena Scherman\",\"@id\":\"https:\/\/www.deepseareporter.com\/#\/schema\/person\/8440c67b5dda5c5ae6c70162fedbd434\"},\"headline\":\"Bottenl\u00e4ge f\u00f6r svenska hav\",\"datePublished\":\"2023-10-17T06:53:32+00:00\",\"dateModified\":\"2023-10-24T09:16:29+00:00\",\"mainEntityOfPage\":{\"@id\":\"https:\/\/www.deepseareporter.com\/sv\/bottenlage-for-svenska-hav\/\"},\"wordCount\":508,\"publisher\":{\"@id\":\"https:\/\/www.deepseareporter.com\/#organization\"},\"image\":{\"@id\":\"https:\/\/www.deepseareporter.com\/sv\/bottenlage-for-svenska-hav\/#primaryimage\"},\"thumbnailUrl\":\"https:\/\/www.deepseareporter.com\/wp-content\/uploads\/2023\/10\/231016-havskris-0f04f513-a001nh-scaled.jpg\",\"keywords\":[\"Hav\",\"undervattensbuller\",\"Utfiskning\",\"varmare hav\"],\"articleSection\":[\"Klimat och Milj\u00f6\"],\"inLanguage\":\"sv-SE\"},{\"@type\":\"WebPage\",\"@id\":\"https:\/\/www.deepseareporter.com\/sv\/bottenlage-for-svenska-hav\/\",\"url\":\"https:\/\/www.deepseareporter.com\/sv\/bottenlage-for-svenska-hav\/\",\"name\":\"Bottenl\u00e4ge f\u00f6r svenska hav - Deep Sea Reporter\",\"isPartOf\":{\"@id\":\"https:\/\/www.deepseareporter.com\/#website\"},\"primaryImageOfPage\":{\"@id\":\"https:\/\/www.deepseareporter.com\/sv\/bottenlage-for-svenska-hav\/#primaryimage\"},\"image\":{\"@id\":\"https:\/\/www.deepseareporter.com\/sv\/bottenlage-for-svenska-hav\/#primaryimage\"},\"thumbnailUrl\":\"https:\/\/www.deepseareporter.com\/wp-content\/uploads\/2023\/10\/231016-havskris-0f04f513-a001nh-scaled.jpg\",\"datePublished\":\"2023-10-17T06:53:32+00:00\",\"dateModified\":\"2023-10-24T09:16:29+00:00\",\"description\":\"Situationen f\u00f6r fiskar, f\u00e5glar och s\u00e4lar i de svenska haven \u00e4r fortsatt kritisk.Vi fiskar f\u00f6r mycket och sl\u00e4pper ut f\u00f6r mycket skadliga \u00e4mnen, s\u00e4ger Mats Svensson p\u00e5 Havs- och vattenmyndigheten.\",\"breadcrumb\":{\"@id\":\"https:\/\/www.deepseareporter.com\/sv\/bottenlage-for-svenska-hav\/#breadcrumb\"},\"inLanguage\":\"sv-SE\",\"potentialAction\":[{\"@type\":\"ReadAction\",\"target\":[\"https:\/\/www.deepseareporter.com\/sv\/bottenlage-for-svenska-hav\/\"]}]},{\"@type\":\"ImageObject\",\"inLanguage\":\"sv-SE\",\"@id\":\"https:\/\/www.deepseareporter.com\/sv\/bottenlage-for-svenska-hav\/#primaryimage\",\"url\":\"https:\/\/www.deepseareporter.com\/wp-content\/uploads\/2023\/10\/231016-havskris-0f04f513-a001nh-scaled.jpg\",\"contentUrl\":\"https:\/\/www.deepseareporter.com\/wp-content\/uploads\/2023\/10\/231016-havskris-0f04f513-a001nh-scaled.jpg\",\"width\":2560,\"height\":1529,\"caption\":\"Seal pups (Phoca vitulina) enjoy the water in the pool at the common seal station in Friedrichskoog near to the North Sea, northern Germany, on Wednesday, June 16, 2010. The seal pups left by their mother animals by any reason grow up here before being released to their natural habitat. (AP Photo\/Heribert Proepper)\"},{\"@type\":\"BreadcrumbList\",\"@id\":\"https:\/\/www.deepseareporter.com\/sv\/bottenlage-for-svenska-hav\/#breadcrumb\",\"itemListElement\":[{\"@type\":\"ListItem\",\"position\":1,\"name\":\"Hem\",\"item\":\"https:\/\/www.deepseareporter.com\/sv\/\"},{\"@type\":\"ListItem\",\"position\":2,\"name\":\"Bottenl\u00e4ge f\u00f6r svenska hav\"}]},{\"@type\":\"WebSite\",\"@id\":\"https:\/\/www.deepseareporter.com\/#website\",\"url\":\"https:\/\/www.deepseareporter.com\/\",\"name\":\"Deep Sea Reporter\",\"description\":\"Ett digitalt magasin om havet\",\"publisher\":{\"@id\":\"https:\/\/www.deepseareporter.com\/#organization\"},\"potentialAction\":[{\"@type\":\"SearchAction\",\"target\":{\"@type\":\"EntryPoint\",\"urlTemplate\":\"https:\/\/www.deepseareporter.com\/?s={search_term_string}\"},\"query-input\":{\"@type\":\"PropertyValueSpecification\",\"valueRequired\":true,\"valueName\":\"search_term_string\"}}],\"inLanguage\":\"sv-SE\"},{\"@type\":\"Organization\",\"@id\":\"https:\/\/www.deepseareporter.com\/#organization\",\"name\":\"Deep Sea Reporter\",\"url\":\"https:\/\/www.deepseareporter.com\/\",\"logo\":{\"@type\":\"ImageObject\",\"inLanguage\":\"sv-SE\",\"@id\":\"https:\/\/www.deepseareporter.com\/#\/schema\/logo\/image\/\",\"url\":\"https:\/\/www.deepseareporter.com\/wp-content\/uploads\/2024\/10\/dsr-bla-ny-logga.svg\",\"contentUrl\":\"https:\/\/www.deepseareporter.com\/wp-content\/uploads\/2024\/10\/dsr-bla-ny-logga.svg\",\"width\":834,\"height\":504,\"caption\":\"Deep Sea Reporter\"},\"image\":{\"@id\":\"https:\/\/www.deepseareporter.com\/#\/schema\/logo\/image\/\"}},{\"@type\":\"Person\",\"@id\":\"https:\/\/www.deepseareporter.com\/#\/schema\/person\/8440c67b5dda5c5ae6c70162fedbd434\",\"name\":\"Lena Scherman\"}]}<\/script>\n<!-- \/ Yoast SEO Premium plugin. -->","yoast_head_json":{"title":"Bottenl\u00e4ge f\u00f6r svenska hav - Deep Sea Reporter","description":"Situationen f\u00f6r fiskar, f\u00e5glar och s\u00e4lar i de svenska haven \u00e4r fortsatt kritisk.Vi fiskar f\u00f6r mycket och sl\u00e4pper ut f\u00f6r mycket skadliga \u00e4mnen, s\u00e4ger Mats Svensson p\u00e5 Havs- och vattenmyndigheten.","robots":{"index":"index","follow":"follow","max-snippet":"max-snippet:-1","max-image-preview":"max-image-preview:large","max-video-preview":"max-video-preview:-1"},"canonical":"https:\/\/www.deepseareporter.com\/sv\/bottenlage-for-svenska-hav\/","og_locale":"sv_SE","og_type":"article","og_title":"Bottenl\u00e4ge f\u00f6r svenska hav - Deep Sea Reporter","og_description":"Situationen f\u00f6r fiskar, f\u00e5glar och s\u00e4lar i de svenska haven \u00e4r fortsatt kritisk.Vi fiskar f\u00f6r mycket och sl\u00e4pper ut f\u00f6r mycket skadliga \u00e4mnen, s\u00e4ger Mats Svensson p\u00e5 Havs- och vattenmyndigheten.","og_url":"https:\/\/www.deepseareporter.com\/sv\/bottenlage-for-svenska-hav\/","og_site_name":"Deep Sea Reporter","article_published_time":"2023-10-17T06:53:32+00:00","article_modified_time":"2023-10-24T09:16:29+00:00","og_image":[{"width":2560,"height":1529,"url":"https:\/\/www.deepseareporter.com\/wp-content\/uploads\/2023\/10\/231016-havskris-0f04f513-a001nh-scaled.jpg","type":"image\/jpeg"}],"author":"Lena Scherman","twitter_card":"summary_large_image","twitter_misc":{"Skriven av":"Lena Scherman","Ber\u00e4knad l\u00e4stid":"3 minuter"},"schema":{"@context":"https:\/\/schema.org","@graph":[{"@type":"Article","@id":"https:\/\/www.deepseareporter.com\/sv\/bottenlage-for-svenska-hav\/#article","isPartOf":{"@id":"https:\/\/www.deepseareporter.com\/sv\/bottenlage-for-svenska-hav\/"},"author":{"name":"Lena Scherman","@id":"https:\/\/www.deepseareporter.com\/#\/schema\/person\/8440c67b5dda5c5ae6c70162fedbd434"},"headline":"Bottenl\u00e4ge f\u00f6r svenska hav","datePublished":"2023-10-17T06:53:32+00:00","dateModified":"2023-10-24T09:16:29+00:00","mainEntityOfPage":{"@id":"https:\/\/www.deepseareporter.com\/sv\/bottenlage-for-svenska-hav\/"},"wordCount":508,"publisher":{"@id":"https:\/\/www.deepseareporter.com\/#organization"},"image":{"@id":"https:\/\/www.deepseareporter.com\/sv\/bottenlage-for-svenska-hav\/#primaryimage"},"thumbnailUrl":"https:\/\/www.deepseareporter.com\/wp-content\/uploads\/2023\/10\/231016-havskris-0f04f513-a001nh-scaled.jpg","keywords":["Hav","undervattensbuller","Utfiskning","varmare hav"],"articleSection":["Klimat och Milj\u00f6"],"inLanguage":"sv-SE"},{"@type":"WebPage","@id":"https:\/\/www.deepseareporter.com\/sv\/bottenlage-for-svenska-hav\/","url":"https:\/\/www.deepseareporter.com\/sv\/bottenlage-for-svenska-hav\/","name":"Bottenl\u00e4ge f\u00f6r svenska hav - Deep Sea Reporter","isPartOf":{"@id":"https:\/\/www.deepseareporter.com\/#website"},"primaryImageOfPage":{"@id":"https:\/\/www.deepseareporter.com\/sv\/bottenlage-for-svenska-hav\/#primaryimage"},"image":{"@id":"https:\/\/www.deepseareporter.com\/sv\/bottenlage-for-svenska-hav\/#primaryimage"},"thumbnailUrl":"https:\/\/www.deepseareporter.com\/wp-content\/uploads\/2023\/10\/231016-havskris-0f04f513-a001nh-scaled.jpg","datePublished":"2023-10-17T06:53:32+00:00","dateModified":"2023-10-24T09:16:29+00:00","description":"Situationen f\u00f6r fiskar, f\u00e5glar och s\u00e4lar i de svenska haven \u00e4r fortsatt kritisk.Vi fiskar f\u00f6r mycket och sl\u00e4pper ut f\u00f6r mycket skadliga \u00e4mnen, s\u00e4ger Mats Svensson p\u00e5 Havs- och vattenmyndigheten.","breadcrumb":{"@id":"https:\/\/www.deepseareporter.com\/sv\/bottenlage-for-svenska-hav\/#breadcrumb"},"inLanguage":"sv-SE","potentialAction":[{"@type":"ReadAction","target":["https:\/\/www.deepseareporter.com\/sv\/bottenlage-for-svenska-hav\/"]}]},{"@type":"ImageObject","inLanguage":"sv-SE","@id":"https:\/\/www.deepseareporter.com\/sv\/bottenlage-for-svenska-hav\/#primaryimage","url":"https:\/\/www.deepseareporter.com\/wp-content\/uploads\/2023\/10\/231016-havskris-0f04f513-a001nh-scaled.jpg","contentUrl":"https:\/\/www.deepseareporter.com\/wp-content\/uploads\/2023\/10\/231016-havskris-0f04f513-a001nh-scaled.jpg","width":2560,"height":1529,"caption":"Seal pups (Phoca vitulina) enjoy the water in the pool at the common seal station in Friedrichskoog near to the North Sea, northern Germany, on Wednesday, June 16, 2010. The seal pups left by their mother animals by any reason grow up here before being released to their natural habitat. (AP Photo\/Heribert Proepper)"},{"@type":"BreadcrumbList","@id":"https:\/\/www.deepseareporter.com\/sv\/bottenlage-for-svenska-hav\/#breadcrumb","itemListElement":[{"@type":"ListItem","position":1,"name":"Hem","item":"https:\/\/www.deepseareporter.com\/sv\/"},{"@type":"ListItem","position":2,"name":"Bottenl\u00e4ge f\u00f6r svenska hav"}]},{"@type":"WebSite","@id":"https:\/\/www.deepseareporter.com\/#website","url":"https:\/\/www.deepseareporter.com\/","name":"Deep Sea Reporter","description":"Ett digitalt magasin om havet","publisher":{"@id":"https:\/\/www.deepseareporter.com\/#organization"},"potentialAction":[{"@type":"SearchAction","target":{"@type":"EntryPoint","urlTemplate":"https:\/\/www.deepseareporter.com\/?s={search_term_string}"},"query-input":{"@type":"PropertyValueSpecification","valueRequired":true,"valueName":"search_term_string"}}],"inLanguage":"sv-SE"},{"@type":"Organization","@id":"https:\/\/www.deepseareporter.com\/#organization","name":"Deep Sea Reporter","url":"https:\/\/www.deepseareporter.com\/","logo":{"@type":"ImageObject","inLanguage":"sv-SE","@id":"https:\/\/www.deepseareporter.com\/#\/schema\/logo\/image\/","url":"https:\/\/www.deepseareporter.com\/wp-content\/uploads\/2024\/10\/dsr-bla-ny-logga.svg","contentUrl":"https:\/\/www.deepseareporter.com\/wp-content\/uploads\/2024\/10\/dsr-bla-ny-logga.svg","width":834,"height":504,"caption":"Deep Sea Reporter"},"image":{"@id":"https:\/\/www.deepseareporter.com\/#\/schema\/logo\/image\/"}},{"@type":"Person","@id":"https:\/\/www.deepseareporter.com\/#\/schema\/person\/8440c67b5dda5c5ae6c70162fedbd434","name":"Lena Scherman"}]}},"_links":{"self":[{"href":"https:\/\/www.deepseareporter.com\/sv\/wp-json\/wp\/v2\/posts\/29052","targetHints":{"allow":["GET"]}}],"collection":[{"href":"https:\/\/www.deepseareporter.com\/sv\/wp-json\/wp\/v2\/posts"}],"about":[{"href":"https:\/\/www.deepseareporter.com\/sv\/wp-json\/wp\/v2\/types\/post"}],"author":[{"embeddable":true,"href":"https:\/\/www.deepseareporter.com\/sv\/wp-json\/wp\/v2\/users\/4"}],"replies":[{"embeddable":true,"href":"https:\/\/www.deepseareporter.com\/sv\/wp-json\/wp\/v2\/comments?post=29052"}],"version-history":[{"count":0,"href":"https:\/\/www.deepseareporter.com\/sv\/wp-json\/wp\/v2\/posts\/29052\/revisions"}],"wp:featuredmedia":[{"embeddable":true,"href":"https:\/\/www.deepseareporter.com\/sv\/wp-json\/wp\/v2\/media\/29055"}],"wp:attachment":[{"href":"https:\/\/www.deepseareporter.com\/sv\/wp-json\/wp\/v2\/media?parent=29052"}],"wp:term":[{"taxonomy":"category","embeddable":true,"href":"https:\/\/www.deepseareporter.com\/sv\/wp-json\/wp\/v2\/categories?post=29052"},{"taxonomy":"post_tag","embeddable":true,"href":"https:\/\/www.deepseareporter.com\/sv\/wp-json\/wp\/v2\/tags?post=29052"}],"curies":[{"name":"wp","href":"https:\/\/api.w.org\/{rel}","templated":true}]}}