{"id":27728,"date":"2023-05-08T09:10:37","date_gmt":"2023-05-08T07:10:37","guid":{"rendered":"https:\/\/www.deepseareporter.com\/?p=27728"},"modified":"2023-05-08T09:33:13","modified_gmt":"2023-05-08T07:33:13","slug":"risk-for-rekordvarme-varnar-fn","status":"publish","type":"post","link":"https:\/\/www.deepseareporter.com\/sv\/risk-for-rekordvarme-varnar-fn\/","title":{"rendered":"Risk f\u00f6r rekordv\u00e4rme &#8211; varnar FN"},"content":{"rendered":"\n<p><strong>G\u00f6r er redo \u2013 den lilla gossen \u00e4r i ant\u00e5gande.<\/strong><\/p>\n\n\n\n<p><strong>FN:s uppmaning handlar om El Ni\u00f1o, ett m\u00e4ktigt v\u00e4derfenomen som kan f\u00e5&nbsp;f\u00f6r\u00f6dande effekter p\u00e5 en redan varm planet.<\/strong><\/p>\n\n\n\n<p>Tv\u00e5 syskon styr och st\u00e4ller i Stilla havet och f\u00e5r meteorologer att h\u00e5lla ett extra \u00f6ga p\u00e5 observationer och prognosmodeller. De senaste \u00e5ren har v\u00e4derfenomenet La Ni\u00f1a (flickan p\u00e5 spanska) haft en kylande effekt p\u00e5 jordens klimat. Men snart v\u00e4ntas brodern El Ni\u00f1o (gossebarnet) f\u00e4rga temperaturkartorna r\u00f6da, vilket skvallrar om att en varmare fas v\u00e4ntar.<\/p>\n\n\n\n<p>-El Ni\u00f1o \u00e4r ett storskaligt fenomen i Stilla havet, som involverar b\u00e5de vindar och havsytetemperaturer och som har stor p\u00e5verkan p\u00e5 v\u00e4dret i omr\u00e5det, s\u00e4ger Erik Kjellstr\u00f6m, professor i klimatologi vid SMHI.<\/p>\n\n\n\n<p>Effekterna blir stora och med den globala uppv\u00e4rmningen finns&nbsp;risk&nbsp;att m\u00e5nga av dem blir v\u00e4rre och mer utpr\u00e4glade. Det g\u00f6r att man p\u00e5 ett s\u00e4tt ser p\u00e5 det h\u00e4r med oro, \u00e4ven om det \u00e4r ett naturligt fenomen.<\/p>\n\n\n\n<h2 class=\"wp-block-heading\">Prognosen<\/h2>\n\n\n\n<p>Just nu r\u00e5der neutrala f\u00f6rh\u00e5llanden i Stilla havet men sannolikheten&nbsp;f\u00f6r&nbsp;att El Ni\u00f1o ska utvecklas senare i \u00e5r \u00f6kar, enligt en prognos fr\u00e5n&nbsp;FN:s meteorologiska organisation WMO. Sannolikheten&nbsp;f\u00f6r&nbsp;en \u00f6verg\u00e5ng till El Ni\u00f1o i maj\u2013juli bed\u00f6mer WMO vara 60 procent, omkring 70 procent juni\u2013augusti och 80 procent juli\u2013september.<\/p>\n\n\n\n<p>Ingen vet hur intensivt eller l\u00e5ngvarigt v\u00e4derfenomenet blir den h\u00e4r g\u00e5ngen.<\/p>\n\n\n\n<p>-Vissa \u00e5r \u00e4r det kraftigare och andra \u00e5r \u00e4r det svagare f\u00f6rh\u00e5llanden, s\u00e4ger Kjellstr\u00f6m.<\/p>\n\n\n\n<p>El Ni\u00f1o f\u00f6rknippas med \u00f6kad v\u00e4rme, torka eller nederb\u00f6rd. Det \u00e4r fr\u00e4mst l\u00e4nder i Stilla havsomr\u00e5det som p\u00e5verkas, framf\u00f6r allt i Oceanien, Indonesien och Sydamerika men \u00e4ven delar av Nordamerika och mer avl\u00e4gsna omr\u00e5den \u00f6ver Asien och Afrika.<\/p>\n\n\n\n<p>I Europa \u00e4r signalerna v\u00e4sentligt svagare och p\u00e5verkan inte lika tydlig. Av vad vi k\u00e4nner till i dag g\u00e5r det inte att generellt s\u00e4ga huruvida det blir varmare eller kallare i Skandinavien till f\u00f6ljd av El Ni\u00f1o eller La Ni\u00f1a.<\/p>\n\n\n\n<figure class=\"wp-block-image size-large\"><img loading=\"lazy\" decoding=\"async\" width=\"1280\" height=\"750\" src=\"https:\/\/www.deepseareporter.com\/wp-content\/uploads\/2023\/05\/230507-vaderfenomen-25029e83-a003nh-1-1280x750.jpg\" alt=\"\" class=\"wp-image-27731\" srcset=\"https:\/\/www.deepseareporter.com\/wp-content\/uploads\/2023\/05\/230507-vaderfenomen-25029e83-a003nh-1-1280x750.jpg 1280w, https:\/\/www.deepseareporter.com\/wp-content\/uploads\/2023\/05\/230507-vaderfenomen-25029e83-a003nh-1-720x422.jpg 720w, https:\/\/www.deepseareporter.com\/wp-content\/uploads\/2023\/05\/230507-vaderfenomen-25029e83-a003nh-1-768x450.jpg 768w, https:\/\/www.deepseareporter.com\/wp-content\/uploads\/2023\/05\/230507-vaderfenomen-25029e83-a003nh-1-1536x900.jpg 1536w, https:\/\/www.deepseareporter.com\/wp-content\/uploads\/2023\/05\/230507-vaderfenomen-25029e83-a003nh-1-2048x1200.jpg 2048w\" sizes=\"auto, (max-width: 1280px) 100vw, 1280px\" \/><figcaption class=\"wp-element-caption\">Under normala f\u00f6rh\u00e5llanden pressar passadvindarna fr\u00e5n Sydamerikas v\u00e4stkust ytvattnet v\u00e4sterut mot Indonesien och Australien. Grafik; Johan Halln\u00e4s\/TT<\/figcaption><\/figure>\n\n\n\n<h2 class=\"wp-block-heading\">V\u00e4rmerekord?<\/h2>\n\n\n\n<p>D\u00e4remot finns en tydlig koppling till den globala medeltemperaturen.<\/p>\n\n\n\n<p>De senaste \u00e5tta \u00e5ren \u00e4r de varmaste som har uppm\u00e4tts \u2013 trots att La Ni\u00f1a i flera \u00e5r har fungerat som tillf\u00e4llig broms&nbsp;f\u00f6r&nbsp;den globala temperatur\u00f6kningen. Nu finns&nbsp;risk&nbsp;f\u00f6r&nbsp;nya toppnoteringar, konstaterar WMO-chefen Petteri Taalas och manar v\u00e4rlden att f\u00f6rbereda sig&nbsp;f\u00f6r&nbsp;v\u00e4derfenomenets ankomst.<\/p>\n\n\n\n<p>&#8221;Utvecklingen av en El Ni\u00f1o kommer med st\u00f6rsta sannolikhet att leda till en ny topp i den globala uppv\u00e4rmningen och \u00f6ka risken&nbsp;f\u00f6r&nbsp;temperaturrekord&#8221;, skriver han.<\/p>\n\n\n\n<p>\u00c4ven EU:s klimatf\u00f6r\u00e4ndringstj\u00e4nst Copernicus h\u00e5ller det&nbsp;f\u00f6r&nbsp;troligt att 2023 eller 2024 kan komma att bli det varmaste \u00e5ret som uppm\u00e4tts globalt. Den nuvarande toppnoteringen gjordes 2016, vilket WMO f\u00f6rklarar med en dubbelsmocka best\u00e5ende av El Ni\u00f1o och m\u00e4nniskans fortsatta utsl\u00e4pp av v\u00e4xthusgaser.<\/p>\n\n\n\n<p>Den globala medeltemperaturen \u00e4r redan 1,1 grader h\u00f6gre \u00e4n under f\u00f6rindustriell tid. Trots att de flesta av v\u00e4rldens l\u00e4nder har lovat det motsatta fortsatte de globala koldioxidutsl\u00e4ppen upp\u00e5t f\u00f6rra \u00e5ret, vilket driver p\u00e5 uppv\u00e4rmningen.<\/p>\n\n\n\n<h2 class=\"wp-block-heading\">N\u00e4ra gr\u00e4nsen<\/h2>\n\n\n\n<p>Med El Ni\u00f1o med i leken kan temperaturen f\u00e5 ytterligare en skjuts.<\/p>\n\n\n\n<p>-Ett \u00e5r med en v\u00e4ldigt kraftig El Ni\u00f1o kan den globala medeltemperaturen \u00f6ka med 0,1 eller 0,2 grader, s\u00e4ger Kjellstr\u00f6m.<\/p>\n\n\n\n<p>-F\u00f6r&nbsp;att undvika de mest&nbsp;f\u00f6r\u00f6dande konsekvenserna av klimatf\u00f6r\u00e4ndringarna har v\u00e4rlden kommit \u00f6verens om att f\u00f6rs\u00f6ka h\u00e5lla den globala uppv\u00e4rmningen under 1,5 grader. Den gr\u00e4nsen i Parisavtalet \u00e4r inte l\u00e5ngt borta, konstaterar Kjellstr\u00f6m.<\/p>\n\n\n\n<p>Det \u00e4r sannolikt att f\u00f6rsta g\u00e5ngen som vi kommer att passera 1,5 grader kommer att vara under ett El Ni\u00f1o-\u00e5r, \u00e4ven om det inte blir just den h\u00e4r g\u00e5ngen.<\/p>\n\n\n\n<figure class=\"wp-block-image size-large\"><img loading=\"lazy\" decoding=\"async\" width=\"1280\" height=\"750\" src=\"https:\/\/www.deepseareporter.com\/wp-content\/uploads\/2023\/05\/230507-vaderfenomen-25029e83-a002nh-1-1280x750.jpg\" alt=\"\" class=\"wp-image-27733\" srcset=\"https:\/\/www.deepseareporter.com\/wp-content\/uploads\/2023\/05\/230507-vaderfenomen-25029e83-a002nh-1-1280x750.jpg 1280w, https:\/\/www.deepseareporter.com\/wp-content\/uploads\/2023\/05\/230507-vaderfenomen-25029e83-a002nh-1-720x422.jpg 720w, https:\/\/www.deepseareporter.com\/wp-content\/uploads\/2023\/05\/230507-vaderfenomen-25029e83-a002nh-1-768x450.jpg 768w, https:\/\/www.deepseareporter.com\/wp-content\/uploads\/2023\/05\/230507-vaderfenomen-25029e83-a002nh-1-1536x900.jpg 1536w, https:\/\/www.deepseareporter.com\/wp-content\/uploads\/2023\/05\/230507-vaderfenomen-25029e83-a002nh-1-2048x1200.jpg 2048w\" sizes=\"auto, (max-width: 1280px) 100vw, 1280px\" \/><figcaption class=\"wp-element-caption\">El Ni\u00f1o  \u00e4r ett v\u00e4derfenomen som uppst\u00e5r  med ett intervall p\u00e5 tv\u00e5 till sju \u00e5r. Grafik; Johan Halln\u00e4s\/TT<\/figcaption><\/figure>\n\n\n\n<p>Sofia Eriksson\/TT<\/p>\n","protected":false},"excerpt":{"rendered":"<p>G\u00f6r er redo \u2013 den lilla gossen \u00e4r i ant\u00e5gande.<\/p>\n<p>FN:s uppmaning handlar om El Ni\u00f1o, ett m\u00e4ktigt v\u00e4derfenomen som kan f\u00e5\u00a0f\u00f6r\u00f6dande effekter p\u00e5 en redan varm planet.<\/p>\n","protected":false},"author":4,"featured_media":27726,"comment_status":"closed","ping_status":"closed","sticky":false,"template":"","format":"standard","meta":{"_acf_changed":false,"footnotes":""},"categories":[244,1],"tags":[1288,339,1289,1291,1290],"class_list":["post-27728","post","type-post","status-publish","format-standard","has-post-thumbnail","hentry","category-klimat-och-miljo","category-ovrigt","tag-el-nino","tag-klimatforandringar","tag-la-nina","tag-vaderfenomen","tag-varmerekord"],"acf":[],"yoast_head":"<!-- This site is optimized with the Yoast SEO Premium plugin v27.0 (Yoast SEO v27.0) - https:\/\/yoast.com\/product\/yoast-seo-premium-wordpress\/ -->\n<title>Risk f\u00f6r rekordv\u00e4rme - varnar FN - Deep Sea Reporter<\/title>\n<meta name=\"description\" content=\"G\u00f6r er redo \u2013 den lilla gossen \u00e4r i ant\u00e5gande.FN:s uppmaning handlar om El Ni\u00f1o, ett m\u00e4ktigt v\u00e4derfenomen som kan f\u00e5\u00a0f\u00f6r\u00f6dande effekter p\u00e5 en redan varm planet.\" \/>\n<meta name=\"robots\" content=\"index, follow, max-snippet:-1, max-image-preview:large, max-video-preview:-1\" \/>\n<link rel=\"canonical\" href=\"https:\/\/www.deepseareporter.com\/sv\/risk-for-rekordvarme-varnar-fn\/\" \/>\n<meta property=\"og:locale\" content=\"sv_SE\" \/>\n<meta property=\"og:type\" content=\"article\" \/>\n<meta property=\"og:title\" content=\"Risk f\u00f6r rekordv\u00e4rme - varnar FN - Deep Sea Reporter\" \/>\n<meta property=\"og:description\" content=\"G\u00f6r er redo \u2013 den lilla gossen \u00e4r i ant\u00e5gande.FN:s uppmaning handlar om El Ni\u00f1o, ett m\u00e4ktigt v\u00e4derfenomen som kan f\u00e5\u00a0f\u00f6r\u00f6dande effekter p\u00e5 en redan varm planet.\" \/>\n<meta property=\"og:url\" content=\"https:\/\/www.deepseareporter.com\/sv\/risk-for-rekordvarme-varnar-fn\/\" \/>\n<meta property=\"og:site_name\" content=\"Deep Sea Reporter\" \/>\n<meta property=\"article:published_time\" content=\"2023-05-08T07:10:37+00:00\" \/>\n<meta property=\"article:modified_time\" content=\"2023-05-08T07:33:13+00:00\" \/>\n<meta property=\"og:image\" content=\"https:\/\/www.deepseareporter.com\/wp-content\/uploads\/2023\/05\/230507-vaderfenomen-25029e83-a001nh-scaled.jpg\" \/>\n\t<meta property=\"og:image:width\" content=\"2560\" \/>\n\t<meta property=\"og:image:height\" content=\"1707\" \/>\n\t<meta property=\"og:image:type\" content=\"image\/jpeg\" \/>\n<meta name=\"author\" content=\"Lena Scherman\" \/>\n<meta name=\"twitter:card\" content=\"summary_large_image\" \/>\n<meta name=\"twitter:label1\" content=\"Skriven av\" \/>\n\t<meta name=\"twitter:data1\" content=\"Lena Scherman\" \/>\n\t<meta name=\"twitter:label2\" content=\"Ber\u00e4knad l\u00e4stid\" \/>\n\t<meta name=\"twitter:data2\" content=\"4 minuter\" \/>\n<script type=\"application\/ld+json\" class=\"yoast-schema-graph\">{\"@context\":\"https:\/\/schema.org\",\"@graph\":[{\"@type\":\"Article\",\"@id\":\"https:\/\/www.deepseareporter.com\/sv\/risk-for-rekordvarme-varnar-fn\/#article\",\"isPartOf\":{\"@id\":\"https:\/\/www.deepseareporter.com\/sv\/risk-for-rekordvarme-varnar-fn\/\"},\"author\":{\"name\":\"Lena Scherman\",\"@id\":\"https:\/\/www.deepseareporter.com\/#\/schema\/person\/8440c67b5dda5c5ae6c70162fedbd434\"},\"headline\":\"Risk f\u00f6r rekordv\u00e4rme &#8211; varnar FN\",\"datePublished\":\"2023-05-08T07:10:37+00:00\",\"dateModified\":\"2023-05-08T07:33:13+00:00\",\"mainEntityOfPage\":{\"@id\":\"https:\/\/www.deepseareporter.com\/sv\/risk-for-rekordvarme-varnar-fn\/\"},\"wordCount\":766,\"publisher\":{\"@id\":\"https:\/\/www.deepseareporter.com\/#organization\"},\"image\":{\"@id\":\"https:\/\/www.deepseareporter.com\/sv\/risk-for-rekordvarme-varnar-fn\/#primaryimage\"},\"thumbnailUrl\":\"https:\/\/www.deepseareporter.com\/wp-content\/uploads\/2023\/05\/230507-vaderfenomen-25029e83-a001nh-scaled.jpg\",\"keywords\":[\"El Ni\u00f1o\",\"Klimatf\u00f6r\u00e4ndringar\",\"La Ni\u00f1a\",\"v\u00e4derfenomen\",\"v\u00e4rmerekord\"],\"articleSection\":[\"Klimat och Milj\u00f6\",\"\u00d6vrigt\"],\"inLanguage\":\"sv-SE\"},{\"@type\":\"WebPage\",\"@id\":\"https:\/\/www.deepseareporter.com\/sv\/risk-for-rekordvarme-varnar-fn\/\",\"url\":\"https:\/\/www.deepseareporter.com\/sv\/risk-for-rekordvarme-varnar-fn\/\",\"name\":\"Risk f\u00f6r rekordv\u00e4rme - varnar FN - Deep Sea Reporter\",\"isPartOf\":{\"@id\":\"https:\/\/www.deepseareporter.com\/#website\"},\"primaryImageOfPage\":{\"@id\":\"https:\/\/www.deepseareporter.com\/sv\/risk-for-rekordvarme-varnar-fn\/#primaryimage\"},\"image\":{\"@id\":\"https:\/\/www.deepseareporter.com\/sv\/risk-for-rekordvarme-varnar-fn\/#primaryimage\"},\"thumbnailUrl\":\"https:\/\/www.deepseareporter.com\/wp-content\/uploads\/2023\/05\/230507-vaderfenomen-25029e83-a001nh-scaled.jpg\",\"datePublished\":\"2023-05-08T07:10:37+00:00\",\"dateModified\":\"2023-05-08T07:33:13+00:00\",\"description\":\"G\u00f6r er redo \u2013 den lilla gossen \u00e4r i ant\u00e5gande.FN:s uppmaning handlar om El Ni\u00f1o, ett m\u00e4ktigt v\u00e4derfenomen som kan f\u00e5\u00a0f\u00f6r\u00f6dande effekter p\u00e5 en redan varm planet.\",\"breadcrumb\":{\"@id\":\"https:\/\/www.deepseareporter.com\/sv\/risk-for-rekordvarme-varnar-fn\/#breadcrumb\"},\"inLanguage\":\"sv-SE\",\"potentialAction\":[{\"@type\":\"ReadAction\",\"target\":[\"https:\/\/www.deepseareporter.com\/sv\/risk-for-rekordvarme-varnar-fn\/\"]}]},{\"@type\":\"ImageObject\",\"inLanguage\":\"sv-SE\",\"@id\":\"https:\/\/www.deepseareporter.com\/sv\/risk-for-rekordvarme-varnar-fn\/#primaryimage\",\"url\":\"https:\/\/www.deepseareporter.com\/wp-content\/uploads\/2023\/05\/230507-vaderfenomen-25029e83-a001nh-scaled.jpg\",\"contentUrl\":\"https:\/\/www.deepseareporter.com\/wp-content\/uploads\/2023\/05\/230507-vaderfenomen-25029e83-a001nh-scaled.jpg\",\"width\":2560,\"height\":1707,\"caption\":\"Dried sunflowers can be seen in a field near in Cottonwood Slough, Calif. on Wednesday, Sept. 7, 2022. Western states are struggling through one of the hottest and longest September heat waves on record. Temperatures began soaring last week and the National Weather Service warned that dangerous heat could continue through Friday, despite some slight moderation. (Bronte Wittpenn\/San Francisco Chronicle via AP) CAFRA102\"},{\"@type\":\"BreadcrumbList\",\"@id\":\"https:\/\/www.deepseareporter.com\/sv\/risk-for-rekordvarme-varnar-fn\/#breadcrumb\",\"itemListElement\":[{\"@type\":\"ListItem\",\"position\":1,\"name\":\"Hem\",\"item\":\"https:\/\/www.deepseareporter.com\/sv\/\"},{\"@type\":\"ListItem\",\"position\":2,\"name\":\"Risk f\u00f6r rekordv\u00e4rme &#8211; varnar FN\"}]},{\"@type\":\"WebSite\",\"@id\":\"https:\/\/www.deepseareporter.com\/#website\",\"url\":\"https:\/\/www.deepseareporter.com\/\",\"name\":\"Deep Sea Reporter\",\"description\":\"Ett digitalt magasin om havet\",\"publisher\":{\"@id\":\"https:\/\/www.deepseareporter.com\/#organization\"},\"potentialAction\":[{\"@type\":\"SearchAction\",\"target\":{\"@type\":\"EntryPoint\",\"urlTemplate\":\"https:\/\/www.deepseareporter.com\/?s={search_term_string}\"},\"query-input\":{\"@type\":\"PropertyValueSpecification\",\"valueRequired\":true,\"valueName\":\"search_term_string\"}}],\"inLanguage\":\"sv-SE\"},{\"@type\":\"Organization\",\"@id\":\"https:\/\/www.deepseareporter.com\/#organization\",\"name\":\"Deep Sea Reporter\",\"url\":\"https:\/\/www.deepseareporter.com\/\",\"logo\":{\"@type\":\"ImageObject\",\"inLanguage\":\"sv-SE\",\"@id\":\"https:\/\/www.deepseareporter.com\/#\/schema\/logo\/image\/\",\"url\":\"https:\/\/www.deepseareporter.com\/wp-content\/uploads\/2024\/10\/dsr-bla-ny-logga.svg\",\"contentUrl\":\"https:\/\/www.deepseareporter.com\/wp-content\/uploads\/2024\/10\/dsr-bla-ny-logga.svg\",\"width\":834,\"height\":504,\"caption\":\"Deep Sea Reporter\"},\"image\":{\"@id\":\"https:\/\/www.deepseareporter.com\/#\/schema\/logo\/image\/\"}},{\"@type\":\"Person\",\"@id\":\"https:\/\/www.deepseareporter.com\/#\/schema\/person\/8440c67b5dda5c5ae6c70162fedbd434\",\"name\":\"Lena Scherman\"}]}<\/script>\n<!-- \/ Yoast SEO Premium plugin. -->","yoast_head_json":{"title":"Risk f\u00f6r rekordv\u00e4rme - varnar FN - Deep Sea Reporter","description":"G\u00f6r er redo \u2013 den lilla gossen \u00e4r i ant\u00e5gande.FN:s uppmaning handlar om El Ni\u00f1o, ett m\u00e4ktigt v\u00e4derfenomen som kan f\u00e5\u00a0f\u00f6r\u00f6dande effekter p\u00e5 en redan varm planet.","robots":{"index":"index","follow":"follow","max-snippet":"max-snippet:-1","max-image-preview":"max-image-preview:large","max-video-preview":"max-video-preview:-1"},"canonical":"https:\/\/www.deepseareporter.com\/sv\/risk-for-rekordvarme-varnar-fn\/","og_locale":"sv_SE","og_type":"article","og_title":"Risk f\u00f6r rekordv\u00e4rme - varnar FN - Deep Sea Reporter","og_description":"G\u00f6r er redo \u2013 den lilla gossen \u00e4r i ant\u00e5gande.FN:s uppmaning handlar om El Ni\u00f1o, ett m\u00e4ktigt v\u00e4derfenomen som kan f\u00e5\u00a0f\u00f6r\u00f6dande effekter p\u00e5 en redan varm planet.","og_url":"https:\/\/www.deepseareporter.com\/sv\/risk-for-rekordvarme-varnar-fn\/","og_site_name":"Deep Sea Reporter","article_published_time":"2023-05-08T07:10:37+00:00","article_modified_time":"2023-05-08T07:33:13+00:00","og_image":[{"width":2560,"height":1707,"url":"https:\/\/www.deepseareporter.com\/wp-content\/uploads\/2023\/05\/230507-vaderfenomen-25029e83-a001nh-scaled.jpg","type":"image\/jpeg"}],"author":"Lena Scherman","twitter_card":"summary_large_image","twitter_misc":{"Skriven av":"Lena Scherman","Ber\u00e4knad l\u00e4stid":"4 minuter"},"schema":{"@context":"https:\/\/schema.org","@graph":[{"@type":"Article","@id":"https:\/\/www.deepseareporter.com\/sv\/risk-for-rekordvarme-varnar-fn\/#article","isPartOf":{"@id":"https:\/\/www.deepseareporter.com\/sv\/risk-for-rekordvarme-varnar-fn\/"},"author":{"name":"Lena Scherman","@id":"https:\/\/www.deepseareporter.com\/#\/schema\/person\/8440c67b5dda5c5ae6c70162fedbd434"},"headline":"Risk f\u00f6r rekordv\u00e4rme &#8211; varnar FN","datePublished":"2023-05-08T07:10:37+00:00","dateModified":"2023-05-08T07:33:13+00:00","mainEntityOfPage":{"@id":"https:\/\/www.deepseareporter.com\/sv\/risk-for-rekordvarme-varnar-fn\/"},"wordCount":766,"publisher":{"@id":"https:\/\/www.deepseareporter.com\/#organization"},"image":{"@id":"https:\/\/www.deepseareporter.com\/sv\/risk-for-rekordvarme-varnar-fn\/#primaryimage"},"thumbnailUrl":"https:\/\/www.deepseareporter.com\/wp-content\/uploads\/2023\/05\/230507-vaderfenomen-25029e83-a001nh-scaled.jpg","keywords":["El Ni\u00f1o","Klimatf\u00f6r\u00e4ndringar","La Ni\u00f1a","v\u00e4derfenomen","v\u00e4rmerekord"],"articleSection":["Klimat och Milj\u00f6","\u00d6vrigt"],"inLanguage":"sv-SE"},{"@type":"WebPage","@id":"https:\/\/www.deepseareporter.com\/sv\/risk-for-rekordvarme-varnar-fn\/","url":"https:\/\/www.deepseareporter.com\/sv\/risk-for-rekordvarme-varnar-fn\/","name":"Risk f\u00f6r rekordv\u00e4rme - varnar FN - Deep Sea Reporter","isPartOf":{"@id":"https:\/\/www.deepseareporter.com\/#website"},"primaryImageOfPage":{"@id":"https:\/\/www.deepseareporter.com\/sv\/risk-for-rekordvarme-varnar-fn\/#primaryimage"},"image":{"@id":"https:\/\/www.deepseareporter.com\/sv\/risk-for-rekordvarme-varnar-fn\/#primaryimage"},"thumbnailUrl":"https:\/\/www.deepseareporter.com\/wp-content\/uploads\/2023\/05\/230507-vaderfenomen-25029e83-a001nh-scaled.jpg","datePublished":"2023-05-08T07:10:37+00:00","dateModified":"2023-05-08T07:33:13+00:00","description":"G\u00f6r er redo \u2013 den lilla gossen \u00e4r i ant\u00e5gande.FN:s uppmaning handlar om El Ni\u00f1o, ett m\u00e4ktigt v\u00e4derfenomen som kan f\u00e5\u00a0f\u00f6r\u00f6dande effekter p\u00e5 en redan varm planet.","breadcrumb":{"@id":"https:\/\/www.deepseareporter.com\/sv\/risk-for-rekordvarme-varnar-fn\/#breadcrumb"},"inLanguage":"sv-SE","potentialAction":[{"@type":"ReadAction","target":["https:\/\/www.deepseareporter.com\/sv\/risk-for-rekordvarme-varnar-fn\/"]}]},{"@type":"ImageObject","inLanguage":"sv-SE","@id":"https:\/\/www.deepseareporter.com\/sv\/risk-for-rekordvarme-varnar-fn\/#primaryimage","url":"https:\/\/www.deepseareporter.com\/wp-content\/uploads\/2023\/05\/230507-vaderfenomen-25029e83-a001nh-scaled.jpg","contentUrl":"https:\/\/www.deepseareporter.com\/wp-content\/uploads\/2023\/05\/230507-vaderfenomen-25029e83-a001nh-scaled.jpg","width":2560,"height":1707,"caption":"Dried sunflowers can be seen in a field near in Cottonwood Slough, Calif. on Wednesday, Sept. 7, 2022. Western states are struggling through one of the hottest and longest September heat waves on record. Temperatures began soaring last week and the National Weather Service warned that dangerous heat could continue through Friday, despite some slight moderation. (Bronte Wittpenn\/San Francisco Chronicle via AP) CAFRA102"},{"@type":"BreadcrumbList","@id":"https:\/\/www.deepseareporter.com\/sv\/risk-for-rekordvarme-varnar-fn\/#breadcrumb","itemListElement":[{"@type":"ListItem","position":1,"name":"Hem","item":"https:\/\/www.deepseareporter.com\/sv\/"},{"@type":"ListItem","position":2,"name":"Risk f\u00f6r rekordv\u00e4rme &#8211; varnar FN"}]},{"@type":"WebSite","@id":"https:\/\/www.deepseareporter.com\/#website","url":"https:\/\/www.deepseareporter.com\/","name":"Deep Sea Reporter","description":"Ett digitalt magasin om havet","publisher":{"@id":"https:\/\/www.deepseareporter.com\/#organization"},"potentialAction":[{"@type":"SearchAction","target":{"@type":"EntryPoint","urlTemplate":"https:\/\/www.deepseareporter.com\/?s={search_term_string}"},"query-input":{"@type":"PropertyValueSpecification","valueRequired":true,"valueName":"search_term_string"}}],"inLanguage":"sv-SE"},{"@type":"Organization","@id":"https:\/\/www.deepseareporter.com\/#organization","name":"Deep Sea Reporter","url":"https:\/\/www.deepseareporter.com\/","logo":{"@type":"ImageObject","inLanguage":"sv-SE","@id":"https:\/\/www.deepseareporter.com\/#\/schema\/logo\/image\/","url":"https:\/\/www.deepseareporter.com\/wp-content\/uploads\/2024\/10\/dsr-bla-ny-logga.svg","contentUrl":"https:\/\/www.deepseareporter.com\/wp-content\/uploads\/2024\/10\/dsr-bla-ny-logga.svg","width":834,"height":504,"caption":"Deep Sea Reporter"},"image":{"@id":"https:\/\/www.deepseareporter.com\/#\/schema\/logo\/image\/"}},{"@type":"Person","@id":"https:\/\/www.deepseareporter.com\/#\/schema\/person\/8440c67b5dda5c5ae6c70162fedbd434","name":"Lena Scherman"}]}},"_links":{"self":[{"href":"https:\/\/www.deepseareporter.com\/sv\/wp-json\/wp\/v2\/posts\/27728","targetHints":{"allow":["GET"]}}],"collection":[{"href":"https:\/\/www.deepseareporter.com\/sv\/wp-json\/wp\/v2\/posts"}],"about":[{"href":"https:\/\/www.deepseareporter.com\/sv\/wp-json\/wp\/v2\/types\/post"}],"author":[{"embeddable":true,"href":"https:\/\/www.deepseareporter.com\/sv\/wp-json\/wp\/v2\/users\/4"}],"replies":[{"embeddable":true,"href":"https:\/\/www.deepseareporter.com\/sv\/wp-json\/wp\/v2\/comments?post=27728"}],"version-history":[{"count":0,"href":"https:\/\/www.deepseareporter.com\/sv\/wp-json\/wp\/v2\/posts\/27728\/revisions"}],"wp:featuredmedia":[{"embeddable":true,"href":"https:\/\/www.deepseareporter.com\/sv\/wp-json\/wp\/v2\/media\/27726"}],"wp:attachment":[{"href":"https:\/\/www.deepseareporter.com\/sv\/wp-json\/wp\/v2\/media?parent=27728"}],"wp:term":[{"taxonomy":"category","embeddable":true,"href":"https:\/\/www.deepseareporter.com\/sv\/wp-json\/wp\/v2\/categories?post=27728"},{"taxonomy":"post_tag","embeddable":true,"href":"https:\/\/www.deepseareporter.com\/sv\/wp-json\/wp\/v2\/tags?post=27728"}],"curies":[{"name":"wp","href":"https:\/\/api.w.org\/{rel}","templated":true}]}}