{"id":27242,"date":"2023-03-06T14:48:14","date_gmt":"2023-03-06T13:48:14","guid":{"rendered":"https:\/\/www.deepseareporter.com\/?p=27242"},"modified":"2025-06-03T10:09:54","modified_gmt":"2025-06-03T08:09:54","slug":"bottentralning-i-marina-skyddsomraden-intervju","status":"publish","type":"post","link":"https:\/\/www.deepseareporter.com\/sv\/bottentralning-i-marina-skyddsomraden-intervju\/","title":{"rendered":"Bottentr\u00e5lning i marina skyddsomr\u00e5den &#8211; Intervju"},"content":{"rendered":"\n<p><strong>Mattias Sk\u00f6ld \u00e4r forskare p\u00e5 SLU Aqua i Lysekil. Han har varit med och filmat havsbottnen i marina skyddsomr\u00e5den, bland annat i Bratten, p\u00e5 uppdrag av Havs- och vattenmyndigheten (HaV).<\/strong><\/p>\n","protected":false},"excerpt":{"rendered":"<p>Mattias Sk\u00f6ld \u00e4r forskare p\u00e5 SLU Aqua i Lysekil. Han har varit med och filmat havsbottnen i marina skyddsomr\u00e5den, bland annat i Bratten, p\u00e5 uppdrag av Havs- och vattenmyndigheten (HaV). <\/p>\n","protected":false},"author":4,"featured_media":40259,"comment_status":"closed","ping_status":"closed","sticky":false,"template":"","format":"standard","meta":{"_acf_changed":false,"footnotes":""},"categories":[581],"tags":[1190,1199,292],"class_list":["post-27242","post","type-post","status-publish","format-standard","has-post-thumbnail","hentry","category-vastkusten","tag-bottentralning","tag-bratten","tag-marina-skyddsomraden"],"acf":[],"yoast_head":"<!-- This site is optimized with the Yoast SEO Premium plugin v27.0 (Yoast SEO v27.0) - https:\/\/yoast.com\/product\/yoast-seo-premium-wordpress\/ -->\n<title>Bottentr\u00e5lning i marina skyddsomr\u00e5den - Intervju - Deep Sea Reporter<\/title>\n<meta name=\"description\" content=\"Mattias Sk\u00f6ld \u00e4r forskare p\u00e5 SLU Aqua i Lysekil. Han har varit med och filmat havsbottnen i marina skyddsomr\u00e5den, bland annat i Bratten, p\u00e5 uppdrag av Havs- och vattenmyndigheten (HaV).\" \/>\n<meta name=\"robots\" content=\"index, follow, max-snippet:-1, max-image-preview:large, max-video-preview:-1\" \/>\n<link rel=\"canonical\" href=\"https:\/\/www.deepseareporter.com\/sv\/bottentralning-i-marina-skyddsomraden-intervju\/\" \/>\n<meta property=\"og:locale\" content=\"sv_SE\" \/>\n<meta property=\"og:type\" content=\"article\" \/>\n<meta property=\"og:title\" content=\"Bottentr\u00e5lning i marina skyddsomr\u00e5den - Intervju - Deep Sea Reporter\" \/>\n<meta property=\"og:description\" content=\"Mattias Sk\u00f6ld \u00e4r forskare p\u00e5 SLU Aqua i Lysekil. Han har varit med och filmat havsbottnen i marina skyddsomr\u00e5den, bland annat i Bratten, p\u00e5 uppdrag av Havs- och vattenmyndigheten (HaV).\" \/>\n<meta property=\"og:url\" content=\"https:\/\/www.deepseareporter.com\/sv\/bottentralning-i-marina-skyddsomraden-intervju\/\" \/>\n<meta property=\"og:site_name\" content=\"Deep Sea Reporter\" \/>\n<meta property=\"article:published_time\" content=\"2023-03-06T13:48:14+00:00\" \/>\n<meta property=\"article:modified_time\" content=\"2025-06-03T08:09:54+00:00\" \/>\n<meta property=\"og:image\" content=\"https:\/\/www.deepseareporter.com\/wp-content\/uploads\/2023\/03\/Mattias-Skold.jpg\" \/>\n\t<meta property=\"og:image:width\" content=\"2000\" \/>\n\t<meta property=\"og:image:height\" content=\"1097\" \/>\n\t<meta property=\"og:image:type\" content=\"image\/jpeg\" \/>\n<meta name=\"author\" content=\"Lena Scherman\" \/>\n<meta name=\"twitter:card\" content=\"summary_large_image\" \/>\n<meta name=\"twitter:label1\" content=\"Skriven av\" \/>\n\t<meta name=\"twitter:data1\" content=\"Lena Scherman\" \/>\n\t<meta name=\"twitter:label2\" content=\"Ber\u00e4knad l\u00e4stid\" \/>\n\t<meta name=\"twitter:data2\" content=\"1 minut\" \/>\n<script type=\"application\/ld+json\" class=\"yoast-schema-graph\">{\"@context\":\"https:\/\/schema.org\",\"@graph\":[{\"@type\":\"Article\",\"@id\":\"https:\/\/www.deepseareporter.com\/sv\/bottentralning-i-marina-skyddsomraden-intervju\/#article\",\"isPartOf\":{\"@id\":\"https:\/\/www.deepseareporter.com\/sv\/bottentralning-i-marina-skyddsomraden-intervju\/\"},\"author\":{\"name\":\"Lena Scherman\",\"@id\":\"https:\/\/www.deepseareporter.com\/#\/schema\/person\/8440c67b5dda5c5ae6c70162fedbd434\"},\"headline\":\"Bottentr\u00e5lning i marina skyddsomr\u00e5den &#8211; Intervju\",\"datePublished\":\"2023-03-06T13:48:14+00:00\",\"dateModified\":\"2025-06-03T08:09:54+00:00\",\"mainEntityOfPage\":{\"@id\":\"https:\/\/www.deepseareporter.com\/sv\/bottentralning-i-marina-skyddsomraden-intervju\/\"},\"wordCount\":40,\"publisher\":{\"@id\":\"https:\/\/www.deepseareporter.com\/#organization\"},\"image\":{\"@id\":\"https:\/\/www.deepseareporter.com\/sv\/bottentralning-i-marina-skyddsomraden-intervju\/#primaryimage\"},\"thumbnailUrl\":\"https:\/\/www.deepseareporter.com\/wp-content\/uploads\/2023\/03\/Mattias-Skold.jpg\",\"keywords\":[\"bottentr\u00e5lning\",\"bratten\",\"Marina skyddsomr\u00e5den\"],\"articleSection\":[\"V\u00e4stkusten\"],\"inLanguage\":\"sv-SE\"},{\"@type\":\"WebPage\",\"@id\":\"https:\/\/www.deepseareporter.com\/sv\/bottentralning-i-marina-skyddsomraden-intervju\/\",\"url\":\"https:\/\/www.deepseareporter.com\/sv\/bottentralning-i-marina-skyddsomraden-intervju\/\",\"name\":\"Bottentr\u00e5lning i marina skyddsomr\u00e5den - Intervju - Deep Sea Reporter\",\"isPartOf\":{\"@id\":\"https:\/\/www.deepseareporter.com\/#website\"},\"primaryImageOfPage\":{\"@id\":\"https:\/\/www.deepseareporter.com\/sv\/bottentralning-i-marina-skyddsomraden-intervju\/#primaryimage\"},\"image\":{\"@id\":\"https:\/\/www.deepseareporter.com\/sv\/bottentralning-i-marina-skyddsomraden-intervju\/#primaryimage\"},\"thumbnailUrl\":\"https:\/\/www.deepseareporter.com\/wp-content\/uploads\/2023\/03\/Mattias-Skold.jpg\",\"datePublished\":\"2023-03-06T13:48:14+00:00\",\"dateModified\":\"2025-06-03T08:09:54+00:00\",\"description\":\"Mattias Sk\u00f6ld \u00e4r forskare p\u00e5 SLU Aqua i Lysekil. Han har varit med och filmat havsbottnen i marina skyddsomr\u00e5den, bland annat i Bratten, p\u00e5 uppdrag av Havs- och vattenmyndigheten (HaV).\",\"breadcrumb\":{\"@id\":\"https:\/\/www.deepseareporter.com\/sv\/bottentralning-i-marina-skyddsomraden-intervju\/#breadcrumb\"},\"inLanguage\":\"sv-SE\",\"potentialAction\":[{\"@type\":\"ReadAction\",\"target\":[\"https:\/\/www.deepseareporter.com\/sv\/bottentralning-i-marina-skyddsomraden-intervju\/\"]}]},{\"@type\":\"ImageObject\",\"inLanguage\":\"sv-SE\",\"@id\":\"https:\/\/www.deepseareporter.com\/sv\/bottentralning-i-marina-skyddsomraden-intervju\/#primaryimage\",\"url\":\"https:\/\/www.deepseareporter.com\/wp-content\/uploads\/2023\/03\/Mattias-Skold.jpg\",\"contentUrl\":\"https:\/\/www.deepseareporter.com\/wp-content\/uploads\/2023\/03\/Mattias-Skold.jpg\",\"width\":2000,\"height\":1097,\"caption\":\"Screenshot\"},{\"@type\":\"BreadcrumbList\",\"@id\":\"https:\/\/www.deepseareporter.com\/sv\/bottentralning-i-marina-skyddsomraden-intervju\/#breadcrumb\",\"itemListElement\":[{\"@type\":\"ListItem\",\"position\":1,\"name\":\"Hem\",\"item\":\"https:\/\/www.deepseareporter.com\/sv\/\"},{\"@type\":\"ListItem\",\"position\":2,\"name\":\"Bottentr\u00e5lning i marina skyddsomr\u00e5den &#8211; Intervju\"}]},{\"@type\":\"WebSite\",\"@id\":\"https:\/\/www.deepseareporter.com\/#website\",\"url\":\"https:\/\/www.deepseareporter.com\/\",\"name\":\"Deep Sea Reporter\",\"description\":\"Ett digitalt magasin om havet\",\"publisher\":{\"@id\":\"https:\/\/www.deepseareporter.com\/#organization\"},\"potentialAction\":[{\"@type\":\"SearchAction\",\"target\":{\"@type\":\"EntryPoint\",\"urlTemplate\":\"https:\/\/www.deepseareporter.com\/?s={search_term_string}\"},\"query-input\":{\"@type\":\"PropertyValueSpecification\",\"valueRequired\":true,\"valueName\":\"search_term_string\"}}],\"inLanguage\":\"sv-SE\"},{\"@type\":\"Organization\",\"@id\":\"https:\/\/www.deepseareporter.com\/#organization\",\"name\":\"Deep Sea Reporter\",\"url\":\"https:\/\/www.deepseareporter.com\/\",\"logo\":{\"@type\":\"ImageObject\",\"inLanguage\":\"sv-SE\",\"@id\":\"https:\/\/www.deepseareporter.com\/#\/schema\/logo\/image\/\",\"url\":\"https:\/\/www.deepseareporter.com\/wp-content\/uploads\/2024\/10\/dsr-bla-ny-logga.svg\",\"contentUrl\":\"https:\/\/www.deepseareporter.com\/wp-content\/uploads\/2024\/10\/dsr-bla-ny-logga.svg\",\"width\":834,\"height\":504,\"caption\":\"Deep Sea Reporter\"},\"image\":{\"@id\":\"https:\/\/www.deepseareporter.com\/#\/schema\/logo\/image\/\"}},{\"@type\":\"Person\",\"@id\":\"https:\/\/www.deepseareporter.com\/#\/schema\/person\/8440c67b5dda5c5ae6c70162fedbd434\",\"name\":\"Lena Scherman\"}]}<\/script>\n<!-- \/ Yoast SEO Premium plugin. -->","yoast_head_json":{"title":"Bottentr\u00e5lning i marina skyddsomr\u00e5den - Intervju - Deep Sea Reporter","description":"Mattias Sk\u00f6ld \u00e4r forskare p\u00e5 SLU Aqua i Lysekil. Han har varit med och filmat havsbottnen i marina skyddsomr\u00e5den, bland annat i Bratten, p\u00e5 uppdrag av Havs- och vattenmyndigheten (HaV).","robots":{"index":"index","follow":"follow","max-snippet":"max-snippet:-1","max-image-preview":"max-image-preview:large","max-video-preview":"max-video-preview:-1"},"canonical":"https:\/\/www.deepseareporter.com\/sv\/bottentralning-i-marina-skyddsomraden-intervju\/","og_locale":"sv_SE","og_type":"article","og_title":"Bottentr\u00e5lning i marina skyddsomr\u00e5den - Intervju - Deep Sea Reporter","og_description":"Mattias Sk\u00f6ld \u00e4r forskare p\u00e5 SLU Aqua i Lysekil. Han har varit med och filmat havsbottnen i marina skyddsomr\u00e5den, bland annat i Bratten, p\u00e5 uppdrag av Havs- och vattenmyndigheten (HaV).","og_url":"https:\/\/www.deepseareporter.com\/sv\/bottentralning-i-marina-skyddsomraden-intervju\/","og_site_name":"Deep Sea Reporter","article_published_time":"2023-03-06T13:48:14+00:00","article_modified_time":"2025-06-03T08:09:54+00:00","og_image":[{"width":2000,"height":1097,"url":"https:\/\/www.deepseareporter.com\/wp-content\/uploads\/2023\/03\/Mattias-Skold.jpg","type":"image\/jpeg"}],"author":"Lena Scherman","twitter_card":"summary_large_image","twitter_misc":{"Skriven av":"Lena Scherman","Ber\u00e4knad l\u00e4stid":"1 minut"},"schema":{"@context":"https:\/\/schema.org","@graph":[{"@type":"Article","@id":"https:\/\/www.deepseareporter.com\/sv\/bottentralning-i-marina-skyddsomraden-intervju\/#article","isPartOf":{"@id":"https:\/\/www.deepseareporter.com\/sv\/bottentralning-i-marina-skyddsomraden-intervju\/"},"author":{"name":"Lena Scherman","@id":"https:\/\/www.deepseareporter.com\/#\/schema\/person\/8440c67b5dda5c5ae6c70162fedbd434"},"headline":"Bottentr\u00e5lning i marina skyddsomr\u00e5den &#8211; Intervju","datePublished":"2023-03-06T13:48:14+00:00","dateModified":"2025-06-03T08:09:54+00:00","mainEntityOfPage":{"@id":"https:\/\/www.deepseareporter.com\/sv\/bottentralning-i-marina-skyddsomraden-intervju\/"},"wordCount":40,"publisher":{"@id":"https:\/\/www.deepseareporter.com\/#organization"},"image":{"@id":"https:\/\/www.deepseareporter.com\/sv\/bottentralning-i-marina-skyddsomraden-intervju\/#primaryimage"},"thumbnailUrl":"https:\/\/www.deepseareporter.com\/wp-content\/uploads\/2023\/03\/Mattias-Skold.jpg","keywords":["bottentr\u00e5lning","bratten","Marina skyddsomr\u00e5den"],"articleSection":["V\u00e4stkusten"],"inLanguage":"sv-SE"},{"@type":"WebPage","@id":"https:\/\/www.deepseareporter.com\/sv\/bottentralning-i-marina-skyddsomraden-intervju\/","url":"https:\/\/www.deepseareporter.com\/sv\/bottentralning-i-marina-skyddsomraden-intervju\/","name":"Bottentr\u00e5lning i marina skyddsomr\u00e5den - Intervju - Deep Sea Reporter","isPartOf":{"@id":"https:\/\/www.deepseareporter.com\/#website"},"primaryImageOfPage":{"@id":"https:\/\/www.deepseareporter.com\/sv\/bottentralning-i-marina-skyddsomraden-intervju\/#primaryimage"},"image":{"@id":"https:\/\/www.deepseareporter.com\/sv\/bottentralning-i-marina-skyddsomraden-intervju\/#primaryimage"},"thumbnailUrl":"https:\/\/www.deepseareporter.com\/wp-content\/uploads\/2023\/03\/Mattias-Skold.jpg","datePublished":"2023-03-06T13:48:14+00:00","dateModified":"2025-06-03T08:09:54+00:00","description":"Mattias Sk\u00f6ld \u00e4r forskare p\u00e5 SLU Aqua i Lysekil. Han har varit med och filmat havsbottnen i marina skyddsomr\u00e5den, bland annat i Bratten, p\u00e5 uppdrag av Havs- och vattenmyndigheten (HaV).","breadcrumb":{"@id":"https:\/\/www.deepseareporter.com\/sv\/bottentralning-i-marina-skyddsomraden-intervju\/#breadcrumb"},"inLanguage":"sv-SE","potentialAction":[{"@type":"ReadAction","target":["https:\/\/www.deepseareporter.com\/sv\/bottentralning-i-marina-skyddsomraden-intervju\/"]}]},{"@type":"ImageObject","inLanguage":"sv-SE","@id":"https:\/\/www.deepseareporter.com\/sv\/bottentralning-i-marina-skyddsomraden-intervju\/#primaryimage","url":"https:\/\/www.deepseareporter.com\/wp-content\/uploads\/2023\/03\/Mattias-Skold.jpg","contentUrl":"https:\/\/www.deepseareporter.com\/wp-content\/uploads\/2023\/03\/Mattias-Skold.jpg","width":2000,"height":1097,"caption":"Screenshot"},{"@type":"BreadcrumbList","@id":"https:\/\/www.deepseareporter.com\/sv\/bottentralning-i-marina-skyddsomraden-intervju\/#breadcrumb","itemListElement":[{"@type":"ListItem","position":1,"name":"Hem","item":"https:\/\/www.deepseareporter.com\/sv\/"},{"@type":"ListItem","position":2,"name":"Bottentr\u00e5lning i marina skyddsomr\u00e5den &#8211; Intervju"}]},{"@type":"WebSite","@id":"https:\/\/www.deepseareporter.com\/#website","url":"https:\/\/www.deepseareporter.com\/","name":"Deep Sea Reporter","description":"Ett digitalt magasin om havet","publisher":{"@id":"https:\/\/www.deepseareporter.com\/#organization"},"potentialAction":[{"@type":"SearchAction","target":{"@type":"EntryPoint","urlTemplate":"https:\/\/www.deepseareporter.com\/?s={search_term_string}"},"query-input":{"@type":"PropertyValueSpecification","valueRequired":true,"valueName":"search_term_string"}}],"inLanguage":"sv-SE"},{"@type":"Organization","@id":"https:\/\/www.deepseareporter.com\/#organization","name":"Deep Sea Reporter","url":"https:\/\/www.deepseareporter.com\/","logo":{"@type":"ImageObject","inLanguage":"sv-SE","@id":"https:\/\/www.deepseareporter.com\/#\/schema\/logo\/image\/","url":"https:\/\/www.deepseareporter.com\/wp-content\/uploads\/2024\/10\/dsr-bla-ny-logga.svg","contentUrl":"https:\/\/www.deepseareporter.com\/wp-content\/uploads\/2024\/10\/dsr-bla-ny-logga.svg","width":834,"height":504,"caption":"Deep Sea Reporter"},"image":{"@id":"https:\/\/www.deepseareporter.com\/#\/schema\/logo\/image\/"}},{"@type":"Person","@id":"https:\/\/www.deepseareporter.com\/#\/schema\/person\/8440c67b5dda5c5ae6c70162fedbd434","name":"Lena Scherman"}]}},"_links":{"self":[{"href":"https:\/\/www.deepseareporter.com\/sv\/wp-json\/wp\/v2\/posts\/27242","targetHints":{"allow":["GET"]}}],"collection":[{"href":"https:\/\/www.deepseareporter.com\/sv\/wp-json\/wp\/v2\/posts"}],"about":[{"href":"https:\/\/www.deepseareporter.com\/sv\/wp-json\/wp\/v2\/types\/post"}],"author":[{"embeddable":true,"href":"https:\/\/www.deepseareporter.com\/sv\/wp-json\/wp\/v2\/users\/4"}],"replies":[{"embeddable":true,"href":"https:\/\/www.deepseareporter.com\/sv\/wp-json\/wp\/v2\/comments?post=27242"}],"version-history":[{"count":1,"href":"https:\/\/www.deepseareporter.com\/sv\/wp-json\/wp\/v2\/posts\/27242\/revisions"}],"predecessor-version":[{"id":40262,"href":"https:\/\/www.deepseareporter.com\/sv\/wp-json\/wp\/v2\/posts\/27242\/revisions\/40262"}],"wp:featuredmedia":[{"embeddable":true,"href":"https:\/\/www.deepseareporter.com\/sv\/wp-json\/wp\/v2\/media\/40259"}],"wp:attachment":[{"href":"https:\/\/www.deepseareporter.com\/sv\/wp-json\/wp\/v2\/media?parent=27242"}],"wp:term":[{"taxonomy":"category","embeddable":true,"href":"https:\/\/www.deepseareporter.com\/sv\/wp-json\/wp\/v2\/categories?post=27242"},{"taxonomy":"post_tag","embeddable":true,"href":"https:\/\/www.deepseareporter.com\/sv\/wp-json\/wp\/v2\/tags?post=27242"}],"curies":[{"name":"wp","href":"https:\/\/api.w.org\/{rel}","templated":true}]}}