{"id":27196,"date":"2023-03-02T10:07:39","date_gmt":"2023-03-02T09:07:39","guid":{"rendered":"https:\/\/www.deepseareporter.com\/?p=27196"},"modified":"2023-03-13T12:36:14","modified_gmt":"2023-03-13T11:36:14","slug":"alfiskestopp-nar-det-inte-fiskas-al","status":"publish","type":"post","link":"https:\/\/www.deepseareporter.com\/sv\/alfiskestopp-nar-det-inte-fiskas-al\/","title":{"rendered":"\u00c5lfiskestopp &#8211; n\u00e4r det inte fiskas \u00e5l"},"content":{"rendered":"\n<p><strong>Svenskt \u00e5lfiske stoppas helt kommande vinterhalv\u00e5r. St\u00f6rst p\u00e5verkan blir det i \u00d6resund, d\u00e4r \u00e5len under denna period brukar vandra f\u00f6rbi p\u00e5 v\u00e4g ut fr\u00e5n \u00d6stersj\u00f6n.<\/strong><\/p>\n\n\n\n<p>Stoppet g\u00e4ller fr\u00e5n den 1 oktober till 31 mars 2024 och beslutet fattas efter en ny EU-best\u00e4mmelse som inneb\u00e4r att \u00e5lfisket m\u00e5ste ligga nere i sex m\u00e5nader i st\u00e4llet f\u00f6r tidigare tre.<\/p>\n\n\n\n<p>Tidigare har det svenska fisket legat nere oktober till december. Att Havs- och vattenmyndigheten v\u00e4ljer att f\u00f6rl\u00e4nga fiskestoppet under januari till mars har kritiserats av V\u00e4rldsnaturfonden WWF, eftersom det knappt fiskas n\u00e5gon \u00e5l d\u00e5.<\/p>\n\n\n\n<p>&#8211; WWF hade hellre sett ett stopp under augusti\u2013september, n\u00e4r det fiskas mest.<\/p>\n\n\n\n<p>Inger Dahlgren, chef f\u00f6r Havs- och vattenmyndighetens fiskeregleringsenhet, anser att oktober till december \u00e4r de mest v\u00e4sentliga m\u00e5naderna f\u00f6r att skydda vandrande \u00e5l fr\u00e5n att fiskas upp, s\u00e5 att de f\u00e5r fri passage till Skagerrak och Kattegatt d\u00e4r det \u00e4r helt f\u00f6rbjudet att fiska \u00e5l.<\/p>\n\n\n\n<p>Hon h\u00e5ller med WWF:s bed\u00f6mning att mest \u00e5lfiske i svenska vatten bedrivs i augusti-september. Men varf\u00f6r d\u00e5 inte f\u00f6rl\u00e4nga stoppet under den perioden i st\u00e4llet f\u00f6r januari till mars?<\/p>\n\n\n\n<p>&#8211; Vi bed\u00f6mer att vi kan till\u00e5ta ett visst fiske inom ramen f\u00f6r en l\u00e5ngsiktigt h\u00e5llbar f\u00f6rvaltning och det \u00e4r avv\u00e4gningar som vi beh\u00f6ver g\u00f6ra, s\u00e4ger hon och till\u00e4gger att det svenska \u00e5lfisket har minskat med \u00f6ver 95 procent sedan 2007.<\/p>\n\n\n\n<p>I sin bed\u00f6mning har myndigheten v\u00e4gt ihop ekologiska, ekonomiska och sociala faktorer, framh\u00e5ller hon.<\/p>\n\n\n\n<p><\/p>\n","protected":false},"excerpt":{"rendered":"<p>Svenskt \u00e5lfiske stoppas helt kommande vinterhalv\u00e5r. St\u00f6rst p\u00e5verkan blir det i \u00d6resund, d\u00e4r \u00e5len under denna period brukar vandra f\u00f6rbi p\u00e5 v\u00e4g ut fr\u00e5n \u00d6stersj\u00f6n.<\/p>\n","protected":false},"author":4,"featured_media":27199,"comment_status":"closed","ping_status":"closed","sticky":false,"template":"","format":"standard","meta":{"_acf_changed":false,"footnotes":""},"categories":[235],"tags":[1194,1195,1196],"class_list":["post-27196","post","type-post","status-publish","format-standard","has-post-thumbnail","hentry","category-fiske","tag-alfiske-2","tag-fiskestopp","tag-ostersjon-3"],"acf":[],"yoast_head":"<!-- This site is optimized with the Yoast SEO Premium plugin v27.0 (Yoast SEO v27.0) - https:\/\/yoast.com\/product\/yoast-seo-premium-wordpress\/ -->\n<title>\u00c5lfiskestopp - n\u00e4r det inte fiskas \u00e5l - Deep Sea Reporter<\/title>\n<meta name=\"description\" content=\"Svenskt \u00e5lfiske stoppas helt kommande vinterhalv\u00e5r. St\u00f6rst p\u00e5verkan blir det i \u00d6resund, d\u00e4r \u00e5len under denna period brukar vandra f\u00f6rbi p\u00e5 v\u00e4g ut fr\u00e5n \u00d6stersj\u00f6n.\" \/>\n<meta name=\"robots\" content=\"index, follow, max-snippet:-1, max-image-preview:large, max-video-preview:-1\" \/>\n<link rel=\"canonical\" href=\"https:\/\/www.deepseareporter.com\/sv\/alfiskestopp-nar-det-inte-fiskas-al\/\" \/>\n<meta property=\"og:locale\" content=\"sv_SE\" \/>\n<meta property=\"og:type\" content=\"article\" \/>\n<meta property=\"og:title\" content=\"\u00c5lfiskestopp - n\u00e4r det inte fiskas \u00e5l - Deep Sea Reporter\" \/>\n<meta property=\"og:description\" content=\"Svenskt \u00e5lfiske stoppas helt kommande vinterhalv\u00e5r. St\u00f6rst p\u00e5verkan blir det i \u00d6resund, d\u00e4r \u00e5len under denna period brukar vandra f\u00f6rbi p\u00e5 v\u00e4g ut fr\u00e5n \u00d6stersj\u00f6n.\" \/>\n<meta property=\"og:url\" content=\"https:\/\/www.deepseareporter.com\/sv\/alfiskestopp-nar-det-inte-fiskas-al\/\" \/>\n<meta property=\"og:site_name\" content=\"Deep Sea Reporter\" \/>\n<meta property=\"article:published_time\" content=\"2023-03-02T09:07:39+00:00\" \/>\n<meta property=\"article:modified_time\" content=\"2023-03-13T11:36:14+00:00\" \/>\n<meta property=\"og:image\" content=\"https:\/\/www.deepseareporter.com\/wp-content\/uploads\/2023\/03\/230301-alfiske-9dd5970b-a001nh-scaled.jpg\" \/>\n\t<meta property=\"og:image:width\" content=\"2560\" \/>\n\t<meta property=\"og:image:height\" content=\"1704\" \/>\n\t<meta property=\"og:image:type\" content=\"image\/jpeg\" \/>\n<meta name=\"author\" content=\"Lena Scherman\" \/>\n<meta name=\"twitter:card\" content=\"summary_large_image\" \/>\n<meta name=\"twitter:label1\" content=\"Skriven av\" \/>\n\t<meta name=\"twitter:data1\" content=\"Lena Scherman\" \/>\n\t<meta name=\"twitter:label2\" content=\"Ber\u00e4knad l\u00e4stid\" \/>\n\t<meta name=\"twitter:data2\" content=\"2 minuter\" \/>\n<script type=\"application\/ld+json\" class=\"yoast-schema-graph\">{\"@context\":\"https:\/\/schema.org\",\"@graph\":[{\"@type\":\"Article\",\"@id\":\"https:\/\/www.deepseareporter.com\/sv\/alfiskestopp-nar-det-inte-fiskas-al\/#article\",\"isPartOf\":{\"@id\":\"https:\/\/www.deepseareporter.com\/sv\/alfiskestopp-nar-det-inte-fiskas-al\/\"},\"author\":{\"name\":\"Lena Scherman\",\"@id\":\"https:\/\/www.deepseareporter.com\/#\/schema\/person\/8440c67b5dda5c5ae6c70162fedbd434\"},\"headline\":\"\u00c5lfiskestopp &#8211; n\u00e4r det inte fiskas \u00e5l\",\"datePublished\":\"2023-03-02T09:07:39+00:00\",\"dateModified\":\"2023-03-13T11:36:14+00:00\",\"mainEntityOfPage\":{\"@id\":\"https:\/\/www.deepseareporter.com\/sv\/alfiskestopp-nar-det-inte-fiskas-al\/\"},\"wordCount\":289,\"publisher\":{\"@id\":\"https:\/\/www.deepseareporter.com\/#organization\"},\"image\":{\"@id\":\"https:\/\/www.deepseareporter.com\/sv\/alfiskestopp-nar-det-inte-fiskas-al\/#primaryimage\"},\"thumbnailUrl\":\"https:\/\/www.deepseareporter.com\/wp-content\/uploads\/2023\/03\/230301-alfiske-9dd5970b-a001nh-scaled.jpg\",\"keywords\":[\"\u00e5lfiske\",\"fiskestopp\",\"\u00f6stersj\u00f6n\"],\"articleSection\":[\"Fiske\"],\"inLanguage\":\"sv-SE\"},{\"@type\":\"WebPage\",\"@id\":\"https:\/\/www.deepseareporter.com\/sv\/alfiskestopp-nar-det-inte-fiskas-al\/\",\"url\":\"https:\/\/www.deepseareporter.com\/sv\/alfiskestopp-nar-det-inte-fiskas-al\/\",\"name\":\"\u00c5lfiskestopp - n\u00e4r det inte fiskas \u00e5l - Deep Sea Reporter\",\"isPartOf\":{\"@id\":\"https:\/\/www.deepseareporter.com\/#website\"},\"primaryImageOfPage\":{\"@id\":\"https:\/\/www.deepseareporter.com\/sv\/alfiskestopp-nar-det-inte-fiskas-al\/#primaryimage\"},\"image\":{\"@id\":\"https:\/\/www.deepseareporter.com\/sv\/alfiskestopp-nar-det-inte-fiskas-al\/#primaryimage\"},\"thumbnailUrl\":\"https:\/\/www.deepseareporter.com\/wp-content\/uploads\/2023\/03\/230301-alfiske-9dd5970b-a001nh-scaled.jpg\",\"datePublished\":\"2023-03-02T09:07:39+00:00\",\"dateModified\":\"2023-03-13T11:36:14+00:00\",\"description\":\"Svenskt \u00e5lfiske stoppas helt kommande vinterhalv\u00e5r. St\u00f6rst p\u00e5verkan blir det i \u00d6resund, d\u00e4r \u00e5len under denna period brukar vandra f\u00f6rbi p\u00e5 v\u00e4g ut fr\u00e5n \u00d6stersj\u00f6n.\",\"breadcrumb\":{\"@id\":\"https:\/\/www.deepseareporter.com\/sv\/alfiskestopp-nar-det-inte-fiskas-al\/#breadcrumb\"},\"inLanguage\":\"sv-SE\",\"potentialAction\":[{\"@type\":\"ReadAction\",\"target\":[\"https:\/\/www.deepseareporter.com\/sv\/alfiskestopp-nar-det-inte-fiskas-al\/\"]}]},{\"@type\":\"ImageObject\",\"inLanguage\":\"sv-SE\",\"@id\":\"https:\/\/www.deepseareporter.com\/sv\/alfiskestopp-nar-det-inte-fiskas-al\/#primaryimage\",\"url\":\"https:\/\/www.deepseareporter.com\/wp-content\/uploads\/2023\/03\/230301-alfiske-9dd5970b-a001nh-scaled.jpg\",\"contentUrl\":\"https:\/\/www.deepseareporter.com\/wp-content\/uploads\/2023\/03\/230301-alfiske-9dd5970b-a001nh-scaled.jpg\",\"width\":2560,\"height\":1704,\"caption\":\"JULEBODA 2017-09-21 \u00c5lfiskaren Sven-Erik Tenghagen i Juleboda utanf\u00f6r Maglehem, Kristianstads kommun, ang\u00e5ende EU-kommissionens f\u00f6rslag till att stoppa \u00e5lfisket i \u00d6stersj\u00f6n under 2018. Foto: Emil Langvad \/ TT \/ kod 9290\"},{\"@type\":\"BreadcrumbList\",\"@id\":\"https:\/\/www.deepseareporter.com\/sv\/alfiskestopp-nar-det-inte-fiskas-al\/#breadcrumb\",\"itemListElement\":[{\"@type\":\"ListItem\",\"position\":1,\"name\":\"Hem\",\"item\":\"https:\/\/www.deepseareporter.com\/sv\/\"},{\"@type\":\"ListItem\",\"position\":2,\"name\":\"\u00c5lfiskestopp &#8211; n\u00e4r det inte fiskas \u00e5l\"}]},{\"@type\":\"WebSite\",\"@id\":\"https:\/\/www.deepseareporter.com\/#website\",\"url\":\"https:\/\/www.deepseareporter.com\/\",\"name\":\"Deep Sea Reporter\",\"description\":\"Ett digitalt magasin om havet\",\"publisher\":{\"@id\":\"https:\/\/www.deepseareporter.com\/#organization\"},\"potentialAction\":[{\"@type\":\"SearchAction\",\"target\":{\"@type\":\"EntryPoint\",\"urlTemplate\":\"https:\/\/www.deepseareporter.com\/?s={search_term_string}\"},\"query-input\":{\"@type\":\"PropertyValueSpecification\",\"valueRequired\":true,\"valueName\":\"search_term_string\"}}],\"inLanguage\":\"sv-SE\"},{\"@type\":\"Organization\",\"@id\":\"https:\/\/www.deepseareporter.com\/#organization\",\"name\":\"Deep Sea Reporter\",\"url\":\"https:\/\/www.deepseareporter.com\/\",\"logo\":{\"@type\":\"ImageObject\",\"inLanguage\":\"sv-SE\",\"@id\":\"https:\/\/www.deepseareporter.com\/#\/schema\/logo\/image\/\",\"url\":\"https:\/\/www.deepseareporter.com\/wp-content\/uploads\/2024\/10\/dsr-bla-ny-logga.svg\",\"contentUrl\":\"https:\/\/www.deepseareporter.com\/wp-content\/uploads\/2024\/10\/dsr-bla-ny-logga.svg\",\"width\":834,\"height\":504,\"caption\":\"Deep Sea Reporter\"},\"image\":{\"@id\":\"https:\/\/www.deepseareporter.com\/#\/schema\/logo\/image\/\"}},{\"@type\":\"Person\",\"@id\":\"https:\/\/www.deepseareporter.com\/#\/schema\/person\/8440c67b5dda5c5ae6c70162fedbd434\",\"name\":\"Lena Scherman\"}]}<\/script>\n<!-- \/ Yoast SEO Premium plugin. -->","yoast_head_json":{"title":"\u00c5lfiskestopp - n\u00e4r det inte fiskas \u00e5l - Deep Sea Reporter","description":"Svenskt \u00e5lfiske stoppas helt kommande vinterhalv\u00e5r. St\u00f6rst p\u00e5verkan blir det i \u00d6resund, d\u00e4r \u00e5len under denna period brukar vandra f\u00f6rbi p\u00e5 v\u00e4g ut fr\u00e5n \u00d6stersj\u00f6n.","robots":{"index":"index","follow":"follow","max-snippet":"max-snippet:-1","max-image-preview":"max-image-preview:large","max-video-preview":"max-video-preview:-1"},"canonical":"https:\/\/www.deepseareporter.com\/sv\/alfiskestopp-nar-det-inte-fiskas-al\/","og_locale":"sv_SE","og_type":"article","og_title":"\u00c5lfiskestopp - n\u00e4r det inte fiskas \u00e5l - Deep Sea Reporter","og_description":"Svenskt \u00e5lfiske stoppas helt kommande vinterhalv\u00e5r. St\u00f6rst p\u00e5verkan blir det i \u00d6resund, d\u00e4r \u00e5len under denna period brukar vandra f\u00f6rbi p\u00e5 v\u00e4g ut fr\u00e5n \u00d6stersj\u00f6n.","og_url":"https:\/\/www.deepseareporter.com\/sv\/alfiskestopp-nar-det-inte-fiskas-al\/","og_site_name":"Deep Sea Reporter","article_published_time":"2023-03-02T09:07:39+00:00","article_modified_time":"2023-03-13T11:36:14+00:00","og_image":[{"width":2560,"height":1704,"url":"https:\/\/www.deepseareporter.com\/wp-content\/uploads\/2023\/03\/230301-alfiske-9dd5970b-a001nh-scaled.jpg","type":"image\/jpeg"}],"author":"Lena Scherman","twitter_card":"summary_large_image","twitter_misc":{"Skriven av":"Lena Scherman","Ber\u00e4knad l\u00e4stid":"2 minuter"},"schema":{"@context":"https:\/\/schema.org","@graph":[{"@type":"Article","@id":"https:\/\/www.deepseareporter.com\/sv\/alfiskestopp-nar-det-inte-fiskas-al\/#article","isPartOf":{"@id":"https:\/\/www.deepseareporter.com\/sv\/alfiskestopp-nar-det-inte-fiskas-al\/"},"author":{"name":"Lena Scherman","@id":"https:\/\/www.deepseareporter.com\/#\/schema\/person\/8440c67b5dda5c5ae6c70162fedbd434"},"headline":"\u00c5lfiskestopp &#8211; n\u00e4r det inte fiskas \u00e5l","datePublished":"2023-03-02T09:07:39+00:00","dateModified":"2023-03-13T11:36:14+00:00","mainEntityOfPage":{"@id":"https:\/\/www.deepseareporter.com\/sv\/alfiskestopp-nar-det-inte-fiskas-al\/"},"wordCount":289,"publisher":{"@id":"https:\/\/www.deepseareporter.com\/#organization"},"image":{"@id":"https:\/\/www.deepseareporter.com\/sv\/alfiskestopp-nar-det-inte-fiskas-al\/#primaryimage"},"thumbnailUrl":"https:\/\/www.deepseareporter.com\/wp-content\/uploads\/2023\/03\/230301-alfiske-9dd5970b-a001nh-scaled.jpg","keywords":["\u00e5lfiske","fiskestopp","\u00f6stersj\u00f6n"],"articleSection":["Fiske"],"inLanguage":"sv-SE"},{"@type":"WebPage","@id":"https:\/\/www.deepseareporter.com\/sv\/alfiskestopp-nar-det-inte-fiskas-al\/","url":"https:\/\/www.deepseareporter.com\/sv\/alfiskestopp-nar-det-inte-fiskas-al\/","name":"\u00c5lfiskestopp - n\u00e4r det inte fiskas \u00e5l - Deep Sea Reporter","isPartOf":{"@id":"https:\/\/www.deepseareporter.com\/#website"},"primaryImageOfPage":{"@id":"https:\/\/www.deepseareporter.com\/sv\/alfiskestopp-nar-det-inte-fiskas-al\/#primaryimage"},"image":{"@id":"https:\/\/www.deepseareporter.com\/sv\/alfiskestopp-nar-det-inte-fiskas-al\/#primaryimage"},"thumbnailUrl":"https:\/\/www.deepseareporter.com\/wp-content\/uploads\/2023\/03\/230301-alfiske-9dd5970b-a001nh-scaled.jpg","datePublished":"2023-03-02T09:07:39+00:00","dateModified":"2023-03-13T11:36:14+00:00","description":"Svenskt \u00e5lfiske stoppas helt kommande vinterhalv\u00e5r. St\u00f6rst p\u00e5verkan blir det i \u00d6resund, d\u00e4r \u00e5len under denna period brukar vandra f\u00f6rbi p\u00e5 v\u00e4g ut fr\u00e5n \u00d6stersj\u00f6n.","breadcrumb":{"@id":"https:\/\/www.deepseareporter.com\/sv\/alfiskestopp-nar-det-inte-fiskas-al\/#breadcrumb"},"inLanguage":"sv-SE","potentialAction":[{"@type":"ReadAction","target":["https:\/\/www.deepseareporter.com\/sv\/alfiskestopp-nar-det-inte-fiskas-al\/"]}]},{"@type":"ImageObject","inLanguage":"sv-SE","@id":"https:\/\/www.deepseareporter.com\/sv\/alfiskestopp-nar-det-inte-fiskas-al\/#primaryimage","url":"https:\/\/www.deepseareporter.com\/wp-content\/uploads\/2023\/03\/230301-alfiske-9dd5970b-a001nh-scaled.jpg","contentUrl":"https:\/\/www.deepseareporter.com\/wp-content\/uploads\/2023\/03\/230301-alfiske-9dd5970b-a001nh-scaled.jpg","width":2560,"height":1704,"caption":"JULEBODA 2017-09-21 \u00c5lfiskaren Sven-Erik Tenghagen i Juleboda utanf\u00f6r Maglehem, Kristianstads kommun, ang\u00e5ende EU-kommissionens f\u00f6rslag till att stoppa \u00e5lfisket i \u00d6stersj\u00f6n under 2018. Foto: Emil Langvad \/ TT \/ kod 9290"},{"@type":"BreadcrumbList","@id":"https:\/\/www.deepseareporter.com\/sv\/alfiskestopp-nar-det-inte-fiskas-al\/#breadcrumb","itemListElement":[{"@type":"ListItem","position":1,"name":"Hem","item":"https:\/\/www.deepseareporter.com\/sv\/"},{"@type":"ListItem","position":2,"name":"\u00c5lfiskestopp &#8211; n\u00e4r det inte fiskas \u00e5l"}]},{"@type":"WebSite","@id":"https:\/\/www.deepseareporter.com\/#website","url":"https:\/\/www.deepseareporter.com\/","name":"Deep Sea Reporter","description":"Ett digitalt magasin om havet","publisher":{"@id":"https:\/\/www.deepseareporter.com\/#organization"},"potentialAction":[{"@type":"SearchAction","target":{"@type":"EntryPoint","urlTemplate":"https:\/\/www.deepseareporter.com\/?s={search_term_string}"},"query-input":{"@type":"PropertyValueSpecification","valueRequired":true,"valueName":"search_term_string"}}],"inLanguage":"sv-SE"},{"@type":"Organization","@id":"https:\/\/www.deepseareporter.com\/#organization","name":"Deep Sea Reporter","url":"https:\/\/www.deepseareporter.com\/","logo":{"@type":"ImageObject","inLanguage":"sv-SE","@id":"https:\/\/www.deepseareporter.com\/#\/schema\/logo\/image\/","url":"https:\/\/www.deepseareporter.com\/wp-content\/uploads\/2024\/10\/dsr-bla-ny-logga.svg","contentUrl":"https:\/\/www.deepseareporter.com\/wp-content\/uploads\/2024\/10\/dsr-bla-ny-logga.svg","width":834,"height":504,"caption":"Deep Sea Reporter"},"image":{"@id":"https:\/\/www.deepseareporter.com\/#\/schema\/logo\/image\/"}},{"@type":"Person","@id":"https:\/\/www.deepseareporter.com\/#\/schema\/person\/8440c67b5dda5c5ae6c70162fedbd434","name":"Lena Scherman"}]}},"_links":{"self":[{"href":"https:\/\/www.deepseareporter.com\/sv\/wp-json\/wp\/v2\/posts\/27196","targetHints":{"allow":["GET"]}}],"collection":[{"href":"https:\/\/www.deepseareporter.com\/sv\/wp-json\/wp\/v2\/posts"}],"about":[{"href":"https:\/\/www.deepseareporter.com\/sv\/wp-json\/wp\/v2\/types\/post"}],"author":[{"embeddable":true,"href":"https:\/\/www.deepseareporter.com\/sv\/wp-json\/wp\/v2\/users\/4"}],"replies":[{"embeddable":true,"href":"https:\/\/www.deepseareporter.com\/sv\/wp-json\/wp\/v2\/comments?post=27196"}],"version-history":[{"count":0,"href":"https:\/\/www.deepseareporter.com\/sv\/wp-json\/wp\/v2\/posts\/27196\/revisions"}],"wp:featuredmedia":[{"embeddable":true,"href":"https:\/\/www.deepseareporter.com\/sv\/wp-json\/wp\/v2\/media\/27199"}],"wp:attachment":[{"href":"https:\/\/www.deepseareporter.com\/sv\/wp-json\/wp\/v2\/media?parent=27196"}],"wp:term":[{"taxonomy":"category","embeddable":true,"href":"https:\/\/www.deepseareporter.com\/sv\/wp-json\/wp\/v2\/categories?post=27196"},{"taxonomy":"post_tag","embeddable":true,"href":"https:\/\/www.deepseareporter.com\/sv\/wp-json\/wp\/v2\/tags?post=27196"}],"curies":[{"name":"wp","href":"https:\/\/api.w.org\/{rel}","templated":true}]}}